{"id":78396,"date":"2021-05-20T01:02:28","date_gmt":"2021-05-20T04:02:28","guid":{"rendered":"http:\/\/infoecos.com.ar\/?p=78396"},"modified":"2021-05-23T01:43:29","modified_gmt":"2021-05-23T04:43:29","slug":"diputados-aprobo-y-ahora-al-senado-las-paso-el-12-de-septiembre-y-las-generales-el-14-de-noviembre","status":"publish","type":"post","link":"https:\/\/infoecos.com.ar\/index.php\/diputados-aprobo-y-ahora-al-senado-las-paso-el-12-de-septiembre-y-las-generales-el-14-de-noviembre\/","title":{"rendered":"Diputados aprob\u00f3 y ahora al Senado: las PASO el 12 de Septiembre y las generales el 14 de Noviembre"},"content":{"rendered":"\n<p class=\"wp-block-paragraph\">La C\u00e1mara de Diputados aprob\u00f3 por 223 votos a favor contra tres rechazos y ocho abstenciones y gir\u00f3 al Senado<strong>&nbsp;<\/strong>un proyecto consensuado entre el Frente de Todos y Juntos por el Cambio&nbsp;para postergar por un mes las Primarias Abiertas, Simult\u00e1neas y Obligatorias (PASO) y las elecciones legislativas, debido a la segunda ola de contagios de coronavirus.<\/p>\n\n\n\n<div class=\"wp-block-image\"><figure class=\"aligncenter size-medium\"><img loading=\"lazy\" decoding=\"async\" width=\"460\" height=\"259\" src=\"http:\/\/infoecos.com.ar\/wp-content\/uploads\/2021\/05\/diputadospasoelec-460x259.jpg\" alt=\"\" class=\"wp-image-78397\" srcset=\"https:\/\/infoecos.com.ar\/wp-content\/uploads\/2021\/05\/diputadospasoelec-460x259.jpg 460w, https:\/\/infoecos.com.ar\/wp-content\/uploads\/2021\/05\/diputadospasoelec-920x518.jpg 920w, https:\/\/infoecos.com.ar\/wp-content\/uploads\/2021\/05\/diputadospasoelec-768x432.jpg 768w, https:\/\/infoecos.com.ar\/wp-content\/uploads\/2021\/05\/diputadospasoelec.jpg 1004w\" sizes=\"auto, (max-width: 460px) 100vw, 460px\" \/><\/figure><\/div>\n\n\n\n<p class=\"wp-block-paragraph\">El proyecto, que deber\u00e1 ser analizado ahora por el Senado, establece que se trasladan las PASO del 8 de agosto al 12 de septiembre y las generales del 24 de octubre al 14 de noviembre, en la cual se elegir\u00e1n 127 diputados y 24 senadores.<\/p>\n\n\n\n<p class=\"wp-block-paragraph\">La iniciativa se aprob\u00f3 por 223 votos&nbsp;que fueron aportados por el Frente de Todos, Juntos por el Cambio -aunque algunos se abstuvieron- y los interbloques de Unidad Federal para el Desarrollo y el Interbloque Federal.<\/p>\n\n\n\n<p class=\"wp-block-paragraph\">El diputado de izquierda Juan Carlos Giordano, el radical \u00c1lvaro de Lamadrid y el macrista Fernando Iglesias votaron en contra.<\/p>\n\n\n\n<p class=\"wp-block-paragraph\">Se abstuvieron los diputados del Partido Social para la Justicia, Beatriz Avila, de Juntos por el Cambio Graciela Oca\u00f1a, Alejandro Cacace, Hector Baldassi, Mario Arce, Mart\u00edn Grande, H\u00e9ctor Stefani, y de la izquierda Nicolas del Ca\u00f1o.<\/p>\n","protected":false},"excerpt":{"rendered":"<p>La iniciativa se aprob\u00f3 por 223 votos que fueron aportados por el Frente de Todos, Juntos por el Cambio -aunque algunos se abstuvieron- y los interbloques de Unidad Federal para el Desarrollo y el Interbloque Federal<\/p>\n","protected":false},"author":2,"featured_media":78397,"comment_status":"closed","ping_status":"open","sticky":false,"template":"","format":"standard","meta":{"footnotes":""},"categories":[1335],"tags":[155],"class_list":["post-78396","post","type-post","status-publish","format-standard","has-post-thumbnail","hentry","category-inferior15","tag-politica"],"featured_image_urls":{"full":["https:\/\/infoecos.com.ar\/wp-content\/uploads\/2021\/05\/diputadospasoelec.jpg",1004,565,false],"thumbnail":["https:\/\/infoecos.com.ar\/wp-content\/uploads\/2021\/05\/diputadospasoelec-150x150.jpg",150,150,true],"medium":["https:\/\/infoecos.com.ar\/wp-content\/uploads\/2021\/05\/diputadospasoelec-460x259.jpg",460,259,true],"medium_large":["https:\/\/infoecos.com.ar\/wp-content\/uploads\/2021\/05\/diputadospasoelec-768x432.jpg",640,360,true],"large":["https:\/\/infoecos.com.ar\/wp-content\/uploads\/2021\/05\/diputadospasoelec-920x518.jpg",640,360,true],"1536x1536":["https:\/\/infoecos.com.ar\/wp-content\/uploads\/2021\/05\/diputadospasoelec.jpg",1004,565,false],"2048x2048":["https:\/\/infoecos.com.ar\/wp-content\/uploads\/2021\/05\/diputadospasoelec.jpg",1004,565,false],"covernews-slider-full":["https:\/\/infoecos.com.ar\/wp-content\/uploads\/2021\/05\/diputadospasoelec.jpg",1004,565,false],"covernews-slider-center":["https:\/\/infoecos.com.ar\/wp-content\/uploads\/2021\/05\/diputadospasoelec-936x565.jpg",800,483,true],"covernews-featured":["https:\/\/infoecos.com.ar\/wp-content\/uploads\/2021\/05\/diputadospasoelec.jpg",1004,565,false],"covernews-medium":["https:\/\/infoecos.com.ar\/wp-content\/uploads\/2021\/05\/diputadospasoelec-720x380.jpg",540,285,true],"covernews-medium-square":["https:\/\/infoecos.com.ar\/wp-content\/uploads\/2021\/05\/diputadospasoelec-675x450.jpg",375,250,true]},"author_info":{"info":["Jorge Matheus"]},"category_info":"<a href=\"https:\/\/infoecos.com.ar\/index.php\/category\/inferior15\/\" rel=\"category tag\">Bloque inferior - 15<\/a>","tag_info":"Bloque inferior - 15","comment_count":"0","_links":{"self":[{"href":"https:\/\/infoecos.com.ar\/index.php\/wp-json\/wp\/v2\/posts\/78396","targetHints":{"allow":["GET"]}}],"collection":[{"href":"https:\/\/infoecos.com.ar\/index.php\/wp-json\/wp\/v2\/posts"}],"about":[{"href":"https:\/\/infoecos.com.ar\/index.php\/wp-json\/wp\/v2\/types\/post"}],"author":[{"embeddable":true,"href":"https:\/\/infoecos.com.ar\/index.php\/wp-json\/wp\/v2\/users\/2"}],"replies":[{"embeddable":true,"href":"https:\/\/infoecos.com.ar\/index.php\/wp-json\/wp\/v2\/comments?post=78396"}],"version-history":[{"count":2,"href":"https:\/\/infoecos.com.ar\/index.php\/wp-json\/wp\/v2\/posts\/78396\/revisions"}],"predecessor-version":[{"id":78596,"href":"https:\/\/infoecos.com.ar\/index.php\/wp-json\/wp\/v2\/posts\/78396\/revisions\/78596"}],"wp:featuredmedia":[{"embeddable":true,"href":"https:\/\/infoecos.com.ar\/index.php\/wp-json\/wp\/v2\/media\/78397"}],"wp:attachment":[{"href":"https:\/\/infoecos.com.ar\/index.php\/wp-json\/wp\/v2\/media?parent=78396"}],"wp:term":[{"taxonomy":"category","embeddable":true,"href":"https:\/\/infoecos.com.ar\/index.php\/wp-json\/wp\/v2\/categories?post=78396"},{"taxonomy":"post_tag","embeddable":true,"href":"https:\/\/infoecos.com.ar\/index.php\/wp-json\/wp\/v2\/tags?post=78396"}],"curies":[{"name":"wp","href":"https:\/\/api.w.org\/{rel}","templated":true}]}}