{"id":78400,"date":"2021-05-20T01:06:02","date_gmt":"2021-05-20T04:06:02","guid":{"rendered":"http:\/\/infoecos.com.ar\/?p=78400"},"modified":"2021-05-23T01:43:04","modified_gmt":"2021-05-23T04:43:04","slug":"crece-la-ocupacion-de-camas-de-terapia-intensiva-por-parte-de-jovenes-y-embarazadas","status":"publish","type":"post","link":"https:\/\/infoecos.com.ar\/index.php\/crece-la-ocupacion-de-camas-de-terapia-intensiva-por-parte-de-jovenes-y-embarazadas\/","title":{"rendered":"Crece la ocupaci\u00f3n de camas de terapia intensiva por parte de j\u00f3venes y embarazadas"},"content":{"rendered":"\n<p class=\"wp-block-paragraph\">Directoras de hospitales p\u00fablicos bonaerenses de La Plata reclamaron a la poblaci\u00f3n extremar las medidas de cuidado frente al aumento de casos de coronavirus y advirtieron que, a diferencia de la primera ola, las camas de las Unidades de Terapia Intensiva (UTI) \u00abse ocupan de j\u00f3venes y mujeres embarazadas\u00bb.<\/p>\n\n\n\n<p class=\"wp-block-paragraph\">As\u00ed lo hicieron&nbsp;<strong>Cecilia Jaschek del Hospital Rossi; Graciela Ramos del San Mart\u00edn; Noem\u00ed Logiurato del San Juan de Dios; Josefina Saintout del San Roque y Liliana Fishkel, del Hospital de Ni\u00f1os de La Plata.<\/strong><\/p>\n\n\n\n<p class=\"wp-block-paragraph\">Durante una conferencia de prensa, las m\u00e9dicas trazaron un panorama de la situaci\u00f3n epidemiol\u00f3gica en La Plata y la ocupaci\u00f3n de camas UTI de los principales cinco hospitales p\u00fablicos ubicados en la capital provincial, que ronda el 80%.<\/p>\n\n\n\n<p class=\"wp-block-paragraph\">Adem\u00e1s, advirtieron que&nbsp;<strong>\u00abcada vez m\u00e1s se ve que las camas cr\u00edticas son ocupadas por gente joven y mujeres embarazadas\u00bb<\/strong>.<\/p>\n\n\n\n<p class=\"wp-block-paragraph\"><strong>Fuente: telam.com.ar<\/strong><\/p>\n","protected":false},"excerpt":{"rendered":"<p>Directoras de hospitales p\u00fablicos de La Plata reclamaron a la poblaci\u00f3n extremar las medidas de cuidado frente al aumento de casos de coronavirus<\/p>\n","protected":false},"author":2,"featured_media":78401,"comment_status":"closed","ping_status":"open","sticky":false,"template":"","format":"standard","meta":{"footnotes":""},"categories":[1334],"tags":[156],"class_list":["post-78400","post","type-post","status-publish","format-standard","has-post-thumbnail","hentry","category-inferior14","tag-salud"],"featured_image_urls":{"full":["https:\/\/infoecos.com.ar\/wp-content\/uploads\/2021\/05\/HOSPITALES.jpg",1004,565,false],"thumbnail":["https:\/\/infoecos.com.ar\/wp-content\/uploads\/2021\/05\/HOSPITALES-150x150.jpg",150,150,true],"medium":["https:\/\/infoecos.com.ar\/wp-content\/uploads\/2021\/05\/HOSPITALES-460x259.jpg",460,259,true],"medium_large":["https:\/\/infoecos.com.ar\/wp-content\/uploads\/2021\/05\/HOSPITALES-768x432.jpg",640,360,true],"large":["https:\/\/infoecos.com.ar\/wp-content\/uploads\/2021\/05\/HOSPITALES-920x518.jpg",640,360,true],"1536x1536":["https:\/\/infoecos.com.ar\/wp-content\/uploads\/2021\/05\/HOSPITALES.jpg",1004,565,false],"2048x2048":["https:\/\/infoecos.com.ar\/wp-content\/uploads\/2021\/05\/HOSPITALES.jpg",1004,565,false],"covernews-slider-full":["https:\/\/infoecos.com.ar\/wp-content\/uploads\/2021\/05\/HOSPITALES.jpg",1004,565,false],"covernews-slider-center":["https:\/\/infoecos.com.ar\/wp-content\/uploads\/2021\/05\/HOSPITALES-936x565.jpg",800,483,true],"covernews-featured":["https:\/\/infoecos.com.ar\/wp-content\/uploads\/2021\/05\/HOSPITALES.jpg",1004,565,false],"covernews-medium":["https:\/\/infoecos.com.ar\/wp-content\/uploads\/2021\/05\/HOSPITALES-720x380.jpg",540,285,true],"covernews-medium-square":["https:\/\/infoecos.com.ar\/wp-content\/uploads\/2021\/05\/HOSPITALES-675x450.jpg",375,250,true]},"author_info":{"info":["Jorge Matheus"]},"category_info":"<a href=\"https:\/\/infoecos.com.ar\/index.php\/category\/inferior14\/\" rel=\"category tag\">Bloque inferior - 14<\/a>","tag_info":"Bloque inferior - 14","comment_count":"0","_links":{"self":[{"href":"https:\/\/infoecos.com.ar\/index.php\/wp-json\/wp\/v2\/posts\/78400","targetHints":{"allow":["GET"]}}],"collection":[{"href":"https:\/\/infoecos.com.ar\/index.php\/wp-json\/wp\/v2\/posts"}],"about":[{"href":"https:\/\/infoecos.com.ar\/index.php\/wp-json\/wp\/v2\/types\/post"}],"author":[{"embeddable":true,"href":"https:\/\/infoecos.com.ar\/index.php\/wp-json\/wp\/v2\/users\/2"}],"replies":[{"embeddable":true,"href":"https:\/\/infoecos.com.ar\/index.php\/wp-json\/wp\/v2\/comments?post=78400"}],"version-history":[{"count":2,"href":"https:\/\/infoecos.com.ar\/index.php\/wp-json\/wp\/v2\/posts\/78400\/revisions"}],"predecessor-version":[{"id":78595,"href":"https:\/\/infoecos.com.ar\/index.php\/wp-json\/wp\/v2\/posts\/78400\/revisions\/78595"}],"wp:featuredmedia":[{"embeddable":true,"href":"https:\/\/infoecos.com.ar\/index.php\/wp-json\/wp\/v2\/media\/78401"}],"wp:attachment":[{"href":"https:\/\/infoecos.com.ar\/index.php\/wp-json\/wp\/v2\/media?parent=78400"}],"wp:term":[{"taxonomy":"category","embeddable":true,"href":"https:\/\/infoecos.com.ar\/index.php\/wp-json\/wp\/v2\/categories?post=78400"},{"taxonomy":"post_tag","embeddable":true,"href":"https:\/\/infoecos.com.ar\/index.php\/wp-json\/wp\/v2\/tags?post=78400"}],"curies":[{"name":"wp","href":"https:\/\/api.w.org\/{rel}","templated":true}]}}