{"id":78418,"date":"2021-05-20T17:47:42","date_gmt":"2021-05-20T20:47:42","guid":{"rendered":"http:\/\/infoecos.com.ar\/?p=78418"},"modified":"2021-05-23T01:42:09","modified_gmt":"2021-05-23T04:42:09","slug":"torchio-despues-de-la-reunion-con-kicillof-en-los-proximos-15-dias-estaremos-recibiendo-una-gran-cantidad-de-vacunas","status":"publish","type":"post","link":"https:\/\/infoecos.com.ar\/index.php\/torchio-despues-de-la-reunion-con-kicillof-en-los-proximos-15-dias-estaremos-recibiendo-una-gran-cantidad-de-vacunas\/","title":{"rendered":"Torchio despu\u00e9s de la reuni\u00f3n con Kicillof:  \u201cen los pr\u00f3ximos 15 d\u00edas estaremos recibiendo una gran cantidad de vacunas\u00bb"},"content":{"rendered":"\n<p class=\"wp-block-paragraph\">El intendente de Carlos Casares, Walter Torchio, se refiri\u00f3 a la reuni\u00f3n que mediante videoconferencia concretaron las intendentas e intendentes con el gobernador de la provincia de Buenos Aires.<\/p>\n\n\n\n<p class=\"wp-block-paragraph\">\u00abLa agenda estuvo atravesada por el an\u00e1lisis de la situaci\u00f3n epidemiol\u00f3gica primordialmente pero, tambi\u00e9n se hizo hincapi\u00e9 en la importancia de seguir incentivando a que la gente se inscriba a la vacuna y que, junto a los cuidados es lo m\u00e1s importante para seguir afrontando la batalla contra el COVID-19, entre otras cuestiones relacionadas\u00bb, se\u00f1al\u00f3.<\/p>\n\n\n\n<div class=\"wp-block-image\"><figure class=\"aligncenter size-medium\"><img loading=\"lazy\" decoding=\"async\" width=\"460\" height=\"345\" src=\"http:\/\/infoecos.com.ar\/wp-content\/uploads\/2021\/05\/Walter-Torchio-Intendente-de-Carlos-Casares-en-videoconferencia-con-el-Gobernardor-Axel-Kicillof-460x345.jpg\" alt=\"\" class=\"wp-image-78419\" srcset=\"https:\/\/infoecos.com.ar\/wp-content\/uploads\/2021\/05\/Walter-Torchio-Intendente-de-Carlos-Casares-en-videoconferencia-con-el-Gobernardor-Axel-Kicillof-460x345.jpg 460w, https:\/\/infoecos.com.ar\/wp-content\/uploads\/2021\/05\/Walter-Torchio-Intendente-de-Carlos-Casares-en-videoconferencia-con-el-Gobernardor-Axel-Kicillof-920x690.jpg 920w, https:\/\/infoecos.com.ar\/wp-content\/uploads\/2021\/05\/Walter-Torchio-Intendente-de-Carlos-Casares-en-videoconferencia-con-el-Gobernardor-Axel-Kicillof-768x576.jpg 768w, https:\/\/infoecos.com.ar\/wp-content\/uploads\/2021\/05\/Walter-Torchio-Intendente-de-Carlos-Casares-en-videoconferencia-con-el-Gobernardor-Axel-Kicillof-1024x768.jpg 1024w, https:\/\/infoecos.com.ar\/wp-content\/uploads\/2021\/05\/Walter-Torchio-Intendente-de-Carlos-Casares-en-videoconferencia-con-el-Gobernardor-Axel-Kicillof.jpg 1080w\" sizes=\"auto, (max-width: 460px) 100vw, 460px\" \/><\/figure><\/div>\n\n\n\n<p class=\"wp-block-paragraph\">Torchio agreg\u00f3 que <strong>\u201cen los pr\u00f3ximos 15 d\u00edas estaremos recibiendo una gran cantidad de vacunas<\/strong> adem\u00e1s de continuar inmunizando a la poblaci\u00f3n como se viene haciendo. Comenzar\u00e1 a vacunarse a mayores de 40 a\u00f1os con enfermedades preexistentes\u00bb.<\/p>\n\n\n\n<p class=\"wp-block-paragraph\">Resalt\u00f3 el valor de la articulaci\u00f3n y el acompa\u00f1amiento del gobierno provincial para sobrellevar la actual segunda ola.<\/p>\n\n\n\n<p class=\"wp-block-paragraph\">Finalmente destac\u00f3 la necesidad de seguir concientizando a la ciudadan\u00eda para que cumplan con las medidas que cada etapa requiere.<\/p>\n\n\n\n<p class=\"wp-block-paragraph\"><\/p>\n","protected":false},"excerpt":{"rendered":"<p>Resalt\u00f3 el valor de la articulaci\u00f3n y el acompa\u00f1amiento del gobierno provincial para sobrellevar la actual segunda ola<\/p>\n","protected":false},"author":2,"featured_media":78419,"comment_status":"closed","ping_status":"open","sticky":false,"template":"","format":"standard","meta":{"footnotes":""},"categories":[1333],"tags":[10],"class_list":["post-78418","post","type-post","status-publish","format-standard","has-post-thumbnail","hentry","category-inferior13","tag-carlos-casares"],"featured_image_urls":{"full":["https:\/\/infoecos.com.ar\/wp-content\/uploads\/2021\/05\/Walter-Torchio-Intendente-de-Carlos-Casares-en-videoconferencia-con-el-Gobernardor-Axel-Kicillof.jpg",1080,810,false],"thumbnail":["https:\/\/infoecos.com.ar\/wp-content\/uploads\/2021\/05\/Walter-Torchio-Intendente-de-Carlos-Casares-en-videoconferencia-con-el-Gobernardor-Axel-Kicillof-150x150.jpg",150,150,true],"medium":["https:\/\/infoecos.com.ar\/wp-content\/uploads\/2021\/05\/Walter-Torchio-Intendente-de-Carlos-Casares-en-videoconferencia-con-el-Gobernardor-Axel-Kicillof-460x345.jpg",460,345,true],"medium_large":["https:\/\/infoecos.com.ar\/wp-content\/uploads\/2021\/05\/Walter-Torchio-Intendente-de-Carlos-Casares-en-videoconferencia-con-el-Gobernardor-Axel-Kicillof-768x576.jpg",640,480,true],"large":["https:\/\/infoecos.com.ar\/wp-content\/uploads\/2021\/05\/Walter-Torchio-Intendente-de-Carlos-Casares-en-videoconferencia-con-el-Gobernardor-Axel-Kicillof-920x690.jpg",640,480,true],"1536x1536":["https:\/\/infoecos.com.ar\/wp-content\/uploads\/2021\/05\/Walter-Torchio-Intendente-de-Carlos-Casares-en-videoconferencia-con-el-Gobernardor-Axel-Kicillof.jpg",1080,810,false],"2048x2048":["https:\/\/infoecos.com.ar\/wp-content\/uploads\/2021\/05\/Walter-Torchio-Intendente-de-Carlos-Casares-en-videoconferencia-con-el-Gobernardor-Axel-Kicillof.jpg",1080,810,false],"covernews-slider-full":["https:\/\/infoecos.com.ar\/wp-content\/uploads\/2021\/05\/Walter-Torchio-Intendente-de-Carlos-Casares-en-videoconferencia-con-el-Gobernardor-Axel-Kicillof.jpg",953,715,false],"covernews-slider-center":["https:\/\/infoecos.com.ar\/wp-content\/uploads\/2021\/05\/Walter-Torchio-Intendente-de-Carlos-Casares-en-videoconferencia-con-el-Gobernardor-Axel-Kicillof-936x810.jpg",578,500,true],"covernews-featured":["https:\/\/infoecos.com.ar\/wp-content\/uploads\/2021\/05\/Walter-Torchio-Intendente-de-Carlos-Casares-en-videoconferencia-con-el-Gobernardor-Axel-Kicillof-1024x768.jpg",1024,768,true],"covernews-medium":["https:\/\/infoecos.com.ar\/wp-content\/uploads\/2021\/05\/Walter-Torchio-Intendente-de-Carlos-Casares-en-videoconferencia-con-el-Gobernardor-Axel-Kicillof-720x380.jpg",540,285,true],"covernews-medium-square":["https:\/\/infoecos.com.ar\/wp-content\/uploads\/2021\/05\/Walter-Torchio-Intendente-de-Carlos-Casares-en-videoconferencia-con-el-Gobernardor-Axel-Kicillof-675x450.jpg",375,250,true]},"author_info":{"info":["Jorge Matheus"]},"category_info":"<a href=\"https:\/\/infoecos.com.ar\/index.php\/category\/inferior13\/\" rel=\"category tag\">Bloque inferior - 13<\/a>","tag_info":"Bloque inferior - 13","comment_count":"0","_links":{"self":[{"href":"https:\/\/infoecos.com.ar\/index.php\/wp-json\/wp\/v2\/posts\/78418","targetHints":{"allow":["GET"]}}],"collection":[{"href":"https:\/\/infoecos.com.ar\/index.php\/wp-json\/wp\/v2\/posts"}],"about":[{"href":"https:\/\/infoecos.com.ar\/index.php\/wp-json\/wp\/v2\/types\/post"}],"author":[{"embeddable":true,"href":"https:\/\/infoecos.com.ar\/index.php\/wp-json\/wp\/v2\/users\/2"}],"replies":[{"embeddable":true,"href":"https:\/\/infoecos.com.ar\/index.php\/wp-json\/wp\/v2\/comments?post=78418"}],"version-history":[{"count":1,"href":"https:\/\/infoecos.com.ar\/index.php\/wp-json\/wp\/v2\/posts\/78418\/revisions"}],"predecessor-version":[{"id":78420,"href":"https:\/\/infoecos.com.ar\/index.php\/wp-json\/wp\/v2\/posts\/78418\/revisions\/78420"}],"wp:featuredmedia":[{"embeddable":true,"href":"https:\/\/infoecos.com.ar\/index.php\/wp-json\/wp\/v2\/media\/78419"}],"wp:attachment":[{"href":"https:\/\/infoecos.com.ar\/index.php\/wp-json\/wp\/v2\/media?parent=78418"}],"wp:term":[{"taxonomy":"category","embeddable":true,"href":"https:\/\/infoecos.com.ar\/index.php\/wp-json\/wp\/v2\/categories?post=78418"},{"taxonomy":"post_tag","embeddable":true,"href":"https:\/\/infoecos.com.ar\/index.php\/wp-json\/wp\/v2\/tags?post=78418"}],"curies":[{"name":"wp","href":"https:\/\/api.w.org\/{rel}","templated":true}]}}