{"id":78423,"date":"2021-05-20T18:03:34","date_gmt":"2021-05-20T21:03:34","guid":{"rendered":"http:\/\/infoecos.com.ar\/?p=78423"},"modified":"2021-05-23T01:41:40","modified_gmt":"2021-05-23T04:41:40","slug":"se-iniciaron-los-trabajos-de-pavimentacion-de-la-ruta-provincial-65-entre-9-de-julio-y-bolivar","status":"publish","type":"post","link":"https:\/\/infoecos.com.ar\/index.php\/se-iniciaron-los-trabajos-de-pavimentacion-de-la-ruta-provincial-65-entre-9-de-julio-y-bolivar\/","title":{"rendered":"Se iniciaron los trabajos de pavimentaci\u00f3n de la Ruta Provincial 65 entre 9 de Julio y Bol\u00edvar"},"content":{"rendered":"\n<p class=\"wp-block-paragraph\">La Direcci\u00f3n de Vialidad de la Provincia de Buenos Aires, dio inicio a la repavimentaci\u00f3n de la Ruta Provincial N\u00b0 65, en el tramo que va desde el acceso al paraje &nbsp;Santos Unzu\u00e9, en 9 de Julio, hasta la intersecci\u00f3n con el acceso a localidad de Villa Sanz, partido de Bol\u00edvar.<\/p>\n\n\n\n<p class=\"wp-block-paragraph\">Sobre los trabajos, el administrador de Vialidad,&nbsp;<strong>Gerardo Tarchinale<\/strong>&nbsp;expres\u00f3: \u201cSabemos que esta es una obra muy esperada por las vecinas y los vecinos de la regi\u00f3n, ya que traer\u00e1 beneficios para el sector productivo agropecuario, como as\u00ed tambi\u00e9n para transportistas y usuarios particulares\u201d, y a\u00f1adi\u00f3: \u201cEsta intervenci\u00f3n forma parte del Plan Quinquenal, impulsado por el Gobernado, el cual permitir\u00e1 mejorar considerablemente las rutas y caminos de la red provincial\u201d.<\/p>\n\n\n\n<div class=\"wp-block-image\"><figure class=\"aligncenter size-large\"><img decoding=\"async\" src=\"http:\/\/infoecos.com.ar\/wp-content\/uploads\/RUTA65-28.jpg\" alt=\"\" class=\"wp-image-34208\"\/><figcaption>Ruta 65<\/figcaption><\/figure><\/div>\n\n\n\n<p class=\"wp-block-paragraph\">Cabe destacar que la obra se desarrollar\u00e1 sobre una longitud de 27.500 metros y contempla la colocaci\u00f3n de barandas de defensa vehicular, construcci\u00f3n de d\u00e1rsenas y refugios para ascenso y descenso de pasajeros del transporte p\u00fablico, y se\u00f1alizaci\u00f3n horizontal y vertical. Adem\u00e1s, se realizar\u00e1n tareas de mantenimiento de alcantarillas, lo que permitir\u00e1 el \u00f3ptimo escurrimiento del agua.<\/p>\n\n\n\n<p class=\"wp-block-paragraph\">Los trabajos \u2013cuyo presupuesto supera los 560 millones de pesos- aumentar\u00e1n considerablemente las condiciones de seguridad vial de la zona, teniendo en cuenta que se colocar\u00e1n barandas de defensa vehicular, se construir\u00e1n d\u00e1rsenas y refugios rurales para ascenso y descenso de pasajeros del transporte p\u00fablico, y se se\u00f1alizar\u00e1 la traza de forma horizontal y vertical.<\/p>\n","protected":false},"excerpt":{"rendered":"<p>Los trabajos demandar\u00e1 un presupuesto superior los 560 millones de pesos<\/p>\n","protected":false},"author":2,"featured_media":34208,"comment_status":"closed","ping_status":"open","sticky":false,"template":"","format":"standard","meta":{"footnotes":""},"categories":[1332],"tags":[157],"class_list":["post-78423","post","type-post","status-publish","format-standard","has-post-thumbnail","hentry","category-inferior12","tag-obras-publicas"],"featured_image_urls":{"full":"","thumbnail":"","medium":"","medium_large":"","large":"","1536x1536":"","2048x2048":"","covernews-slider-full":"","covernews-slider-center":"","covernews-featured":"","covernews-medium":"","covernews-medium-square":""},"author_info":{"info":["Jorge Matheus"]},"category_info":"<a href=\"https:\/\/infoecos.com.ar\/index.php\/category\/inferior12\/\" rel=\"category tag\">Bloque inferior - 12<\/a>","tag_info":"Bloque inferior - 12","comment_count":"0","_links":{"self":[{"href":"https:\/\/infoecos.com.ar\/index.php\/wp-json\/wp\/v2\/posts\/78423","targetHints":{"allow":["GET"]}}],"collection":[{"href":"https:\/\/infoecos.com.ar\/index.php\/wp-json\/wp\/v2\/posts"}],"about":[{"href":"https:\/\/infoecos.com.ar\/index.php\/wp-json\/wp\/v2\/types\/post"}],"author":[{"embeddable":true,"href":"https:\/\/infoecos.com.ar\/index.php\/wp-json\/wp\/v2\/users\/2"}],"replies":[{"embeddable":true,"href":"https:\/\/infoecos.com.ar\/index.php\/wp-json\/wp\/v2\/comments?post=78423"}],"version-history":[{"count":1,"href":"https:\/\/infoecos.com.ar\/index.php\/wp-json\/wp\/v2\/posts\/78423\/revisions"}],"predecessor-version":[{"id":78424,"href":"https:\/\/infoecos.com.ar\/index.php\/wp-json\/wp\/v2\/posts\/78423\/revisions\/78424"}],"wp:attachment":[{"href":"https:\/\/infoecos.com.ar\/index.php\/wp-json\/wp\/v2\/media?parent=78423"}],"wp:term":[{"taxonomy":"category","embeddable":true,"href":"https:\/\/infoecos.com.ar\/index.php\/wp-json\/wp\/v2\/categories?post=78423"},{"taxonomy":"post_tag","embeddable":true,"href":"https:\/\/infoecos.com.ar\/index.php\/wp-json\/wp\/v2\/tags?post=78423"}],"curies":[{"name":"wp","href":"https:\/\/api.w.org\/{rel}","templated":true}]}}