{"id":78437,"date":"2021-05-21T00:17:23","date_gmt":"2021-05-21T03:17:23","guid":{"rendered":"http:\/\/infoecos.com.ar\/?p=78437"},"modified":"2021-05-21T00:17:31","modified_gmt":"2021-05-21T03:17:31","slug":"el-colegio-de-abogados-del-departamento-judicial-de-trenque-lauquen-celebra-hoy-sus-50-anos","status":"publish","type":"post","link":"https:\/\/infoecos.com.ar\/index.php\/el-colegio-de-abogados-del-departamento-judicial-de-trenque-lauquen-celebra-hoy-sus-50-anos\/","title":{"rendered":"El Colegio de Abogados del Departamento Judicial de Trenque Lauquen celebra hoy sus 50 a\u00f1os"},"content":{"rendered":"\n<p class=\"wp-block-paragraph\">Austera celebraci\u00f3n de los 50 a\u00f1os del Colegio de Abogados del Departamento Judicial de Trenque Lauquen.<\/p>\n\n\n\n<p class=\"wp-block-paragraph\">Este viernes se colocar\u00e1 una ofrenda floral en el Cenotafio que tiene en el cementerio de esta ciudad del oeste bonaerense, y luego habr\u00e1 un acto que se desarrollar\u00e1 \u00edntegramente de modo virtual, a trav\u00e9s de la plataforma Zoom, y ser\u00e1 transmitido en vivo por Facebook. <\/p>\n\n\n\n<div class=\"wp-block-image\"><figure class=\"aligncenter size-medium\"><img loading=\"lazy\" decoding=\"async\" width=\"460\" height=\"345\" src=\"http:\/\/infoecos.com.ar\/wp-content\/uploads\/2021\/05\/COLEGIODEABOGADOS-1-460x345.jpg\" alt=\"\" class=\"wp-image-78438\" srcset=\"https:\/\/infoecos.com.ar\/wp-content\/uploads\/2021\/05\/COLEGIODEABOGADOS-1-460x345.jpg 460w, https:\/\/infoecos.com.ar\/wp-content\/uploads\/2021\/05\/COLEGIODEABOGADOS-1-920x690.jpg 920w, https:\/\/infoecos.com.ar\/wp-content\/uploads\/2021\/05\/COLEGIODEABOGADOS-1-768x576.jpg 768w, https:\/\/infoecos.com.ar\/wp-content\/uploads\/2021\/05\/COLEGIODEABOGADOS-1-1024x768.jpg 1024w, https:\/\/infoecos.com.ar\/wp-content\/uploads\/2021\/05\/COLEGIODEABOGADOS-1.jpg 1280w\" sizes=\"auto, (max-width: 460px) 100vw, 460px\" \/><\/figure><\/div>\n\n\n\n<p class=\"wp-block-paragraph\">A las 9hs. el Presidente del CADJTL, <strong>Dr. Hugo David Palomeque<\/strong>, depositar\u00e1 la ofrenda floral para homenajear a los fundadores ya fallecidos, y desde las 10.30, desde el Sal\u00f3n Auditorio de la entidad, encabezar\u00e1 el acto central, del que tambi\u00e9n participar\u00e1n los titulares del Colegio de Abogados de la Provincia de Buenos Aires, <strong>Dr. Mateo Laborde<\/strong>, y de la Caja de Previsi\u00f3n Social para Abogados de la Provincia de Buenos Aires, <strong>Dr. Daniel Burke<\/strong>, y la <strong>Dra. Gabriela Mart\u00ednez<\/strong>, del Colegio de Magistrados y Funcionarios del Departamento Judicial de\u00a0Trenque Lauquen, entre otras autoridades<em>.<\/em><\/p>\n\n\n\n<p class=\"wp-block-paragraph\">Tambi\u00e9n mediante una Resoluci\u00f3n de su Consejo Directivo se impondr\u00e1 al edificio Anexo, ubicado en Mitre 187, el nombre de <strong>Mario Gersenobitz<\/strong>, quien fuera Presidente del CADJTL<em> <\/em>durante tres per\u00edodos desde 1986 hasta mayo de 1998 inclusive, Presidente del Colegio de Abogados de la Provincia de Buenos Aires tambi\u00e9n durante tres per\u00edodos y miembro del Consejo de la Magistratura de la Naci\u00f3n (1998-2002). La instalaci\u00f3n de la placa fue postergada para m\u00e1s adelante, cuando sean autorizadas las actividades presenciales.<\/p>\n\n\n\n<div class=\"wp-block-image\"><figure class=\"aligncenter size-medium\"><img loading=\"lazy\" decoding=\"async\" width=\"460\" height=\"305\" src=\"http:\/\/infoecos.com.ar\/wp-content\/uploads\/2021\/05\/Hugo-Palomeque-460x305.jpg\" alt=\"\" class=\"wp-image-78265\" srcset=\"https:\/\/infoecos.com.ar\/wp-content\/uploads\/2021\/05\/Hugo-Palomeque-460x305.jpg 460w, https:\/\/infoecos.com.ar\/wp-content\/uploads\/2021\/05\/Hugo-Palomeque-920x611.jpg 920w, https:\/\/infoecos.com.ar\/wp-content\/uploads\/2021\/05\/Hugo-Palomeque-768x510.jpg 768w, https:\/\/infoecos.com.ar\/wp-content\/uploads\/2021\/05\/Hugo-Palomeque-1536x1020.jpg 1536w, https:\/\/infoecos.com.ar\/wp-content\/uploads\/2021\/05\/Hugo-Palomeque-2048x1360.jpg 2048w, https:\/\/infoecos.com.ar\/wp-content\/uploads\/2021\/05\/Hugo-Palomeque-1024x680.jpg 1024w\" sizes=\"auto, (max-width: 460px) 100vw, 460px\" \/><\/figure><\/div>\n\n\n\n<p class=\"wp-block-paragraph\">Y en la p\u00e1gina de facebook institucional (Colegio de Abogados DJTL) habr\u00e1 videos de tres de sus ex Presidentes, los <strong>Dres. Luis Llamedo, Julio C\u00e9sar Jonas<\/strong> y <strong>Ram\u00f3n Faustino P\u00e9rez<\/strong>, y del actual, <strong>Hugo Palomeque<\/strong>, refiri\u00e9ndose a or\u00edgenes, crecimiento, presente y futuro del CADJTL.<\/p>\n\n\n\n<p class=\"wp-block-paragraph\">Asimismo, desde el viernes, las instalaciones del Anexo albergar\u00e1n una <strong>exposici\u00f3n pict\u00f3rica<\/strong> de la artista Susana L\u00f3pez, de las que se subir\u00e1n im\u00e1genes a la p\u00e1gina de facebook del Colegio<em>.<\/em><\/p>\n\n\n\n<p class=\"wp-block-paragraph\">Desde el CADJTL se invita a sus matriculadas y matriculados y a los profesionales del derecho a participar del acto central por Zoom (<a href=\"https:\/\/zoom.us\/j\/99726705763?pwd=RG5sOE0ybStYSnp0NFYyd0xnQUF5Zz09\">https:\/\/zoom.us\/j\/99726705763?pwd=RG5sOE0ybStYSnp0NFYyd0xnQUF5Zz09<\/a> \/<\/p>\n","protected":false},"excerpt":{"rendered":"<p>Se impondr\u00e1 al edificio Anexo, ubicado en Mitre 187, el nombre de Mario Gersenobitz, quien fuera Presidente del CADJTL durante tres per\u00edodos desde 1986 hasta mayo de 1998 inclusive<\/p>\n","protected":false},"author":2,"featured_media":78438,"comment_status":"closed","ping_status":"open","sticky":false,"template":"","format":"standard","meta":{"footnotes":""},"categories":[46],"tags":[3710],"class_list":["post-78437","post","type-post","status-publish","format-standard","has-post-thumbnail","hentry","category-c2nota2","tag-actos-austeros"],"featured_image_urls":{"full":["https:\/\/infoecos.com.ar\/wp-content\/uploads\/2021\/05\/COLEGIODEABOGADOS-1.jpg",1280,960,false],"thumbnail":["https:\/\/infoecos.com.ar\/wp-content\/uploads\/2021\/05\/COLEGIODEABOGADOS-1-150x150.jpg",150,150,true],"medium":["https:\/\/infoecos.com.ar\/wp-content\/uploads\/2021\/05\/COLEGIODEABOGADOS-1-460x345.jpg",460,345,true],"medium_large":["https:\/\/infoecos.com.ar\/wp-content\/uploads\/2021\/05\/COLEGIODEABOGADOS-1-768x576.jpg",640,480,true],"large":["https:\/\/infoecos.com.ar\/wp-content\/uploads\/2021\/05\/COLEGIODEABOGADOS-1-920x690.jpg",640,480,true],"1536x1536":["https:\/\/infoecos.com.ar\/wp-content\/uploads\/2021\/05\/COLEGIODEABOGADOS-1.jpg",1280,960,false],"2048x2048":["https:\/\/infoecos.com.ar\/wp-content\/uploads\/2021\/05\/COLEGIODEABOGADOS-1.jpg",1280,960,false],"covernews-slider-full":["https:\/\/infoecos.com.ar\/wp-content\/uploads\/2021\/05\/COLEGIODEABOGADOS-1.jpg",953,715,false],"covernews-slider-center":["https:\/\/infoecos.com.ar\/wp-content\/uploads\/2021\/05\/COLEGIODEABOGADOS-1-936x897.jpg",522,500,true],"covernews-featured":["https:\/\/infoecos.com.ar\/wp-content\/uploads\/2021\/05\/COLEGIODEABOGADOS-1-1024x768.jpg",1024,768,true],"covernews-medium":["https:\/\/infoecos.com.ar\/wp-content\/uploads\/2021\/05\/COLEGIODEABOGADOS-1-720x380.jpg",540,285,true],"covernews-medium-square":["https:\/\/infoecos.com.ar\/wp-content\/uploads\/2021\/05\/COLEGIODEABOGADOS-1-675x450.jpg",375,250,true]},"author_info":{"info":["Jorge Matheus"]},"category_info":"<a href=\"https:\/\/infoecos.com.ar\/index.php\/category\/c2nota2\/\" rel=\"category tag\">C2 N2<\/a>","tag_info":"C2 N2","comment_count":"0","_links":{"self":[{"href":"https:\/\/infoecos.com.ar\/index.php\/wp-json\/wp\/v2\/posts\/78437","targetHints":{"allow":["GET"]}}],"collection":[{"href":"https:\/\/infoecos.com.ar\/index.php\/wp-json\/wp\/v2\/posts"}],"about":[{"href":"https:\/\/infoecos.com.ar\/index.php\/wp-json\/wp\/v2\/types\/post"}],"author":[{"embeddable":true,"href":"https:\/\/infoecos.com.ar\/index.php\/wp-json\/wp\/v2\/users\/2"}],"replies":[{"embeddable":true,"href":"https:\/\/infoecos.com.ar\/index.php\/wp-json\/wp\/v2\/comments?post=78437"}],"version-history":[{"count":1,"href":"https:\/\/infoecos.com.ar\/index.php\/wp-json\/wp\/v2\/posts\/78437\/revisions"}],"predecessor-version":[{"id":78439,"href":"https:\/\/infoecos.com.ar\/index.php\/wp-json\/wp\/v2\/posts\/78437\/revisions\/78439"}],"wp:featuredmedia":[{"embeddable":true,"href":"https:\/\/infoecos.com.ar\/index.php\/wp-json\/wp\/v2\/media\/78438"}],"wp:attachment":[{"href":"https:\/\/infoecos.com.ar\/index.php\/wp-json\/wp\/v2\/media?parent=78437"}],"wp:term":[{"taxonomy":"category","embeddable":true,"href":"https:\/\/infoecos.com.ar\/index.php\/wp-json\/wp\/v2\/categories?post=78437"},{"taxonomy":"post_tag","embeddable":true,"href":"https:\/\/infoecos.com.ar\/index.php\/wp-json\/wp\/v2\/tags?post=78437"}],"curies":[{"name":"wp","href":"https:\/\/api.w.org\/{rel}","templated":true}]}}