{"id":78448,"date":"2021-05-21T00:52:49","date_gmt":"2021-05-21T03:52:49","guid":{"rendered":"http:\/\/infoecos.com.ar\/?p=78448"},"modified":"2021-05-21T00:52:52","modified_gmt":"2021-05-21T03:52:52","slug":"el-gobernador-kicillof-adelanto-que-acompana-las-nuevas-medidas-de-restriccion","status":"publish","type":"post","link":"https:\/\/infoecos.com.ar\/index.php\/el-gobernador-kicillof-adelanto-que-acompana-las-nuevas-medidas-de-restriccion\/","title":{"rendered":"El gobernador Kicillof adelant\u00f3 que acompa\u00f1a las nuevas medidas de restricci\u00f3n"},"content":{"rendered":"\n<p class=\"wp-block-paragraph\">El gobernador de la provincia de Buenos Aires, Axel Kicillof adelant\u00f3 que acompa\u00f1a\u00a0las nuevas medidas de restricci\u00f3n dispuestas por el Gobierno Nacional \u00a0para reducir los casos de contagios de coronavirus.<\/p>\n\n\n\n<p class=\"wp-block-paragraph\">\u201cAtravesamos el peor momento de la segunda ola. Es fundamental coordinar esfuerzos para cuidar la vida y bajar los contagios, mientras avanzamos con la vacunaci\u00f3n\u201d, sostuvo el gobernador en su red de Twitter.<\/p>\n\n\n\n<div class=\"wp-block-image\"><figure class=\"aligncenter size-medium\"><img loading=\"lazy\" decoding=\"async\" width=\"460\" height=\"306\" src=\"http:\/\/infoecos.com.ar\/wp-content\/uploads\/2021\/05\/SGE_8832-1-460x306.jpg\" alt=\"\" class=\"wp-image-78449\" srcset=\"https:\/\/infoecos.com.ar\/wp-content\/uploads\/2021\/05\/SGE_8832-1-460x306.jpg 460w, https:\/\/infoecos.com.ar\/wp-content\/uploads\/2021\/05\/SGE_8832-1-920x612.jpg 920w, https:\/\/infoecos.com.ar\/wp-content\/uploads\/2021\/05\/SGE_8832-1-768x511.jpg 768w, https:\/\/infoecos.com.ar\/wp-content\/uploads\/2021\/05\/SGE_8832-1-1536x1020.jpg 1536w, https:\/\/infoecos.com.ar\/wp-content\/uploads\/2021\/05\/SGE_8832-1-2048x1363.jpg 2048w, https:\/\/infoecos.com.ar\/wp-content\/uploads\/2021\/05\/SGE_8832-1-1024x681.jpg 1024w, https:\/\/infoecos.com.ar\/wp-content\/uploads\/2021\/05\/SGE_8832-1-675x450.jpg 675w\" sizes=\"auto, (max-width: 460px) 100vw, 460px\" \/><\/figure><\/div>\n\n\n\n<p class=\"wp-block-paragraph\">Agreg\u00f3 que \u201cpor eso, en provincia de Buenos Aires, como siempre, acompa\u00f1amos las medidas anunciadas por el Presidente\u201d.<\/p>\n\n\n\n<p class=\"wp-block-paragraph\">De esta manera, quedar\u00e1n suspendidas todas las actividades sociales, econ\u00f3micas, educativas, religiosas y deportivas.<\/p>\n","protected":false},"excerpt":{"rendered":"<p>De esta manera, quedar\u00e1n suspendidas todas las actividades sociales, econ\u00f3micas, educativas, religiosas y deportivas<\/p>\n","protected":false},"author":2,"featured_media":78449,"comment_status":"closed","ping_status":"open","sticky":false,"template":"","format":"standard","meta":{"footnotes":""},"categories":[48],"tags":[1785],"class_list":["post-78448","post","type-post","status-publish","format-standard","has-post-thumbnail","hentry","category-c2nota3","tag-coronavirus"],"featured_image_urls":{"full":["https:\/\/infoecos.com.ar\/wp-content\/uploads\/2021\/05\/SGE_8832-1-scaled.jpg",2560,1704,false],"thumbnail":["https:\/\/infoecos.com.ar\/wp-content\/uploads\/2021\/05\/SGE_8832-1-150x150.jpg",150,150,true],"medium":["https:\/\/infoecos.com.ar\/wp-content\/uploads\/2021\/05\/SGE_8832-1-460x306.jpg",460,306,true],"medium_large":["https:\/\/infoecos.com.ar\/wp-content\/uploads\/2021\/05\/SGE_8832-1-768x511.jpg",640,426,true],"large":["https:\/\/infoecos.com.ar\/wp-content\/uploads\/2021\/05\/SGE_8832-1-920x612.jpg",640,426,true],"1536x1536":["https:\/\/infoecos.com.ar\/wp-content\/uploads\/2021\/05\/SGE_8832-1-1536x1022.jpg",1536,1022,true],"2048x2048":["https:\/\/infoecos.com.ar\/wp-content\/uploads\/2021\/05\/SGE_8832-1-2048x1363.jpg",2048,1363,true],"covernews-slider-full":["https:\/\/infoecos.com.ar\/wp-content\/uploads\/2021\/05\/SGE_8832-1-1536x1020.jpg",1077,715,true],"covernews-slider-center":["https:\/\/infoecos.com.ar\/wp-content\/uploads\/2021\/05\/SGE_8832-1-936x897.jpg",522,500,true],"covernews-featured":["https:\/\/infoecos.com.ar\/wp-content\/uploads\/2021\/05\/SGE_8832-1-1024x681.jpg",1024,681,true],"covernews-medium":["https:\/\/infoecos.com.ar\/wp-content\/uploads\/2021\/05\/SGE_8832-1-720x380.jpg",540,285,true],"covernews-medium-square":["https:\/\/infoecos.com.ar\/wp-content\/uploads\/2021\/05\/SGE_8832-1-675x450.jpg",375,250,true]},"author_info":{"info":["Jorge Matheus"]},"category_info":"<a href=\"https:\/\/infoecos.com.ar\/index.php\/category\/c2nota3\/\" rel=\"category tag\">C2 N3<\/a>","tag_info":"C2 N3","comment_count":"0","_links":{"self":[{"href":"https:\/\/infoecos.com.ar\/index.php\/wp-json\/wp\/v2\/posts\/78448","targetHints":{"allow":["GET"]}}],"collection":[{"href":"https:\/\/infoecos.com.ar\/index.php\/wp-json\/wp\/v2\/posts"}],"about":[{"href":"https:\/\/infoecos.com.ar\/index.php\/wp-json\/wp\/v2\/types\/post"}],"author":[{"embeddable":true,"href":"https:\/\/infoecos.com.ar\/index.php\/wp-json\/wp\/v2\/users\/2"}],"replies":[{"embeddable":true,"href":"https:\/\/infoecos.com.ar\/index.php\/wp-json\/wp\/v2\/comments?post=78448"}],"version-history":[{"count":1,"href":"https:\/\/infoecos.com.ar\/index.php\/wp-json\/wp\/v2\/posts\/78448\/revisions"}],"predecessor-version":[{"id":78450,"href":"https:\/\/infoecos.com.ar\/index.php\/wp-json\/wp\/v2\/posts\/78448\/revisions\/78450"}],"wp:featuredmedia":[{"embeddable":true,"href":"https:\/\/infoecos.com.ar\/index.php\/wp-json\/wp\/v2\/media\/78449"}],"wp:attachment":[{"href":"https:\/\/infoecos.com.ar\/index.php\/wp-json\/wp\/v2\/media?parent=78448"}],"wp:term":[{"taxonomy":"category","embeddable":true,"href":"https:\/\/infoecos.com.ar\/index.php\/wp-json\/wp\/v2\/categories?post=78448"},{"taxonomy":"post_tag","embeddable":true,"href":"https:\/\/infoecos.com.ar\/index.php\/wp-json\/wp\/v2\/tags?post=78448"}],"curies":[{"name":"wp","href":"https:\/\/api.w.org\/{rel}","templated":true}]}}