{"id":78459,"date":"2021-05-21T01:23:35","date_gmt":"2021-05-21T04:23:35","guid":{"rendered":"http:\/\/infoecos.com.ar\/?p=78459"},"modified":"2021-05-21T01:23:39","modified_gmt":"2021-05-21T04:23:39","slug":"se-reportaron-74-nuevos-infectados-este-jueves-en-el-distrito-de-bragado","status":"publish","type":"post","link":"https:\/\/infoecos.com.ar\/index.php\/se-reportaron-74-nuevos-infectados-este-jueves-en-el-distrito-de-bragado\/","title":{"rendered":"Se reportaron 74 nuevos infectados, este jueves, en el distrito de Bragado"},"content":{"rendered":"\n<p class=\"wp-block-paragraph\">Seg\u00fan comunic\u00f3 el reporte epidemiol\u00f3gico del Comit\u00e9 de Salud de Bragado,\u00a0la cantidad de casos activos se elev\u00f3 a 774\u00a0tras la detecci\u00f3n de\u00a074 nuevos infectados.\u00a0Tambi\u00e9n hay 89 casos sospechosos<strong>.<\/strong><\/p>\n\n\n\n<div class=\"wp-block-image\"><figure class=\"aligncenter size-medium\"><img loading=\"lazy\" decoding=\"async\" width=\"460\" height=\"259\" src=\"http:\/\/infoecos.com.ar\/wp-content\/uploads\/BRAGADO-EDIFICIO-MUNICIPAL-460x259.jpg\" alt=\"\" class=\"wp-image-59327\" srcset=\"https:\/\/infoecos.com.ar\/wp-content\/uploads\/BRAGADO-EDIFICIO-MUNICIPAL-460x259.jpg 460w, https:\/\/infoecos.com.ar\/wp-content\/uploads\/BRAGADO-EDIFICIO-MUNICIPAL-920x518.jpg 920w, https:\/\/infoecos.com.ar\/wp-content\/uploads\/BRAGADO-EDIFICIO-MUNICIPAL-768x432.jpg 768w, https:\/\/infoecos.com.ar\/wp-content\/uploads\/BRAGADO-EDIFICIO-MUNICIPAL-1536x864.jpg 1536w, https:\/\/infoecos.com.ar\/wp-content\/uploads\/BRAGADO-EDIFICIO-MUNICIPAL-1024x576.jpg 1024w, https:\/\/infoecos.com.ar\/wp-content\/uploads\/BRAGADO-EDIFICIO-MUNICIPAL.jpg 1706w\" sizes=\"auto, (max-width: 460px) 100vw, 460px\" \/><figcaption>Bragado &#8211; Edificio Municipal<\/figcaption><\/figure><\/div>\n\n\n\n<p class=\"wp-block-paragraph\">La mayor\u00eda de los\u00a0contagios<strong>\u00a0<\/strong>fueron diagnosticados por hisopados que analiz\u00f3 el Hospital Municipal San Luis (44), 22 por laboratorios privados y 8 son considerados positivos por criterio m\u00e9dico epidemiol\u00f3gico.<\/p>\n\n\n\n<p class=\"wp-block-paragraph\">De los 774 casos activos,\u00a0709 son de la ciudad de Bragado y 65 de los cuarteles\u00a0(20 de Irala, 19 de Mechita, 12 de Comodoro Py, 10 de O\u2019Brien, 2 de Warnes y 2 de Olascoaga).\u00a0Hay 64 personas internadas en el nosocomio local, de las cuales 7 se encuentran en la Unidad de Terapia Intensiva.<\/p>\n","protected":false},"excerpt":{"rendered":"<p>La mayor\u00eda de los contagios fueron diagnosticados por hisopados que analiz\u00f3 el Hospital Municipal San Luis (44), 22 por laboratorios privados y 8 son considerados positivos por criterio m\u00e9dico epidemiol\u00f3gico<\/p>\n","protected":false},"author":2,"featured_media":61364,"comment_status":"closed","ping_status":"open","sticky":false,"template":"","format":"standard","meta":{"footnotes":""},"categories":[197],"tags":[1785],"class_list":["post-78459","post","type-post","status-publish","format-standard","has-post-thumbnail","hentry","category-c3nota4","tag-coronavirus"],"featured_image_urls":{"full":["https:\/\/infoecos.com.ar\/wp-content\/uploads\/f800x450-70007_121453_0.jpg",800,450,false],"thumbnail":["https:\/\/infoecos.com.ar\/wp-content\/uploads\/f800x450-70007_121453_0-150x150.jpg",150,150,true],"medium":["https:\/\/infoecos.com.ar\/wp-content\/uploads\/f800x450-70007_121453_0-460x259.jpg",460,259,true],"medium_large":["https:\/\/infoecos.com.ar\/wp-content\/uploads\/f800x450-70007_121453_0-768x432.jpg",640,360,true],"large":["https:\/\/infoecos.com.ar\/wp-content\/uploads\/f800x450-70007_121453_0.jpg",640,360,false],"1536x1536":["https:\/\/infoecos.com.ar\/wp-content\/uploads\/f800x450-70007_121453_0.jpg",800,450,false],"2048x2048":["https:\/\/infoecos.com.ar\/wp-content\/uploads\/f800x450-70007_121453_0.jpg",800,450,false],"covernews-slider-full":["https:\/\/infoecos.com.ar\/wp-content\/uploads\/f800x450-70007_121453_0.jpg",800,450,false],"covernews-slider-center":["https:\/\/infoecos.com.ar\/wp-content\/uploads\/f800x450-70007_121453_0.jpg",800,450,false],"covernews-featured":["https:\/\/infoecos.com.ar\/wp-content\/uploads\/f800x450-70007_121453_0.jpg",800,450,false],"covernews-medium":["https:\/\/infoecos.com.ar\/wp-content\/uploads\/f800x450-70007_121453_0-720x380.jpg",540,285,true],"covernews-medium-square":["https:\/\/infoecos.com.ar\/wp-content\/uploads\/f800x450-70007_121453_0-675x450.jpg",375,250,true]},"author_info":{"info":["Jorge Matheus"]},"category_info":"<a href=\"https:\/\/infoecos.com.ar\/index.php\/category\/c3nota4\/\" rel=\"category tag\">C3 N4<\/a>","tag_info":"C3 N4","comment_count":"0","_links":{"self":[{"href":"https:\/\/infoecos.com.ar\/index.php\/wp-json\/wp\/v2\/posts\/78459","targetHints":{"allow":["GET"]}}],"collection":[{"href":"https:\/\/infoecos.com.ar\/index.php\/wp-json\/wp\/v2\/posts"}],"about":[{"href":"https:\/\/infoecos.com.ar\/index.php\/wp-json\/wp\/v2\/types\/post"}],"author":[{"embeddable":true,"href":"https:\/\/infoecos.com.ar\/index.php\/wp-json\/wp\/v2\/users\/2"}],"replies":[{"embeddable":true,"href":"https:\/\/infoecos.com.ar\/index.php\/wp-json\/wp\/v2\/comments?post=78459"}],"version-history":[{"count":1,"href":"https:\/\/infoecos.com.ar\/index.php\/wp-json\/wp\/v2\/posts\/78459\/revisions"}],"predecessor-version":[{"id":78460,"href":"https:\/\/infoecos.com.ar\/index.php\/wp-json\/wp\/v2\/posts\/78459\/revisions\/78460"}],"wp:featuredmedia":[{"embeddable":true,"href":"https:\/\/infoecos.com.ar\/index.php\/wp-json\/wp\/v2\/media\/61364"}],"wp:attachment":[{"href":"https:\/\/infoecos.com.ar\/index.php\/wp-json\/wp\/v2\/media?parent=78459"}],"wp:term":[{"taxonomy":"category","embeddable":true,"href":"https:\/\/infoecos.com.ar\/index.php\/wp-json\/wp\/v2\/categories?post=78459"},{"taxonomy":"post_tag","embeddable":true,"href":"https:\/\/infoecos.com.ar\/index.php\/wp-json\/wp\/v2\/tags?post=78459"}],"curies":[{"name":"wp","href":"https:\/\/api.w.org\/{rel}","templated":true}]}}