{"id":78469,"date":"2021-05-21T01:44:57","date_gmt":"2021-05-21T04:44:57","guid":{"rendered":"http:\/\/infoecos.com.ar\/?p=78469"},"modified":"2021-05-23T01:37:43","modified_gmt":"2021-05-23T04:37:43","slug":"diputados-aprobo-el-fortalecimiento-del-sistema-nacional-de-bomberos-voluntarios","status":"publish","type":"post","link":"https:\/\/infoecos.com.ar\/index.php\/diputados-aprobo-el-fortalecimiento-del-sistema-nacional-de-bomberos-voluntarios\/","title":{"rendered":"Diputados aprob\u00f3 el Fortalecimiento del Sistema Nacional de Bomberos Voluntarios"},"content":{"rendered":"\n<p class=\"wp-block-paragraph\">La C\u00e1mara de Diputados de la Naci\u00f3n vot\u00f3 por un proyecto que beneficia a bomberos de todo el pa\u00eds.<\/p>\n\n\n\n<p class=\"wp-block-paragraph\">Aprob\u00f3 de manera un\u00e1nime la iniciativa presentada por el legislador, oriundo de Bol\u00edvar, Eduardo \u201cBali\u201d Bucca. Con 223 votos afirmativos y sin abstenciones, se sancion\u00f3 el&nbsp;Fortalecimiento del Sistema Nacional de Bomberos Voluntarios. Beneficia a m\u00e1s de 44 mil servidores p\u00fablicos de todo el pa\u00eds.<\/p>\n\n\n\n<div class=\"wp-block-image\"><figure class=\"aligncenter size-medium\"><img decoding=\"async\" src=\"http:\/\/infoecos.com.ar\/wp-content\/uploads\/23551067_10159531609810332_5512508142158609714_o-460x258.jpg\" alt=\"\" class=\"wp-image-43859\"\/><figcaption>Bomberos Voluntarios &#8211; nuevos m\u00f3viles<\/figcaption><\/figure><\/div>\n\n\n\n<p class=\"wp-block-paragraph\">\u201cCon esta medida el Estado protege a quienes nos protegen, que es una forma de proteger a todos los ciudadanos\u201d, resalt\u00f3 el titular del cuerpo legislativo&nbsp;Sergio Massa.<\/p>\n\n\n\n<p class=\"wp-block-paragraph\">La iniciativa tiene como objetivo crear un&nbsp;r\u00e9gimen tarifario especial para las entidades.&nbsp;<\/p>\n\n\n\n<p class=\"wp-block-paragraph\">La norma apunta a que los cuarteles tengan acceso gratuito a los servicios y plantea la<strong>&nbsp;<\/strong>asistencia en materia de salud y rehabilitaci\u00f3n para aquellos bomberos que tengan accidentes. En ese sentido se incluyen prestaciones como asistencia m\u00e9dica y farmac\u00e9utica, pr\u00f3tesis y ortopedia, rehabilitaci\u00f3n y traslados. Adem\u00e1s, se contempla una prestaci\u00f3n en el caso de incapacidad laboral temporaria.<\/p>\n\n\n\n<div class=\"wp-block-image\"><figure class=\"aligncenter size-medium\"><img loading=\"lazy\" decoding=\"async\" width=\"460\" height=\"307\" src=\"http:\/\/infoecos.com.ar\/wp-content\/uploads\/2020\/09\/buccabali-460x307.jpg\" alt=\"\" class=\"wp-image-67298\" srcset=\"https:\/\/infoecos.com.ar\/wp-content\/uploads\/2020\/09\/buccabali-460x307.jpg 460w, https:\/\/infoecos.com.ar\/wp-content\/uploads\/2020\/09\/buccabali-920x614.jpg 920w, https:\/\/infoecos.com.ar\/wp-content\/uploads\/2020\/09\/buccabali-768x512.jpg 768w, https:\/\/infoecos.com.ar\/wp-content\/uploads\/2020\/09\/buccabali-675x450.jpg 675w, https:\/\/infoecos.com.ar\/wp-content\/uploads\/2020\/09\/buccabali.jpg 1024w\" sizes=\"auto, (max-width: 460px) 100vw, 460px\" \/><\/figure><\/div>\n\n\n\n<p class=\"wp-block-paragraph\">Al mismo tiempo, establece una asistencia econ\u00f3mica y la devoluci\u00f3n del IVA para las compras realizadas por las entidades del Sistema de Bomberos Voluntarios. \u201cEl sujeto responsable inscripto en el IVA que realice ventas a estas entidades emitir\u00e1 sus facturas con IVA tasa cero y la leyenda \u2018venta sujeto ley 25.054\u2019\u201d, apunta el texto.<\/p>\n","protected":false},"excerpt":{"rendered":"<p>La norma apunta a que los cuarteles tengan acceso gratuito a los servicios y plantea la asistencia en materia de salud y rehabilitaci\u00f3n para aquellos bomberos que tengan accidentes<\/p>\n","protected":false},"author":2,"featured_media":67298,"comment_status":"closed","ping_status":"open","sticky":false,"template":"","format":"standard","meta":{"footnotes":""},"categories":[199],"tags":[],"class_list":["post-78469","post","type-post","status-publish","format-standard","has-post-thumbnail","hentry","category-inferior7"],"featured_image_urls":{"full":["https:\/\/infoecos.com.ar\/wp-content\/uploads\/2020\/09\/buccabali.jpg",1024,683,false],"thumbnail":["https:\/\/infoecos.com.ar\/wp-content\/uploads\/2020\/09\/buccabali-150x150.jpg",150,150,true],"medium":["https:\/\/infoecos.com.ar\/wp-content\/uploads\/2020\/09\/buccabali-460x307.jpg",460,307,true],"medium_large":["https:\/\/infoecos.com.ar\/wp-content\/uploads\/2020\/09\/buccabali-768x512.jpg",640,427,true],"large":["https:\/\/infoecos.com.ar\/wp-content\/uploads\/2020\/09\/buccabali-920x614.jpg",640,427,true],"1536x1536":["https:\/\/infoecos.com.ar\/wp-content\/uploads\/2020\/09\/buccabali.jpg",1024,683,false],"2048x2048":["https:\/\/infoecos.com.ar\/wp-content\/uploads\/2020\/09\/buccabali.jpg",1024,683,false],"covernews-slider-full":["https:\/\/infoecos.com.ar\/wp-content\/uploads\/2020\/09\/buccabali.jpg",1024,683,false],"covernews-slider-center":["https:\/\/infoecos.com.ar\/wp-content\/uploads\/2020\/09\/buccabali-936x683.jpg",685,500,true],"covernews-featured":["https:\/\/infoecos.com.ar\/wp-content\/uploads\/2020\/09\/buccabali.jpg",1024,683,false],"covernews-medium":["https:\/\/infoecos.com.ar\/wp-content\/uploads\/2020\/09\/buccabali-720x380.jpg",540,285,true],"covernews-medium-square":["https:\/\/infoecos.com.ar\/wp-content\/uploads\/2020\/09\/buccabali-675x450.jpg",375,250,true]},"author_info":{"info":["Jorge Matheus"]},"category_info":"<a href=\"https:\/\/infoecos.com.ar\/index.php\/category\/inferior7\/\" rel=\"category tag\">Bloque inferior - 7<\/a>","tag_info":"Bloque inferior - 7","comment_count":"0","_links":{"self":[{"href":"https:\/\/infoecos.com.ar\/index.php\/wp-json\/wp\/v2\/posts\/78469","targetHints":{"allow":["GET"]}}],"collection":[{"href":"https:\/\/infoecos.com.ar\/index.php\/wp-json\/wp\/v2\/posts"}],"about":[{"href":"https:\/\/infoecos.com.ar\/index.php\/wp-json\/wp\/v2\/types\/post"}],"author":[{"embeddable":true,"href":"https:\/\/infoecos.com.ar\/index.php\/wp-json\/wp\/v2\/users\/2"}],"replies":[{"embeddable":true,"href":"https:\/\/infoecos.com.ar\/index.php\/wp-json\/wp\/v2\/comments?post=78469"}],"version-history":[{"count":2,"href":"https:\/\/infoecos.com.ar\/index.php\/wp-json\/wp\/v2\/posts\/78469\/revisions"}],"predecessor-version":[{"id":78592,"href":"https:\/\/infoecos.com.ar\/index.php\/wp-json\/wp\/v2\/posts\/78469\/revisions\/78592"}],"wp:featuredmedia":[{"embeddable":true,"href":"https:\/\/infoecos.com.ar\/index.php\/wp-json\/wp\/v2\/media\/67298"}],"wp:attachment":[{"href":"https:\/\/infoecos.com.ar\/index.php\/wp-json\/wp\/v2\/media?parent=78469"}],"wp:term":[{"taxonomy":"category","embeddable":true,"href":"https:\/\/infoecos.com.ar\/index.php\/wp-json\/wp\/v2\/categories?post=78469"},{"taxonomy":"post_tag","embeddable":true,"href":"https:\/\/infoecos.com.ar\/index.php\/wp-json\/wp\/v2\/tags?post=78469"}],"curies":[{"name":"wp","href":"https:\/\/api.w.org\/{rel}","templated":true}]}}