{"id":78473,"date":"2021-05-21T01:51:44","date_gmt":"2021-05-21T04:51:44","guid":{"rendered":"http:\/\/infoecos.com.ar\/?p=78473"},"modified":"2021-05-21T01:51:53","modified_gmt":"2021-05-21T04:51:53","slug":"la-pampa-reporto-este-jueves-737-casos-positivos-y-nueve-fallecimientos","status":"publish","type":"post","link":"https:\/\/infoecos.com.ar\/index.php\/la-pampa-reporto-este-jueves-737-casos-positivos-y-nueve-fallecimientos\/","title":{"rendered":"La Pampa report\u00f3 este jueves 737 casos positivos y nueve fallecimientos"},"content":{"rendered":"\n<p class=\"wp-block-paragraph\">El Ministerio de Salud de la provincia de La Pampa report\u00f3 este jueves 737 casos positivos y nueve fallecimientos como consecuencia de la segunda ola de la pandemia del coronavirus en La Pampa.\u00a0<\/p>\n\n\n\n<p class=\"wp-block-paragraph\">En cuanto a las muertes,&nbsp;<strong>se trata de cuatro mujeres y dos hombres de Santa Rosa. En cuanto las mujeres tienen 31, 75, 87 y 91 a\u00f1os, respectivamente. Los varones tienen 61 y 70 a\u00f1os. Tambi\u00e9n hay dos v\u00edctimas de General Pico: dos hombres de 52 y 86 a\u00f1os. M\u00e1s otro vecino de&nbsp;Chos Malal,&nbsp; de 73 a\u00f1os de edad<\/strong>.<\/p>\n\n\n\n<div class=\"wp-block-image\"><figure class=\"aligncenter size-medium\"><img loading=\"lazy\" decoding=\"async\" width=\"460\" height=\"259\" src=\"http:\/\/infoecos.com.ar\/wp-content\/uploads\/2020\/08\/5f1860549a98c_1004x565-460x259.jpg\" alt=\"\" class=\"wp-image-66688\" srcset=\"https:\/\/infoecos.com.ar\/wp-content\/uploads\/2020\/08\/5f1860549a98c_1004x565-460x259.jpg 460w, https:\/\/infoecos.com.ar\/wp-content\/uploads\/2020\/08\/5f1860549a98c_1004x565-920x518.jpg 920w, https:\/\/infoecos.com.ar\/wp-content\/uploads\/2020\/08\/5f1860549a98c_1004x565-768x432.jpg 768w, https:\/\/infoecos.com.ar\/wp-content\/uploads\/2020\/08\/5f1860549a98c_1004x565.jpg 1004w\" sizes=\"auto, (max-width: 460px) 100vw, 460px\" \/><\/figure><\/div>\n\n\n\n<p class=\"wp-block-paragraph\">De las 2.523 muestras analizadas en toda la provincia 1318 fueron por test r\u00e1pidos y 1205 por PCR. La positividad, que mide la evoluci\u00f3n de la cantidad de infectados, tuvo una leve baja al 29,21%.<\/p>\n\n\n\n<p class=\"wp-block-paragraph\">\u00a0De los 737 nuevos contagios,\u00a0<strong>281 son en Santa Rosa, 151 en General Pico, 36 en Eduardo Castex, 26 en Quem\u00fa Quem\u00fa, 23 en Toay, 22 en Intendente Alvear, 19 en Miguel Riglos, 18 en 25 de Mayo, 16 en Macach\u00edn, 14 en Victorica, 14 en Luan Toro, 13 en Trenel, 10 en Realico, 10 en Puel\u00e9n, 7 en Ingeniero Luiggi, 6 en Vertiz, 6 en Bernardo Larroud\u00e9, 5 en Gral. San Martin, 5 en Guatrach\u00e9, 5 en Anguil, 4 en Catril\u00f3, 4 en General Acha, 4 en Alta Italia, 4 en Dorila, 3 en La Adela, 3 en Conhello, 2 en Jacinto Arauz, 2 en Adolfo Van Praet, 2 en Arata, 2 en Caleuf\u00fa, 2 en Pichi Huinca, 1 en Colonia Bar\u00f3n, 1 en Doblas, 1 en La Humada, 1 en Parera, 1 en Embajador Martini, 1 en Ataliva Roca, 1 en Winifreda, 1 en Speluzzi, 1 en Falucho, 1 en Villa Mirasol, 1 en Bernasconi, 1 en Tel\u00e9n, 1 en Sarah, 1 en Rancul, 1 en Quetrequen, 1 en Quehue, 1 en Chos Malal y 1 en Abramo<\/strong>.<\/p>\n\n\n\n<p class=\"wp-block-paragraph\"><strong>Fuente: eldiariodelapampa.com.ar<\/strong><\/p>\n","protected":false},"excerpt":{"rendered":"<p>De las 2.523 muestras analizadas en toda la provincia 1318 fueron por test r\u00e1pidos y 1205 por PCR. La positividad, que mide la evoluci\u00f3n de la cantidad de infectados, tuvo una leve baja al 29,21%<\/p>\n","protected":false},"author":2,"featured_media":66688,"comment_status":"closed","ping_status":"open","sticky":false,"template":"","format":"standard","meta":{"footnotes":""},"categories":[1614],"tags":[1785],"class_list":["post-78473","post","type-post","status-publish","format-standard","has-post-thumbnail","hentry","category-c2nota7","tag-coronavirus"],"featured_image_urls":{"full":["https:\/\/infoecos.com.ar\/wp-content\/uploads\/2020\/08\/5f1860549a98c_1004x565.jpg",1004,565,false],"thumbnail":["https:\/\/infoecos.com.ar\/wp-content\/uploads\/2020\/08\/5f1860549a98c_1004x565-150x150.jpg",150,150,true],"medium":["https:\/\/infoecos.com.ar\/wp-content\/uploads\/2020\/08\/5f1860549a98c_1004x565-460x259.jpg",460,259,true],"medium_large":["https:\/\/infoecos.com.ar\/wp-content\/uploads\/2020\/08\/5f1860549a98c_1004x565-768x432.jpg",640,360,true],"large":["https:\/\/infoecos.com.ar\/wp-content\/uploads\/2020\/08\/5f1860549a98c_1004x565-920x518.jpg",640,360,true],"1536x1536":["https:\/\/infoecos.com.ar\/wp-content\/uploads\/2020\/08\/5f1860549a98c_1004x565.jpg",1004,565,false],"2048x2048":["https:\/\/infoecos.com.ar\/wp-content\/uploads\/2020\/08\/5f1860549a98c_1004x565.jpg",1004,565,false],"covernews-slider-full":["https:\/\/infoecos.com.ar\/wp-content\/uploads\/2020\/08\/5f1860549a98c_1004x565.jpg",1004,565,false],"covernews-slider-center":["https:\/\/infoecos.com.ar\/wp-content\/uploads\/2020\/08\/5f1860549a98c_1004x565-936x565.jpg",800,483,true],"covernews-featured":["https:\/\/infoecos.com.ar\/wp-content\/uploads\/2020\/08\/5f1860549a98c_1004x565.jpg",1004,565,false],"covernews-medium":["https:\/\/infoecos.com.ar\/wp-content\/uploads\/2020\/08\/5f1860549a98c_1004x565-720x380.jpg",540,285,true],"covernews-medium-square":["https:\/\/infoecos.com.ar\/wp-content\/uploads\/2020\/08\/5f1860549a98c_1004x565-675x450.jpg",375,250,true]},"author_info":{"info":["Jorge Matheus"]},"category_info":"<a href=\"https:\/\/infoecos.com.ar\/index.php\/category\/c2nota7\/\" rel=\"category tag\">C2 N7<\/a>","tag_info":"C2 N7","comment_count":"0","_links":{"self":[{"href":"https:\/\/infoecos.com.ar\/index.php\/wp-json\/wp\/v2\/posts\/78473","targetHints":{"allow":["GET"]}}],"collection":[{"href":"https:\/\/infoecos.com.ar\/index.php\/wp-json\/wp\/v2\/posts"}],"about":[{"href":"https:\/\/infoecos.com.ar\/index.php\/wp-json\/wp\/v2\/types\/post"}],"author":[{"embeddable":true,"href":"https:\/\/infoecos.com.ar\/index.php\/wp-json\/wp\/v2\/users\/2"}],"replies":[{"embeddable":true,"href":"https:\/\/infoecos.com.ar\/index.php\/wp-json\/wp\/v2\/comments?post=78473"}],"version-history":[{"count":1,"href":"https:\/\/infoecos.com.ar\/index.php\/wp-json\/wp\/v2\/posts\/78473\/revisions"}],"predecessor-version":[{"id":78474,"href":"https:\/\/infoecos.com.ar\/index.php\/wp-json\/wp\/v2\/posts\/78473\/revisions\/78474"}],"wp:featuredmedia":[{"embeddable":true,"href":"https:\/\/infoecos.com.ar\/index.php\/wp-json\/wp\/v2\/media\/66688"}],"wp:attachment":[{"href":"https:\/\/infoecos.com.ar\/index.php\/wp-json\/wp\/v2\/media?parent=78473"}],"wp:term":[{"taxonomy":"category","embeddable":true,"href":"https:\/\/infoecos.com.ar\/index.php\/wp-json\/wp\/v2\/categories?post=78473"},{"taxonomy":"post_tag","embeddable":true,"href":"https:\/\/infoecos.com.ar\/index.php\/wp-json\/wp\/v2\/tags?post=78473"}],"curies":[{"name":"wp","href":"https:\/\/api.w.org\/{rel}","templated":true}]}}