{"id":78480,"date":"2021-05-21T16:49:48","date_gmt":"2021-05-21T19:49:48","guid":{"rendered":"http:\/\/infoecos.com.ar\/?p=78480"},"modified":"2021-05-23T01:36:40","modified_gmt":"2021-05-23T04:36:40","slug":"las-personas-que-cumplen-tareas-de-servicio-domestico-no-podran-trabajar-durante-los-nueve-dias","status":"publish","type":"post","link":"https:\/\/infoecos.com.ar\/index.php\/las-personas-que-cumplen-tareas-de-servicio-domestico-no-podran-trabajar-durante-los-nueve-dias\/","title":{"rendered":"Las personas que cumplen tareas de servicio dom\u00e9stico no podr\u00e1n trabajar durante los nueve d\u00edas"},"content":{"rendered":"\n<p class=\"wp-block-paragraph\">Las personas que cumplen tareas de servicio dom\u00e9stico no podr\u00e1n trabajar durante los nueve d\u00edas de duraci\u00f3n del aislamiento estricto que comenzar\u00e1 a regir desde el primer minuto de este s\u00e1bado hasta la medianoche del 30 de mayo.<\/p>\n\n\n\n<p class=\"wp-block-paragraph\">\u201cEn principio no podr\u00e1n trabajar porque se suspende la actividad productiva y laboral,&nbsp;<strong>salvo para las excepciones, y el servicio dom\u00e9stico no est\u00e1 exceptuado\u201d, indic\u00f3 este viernes el jefe de Gabinete, Santiago Cafiero<\/strong>, en una entrevista que brind\u00f3 a Radio 10.<\/p>\n\n\n\n<div class=\"wp-block-image\"><figure class=\"aligncenter\"><img decoding=\"async\" src=\"https:\/\/www.telam.com.ar\/advf\/imagenes\/2020\/08\/5f25b523b7f48_324x575.jpg\" alt=\"\" title=\"\"\/><figcaption>Fuente: nota y foto Telam<\/figcaption><\/figure><\/div>\n\n\n\n<p class=\"wp-block-paragraph\">\u201cSe suspenden las actividades productivas y econ\u00f3micas salvo las que est\u00e1n exceptuadas. Los que est\u00e1n exceptuados es un listado que va a estar publicado en el DNU esta medianoche y no est\u00e1 el servicio domestico\u201d, insisti\u00f3 el jefe de Gabinete.<\/p>\n","protected":false},"excerpt":{"rendered":"<p>\u201cEn principio no podr\u00e1n trabajar porque se suspende la actividad productiva y laboral, salvo para las excepciones, y el servicio dom\u00e9stico no est\u00e1 exceptuado\u201d, indic\u00f3 este viernes el jefe de Gabinete, Santiago Cafiero<\/p>\n","protected":false},"author":2,"featured_media":72378,"comment_status":"closed","ping_status":"open","sticky":false,"template":"","format":"standard","meta":{"footnotes":""},"categories":[44],"tags":[3718],"class_list":["post-78480","post","type-post","status-publish","format-standard","has-post-thumbnail","hentry","category-inferior5","tag-lo-comunico-el-jefe-de-gabinete"],"featured_image_urls":{"full":["https:\/\/infoecos.com.ar\/wp-content\/uploads\/2021\/01\/cafierosantiago.jpg",600,337,false],"thumbnail":["https:\/\/infoecos.com.ar\/wp-content\/uploads\/2021\/01\/cafierosantiago-150x150.jpg",150,150,true],"medium":["https:\/\/infoecos.com.ar\/wp-content\/uploads\/2021\/01\/cafierosantiago-460x258.jpg",460,258,true],"medium_large":["https:\/\/infoecos.com.ar\/wp-content\/uploads\/2021\/01\/cafierosantiago.jpg",600,337,false],"large":["https:\/\/infoecos.com.ar\/wp-content\/uploads\/2021\/01\/cafierosantiago.jpg",600,337,false],"1536x1536":["https:\/\/infoecos.com.ar\/wp-content\/uploads\/2021\/01\/cafierosantiago.jpg",600,337,false],"2048x2048":["https:\/\/infoecos.com.ar\/wp-content\/uploads\/2021\/01\/cafierosantiago.jpg",600,337,false],"covernews-slider-full":["https:\/\/infoecos.com.ar\/wp-content\/uploads\/2021\/01\/cafierosantiago.jpg",600,337,false],"covernews-slider-center":["https:\/\/infoecos.com.ar\/wp-content\/uploads\/2021\/01\/cafierosantiago.jpg",600,337,false],"covernews-featured":["https:\/\/infoecos.com.ar\/wp-content\/uploads\/2021\/01\/cafierosantiago.jpg",600,337,false],"covernews-medium":["https:\/\/infoecos.com.ar\/wp-content\/uploads\/2021\/01\/cafierosantiago.jpg",540,303,false],"covernews-medium-square":["https:\/\/infoecos.com.ar\/wp-content\/uploads\/2021\/01\/cafierosantiago.jpg",400,225,false]},"author_info":{"info":["Jorge Matheus"]},"category_info":"<a href=\"https:\/\/infoecos.com.ar\/index.php\/category\/inferior5\/\" rel=\"category tag\">Bloque inferior - 5<\/a>","tag_info":"Bloque inferior - 5","comment_count":"0","_links":{"self":[{"href":"https:\/\/infoecos.com.ar\/index.php\/wp-json\/wp\/v2\/posts\/78480","targetHints":{"allow":["GET"]}}],"collection":[{"href":"https:\/\/infoecos.com.ar\/index.php\/wp-json\/wp\/v2\/posts"}],"about":[{"href":"https:\/\/infoecos.com.ar\/index.php\/wp-json\/wp\/v2\/types\/post"}],"author":[{"embeddable":true,"href":"https:\/\/infoecos.com.ar\/index.php\/wp-json\/wp\/v2\/users\/2"}],"replies":[{"embeddable":true,"href":"https:\/\/infoecos.com.ar\/index.php\/wp-json\/wp\/v2\/comments?post=78480"}],"version-history":[{"count":1,"href":"https:\/\/infoecos.com.ar\/index.php\/wp-json\/wp\/v2\/posts\/78480\/revisions"}],"predecessor-version":[{"id":78481,"href":"https:\/\/infoecos.com.ar\/index.php\/wp-json\/wp\/v2\/posts\/78480\/revisions\/78481"}],"wp:featuredmedia":[{"embeddable":true,"href":"https:\/\/infoecos.com.ar\/index.php\/wp-json\/wp\/v2\/media\/72378"}],"wp:attachment":[{"href":"https:\/\/infoecos.com.ar\/index.php\/wp-json\/wp\/v2\/media?parent=78480"}],"wp:term":[{"taxonomy":"category","embeddable":true,"href":"https:\/\/infoecos.com.ar\/index.php\/wp-json\/wp\/v2\/categories?post=78480"},{"taxonomy":"post_tag","embeddable":true,"href":"https:\/\/infoecos.com.ar\/index.php\/wp-json\/wp\/v2\/tags?post=78480"}],"curies":[{"name":"wp","href":"https:\/\/api.w.org\/{rel}","templated":true}]}}