{"id":78482,"date":"2021-05-21T16:58:33","date_gmt":"2021-05-21T19:58:33","guid":{"rendered":"http:\/\/infoecos.com.ar\/?p=78482"},"modified":"2021-05-23T01:35:52","modified_gmt":"2021-05-23T04:35:52","slug":"la-asociacion-judicial-bonaerense-reclamo-nuevas-medidas-de-confinamiento-a-la-suprema-corte","status":"publish","type":"post","link":"https:\/\/infoecos.com.ar\/index.php\/la-asociacion-judicial-bonaerense-reclamo-nuevas-medidas-de-confinamiento-a-la-suprema-corte\/","title":{"rendered":"La Asociaci\u00f3n Judicial Bonaerense reclam\u00f3 nuevas medidas de confinamiento a la Suprema Corte"},"content":{"rendered":"\n<p>La Asociaci\u00f3n Judicial Bonaerense realiz\u00f3 una presentaci\u00f3n al Presidente de la Suprema Corte de Justicia de la provincia de Buenos Aires, Luis E. Genoud, reclamando con urgencia un nuevo esquema de funcionamiento de excepci\u00f3n para trabajadores y trabajadoras del Poder Judicial, de acuerdo a las nuevas medidas de confinamiento anunciadas por el gobierno nacional.<\/p>\n\n\n\n<p>En la nota se subraya que sin perjuicio de los reclamos que la AJB viene realizando para que restrinja la presencialidad en el Poder Judicial, en el marco de las medidas anunciadas por el Poder Ejecutivo Nacional para los pr\u00f3ximos d\u00edas, se disponga un esquema de funcionamiento con asueto y suspensi\u00f3n de t\u00e9rminos procesales, limitado a la atenci\u00f3n de cuestiones urgentes o que por su naturaleza no admitan postergaci\u00f3n.<\/p>\n\n\n\n<div class=\"wp-block-image\"><figure class=\"aligncenter size-large\"><img loading=\"lazy\" decoding=\"async\" width=\"600\" height=\"285\" src=\"http:\/\/infoecos.com.ar\/wp-content\/uploads\/2021\/05\/supremacorte.jpg\" alt=\"\" class=\"wp-image-78483\" srcset=\"https:\/\/infoecos.com.ar\/wp-content\/uploads\/2021\/05\/supremacorte.jpg 600w, https:\/\/infoecos.com.ar\/wp-content\/uploads\/2021\/05\/supremacorte-460x219.jpg 460w\" sizes=\"(max-width: 600px) 100vw, 600px\" \/><\/figure><\/div>\n\n\n\n<p>De acuerdo a lo requerido por la AJB, ese esquema deber\u00e1 habilitar presencialidad exclusivamente en las dependencias de turno, las que deber\u00e1n funcionar con una guardia m\u00ednima del personal indispensable taxativamente definido por el m\u00e1ximo Tribunal, conforme los asuntos a tratar y la gravedad de la situaci\u00f3n epidemiol\u00f3gica y sanitaria, e integrado por personas que no utilicen el transporte p\u00fablico para su traslado.<\/p>\n\n\n\n<p>Por \u00faltimo, la AJB requiri\u00f3 a la Suprema Corte la convocatoria a una instancia de di\u00e1logo institucional durante la semana en que se desarrollen las medidas de restricci\u00f3n mencionadas, con el objeto de continuar analizando las acciones a desarrollar una vez finalizado su per\u00edodo de vigencia.<\/p>\n","protected":false},"excerpt":{"rendered":"<p>Pide se disponga un esquema de funcionamiento con asueto y suspensi\u00f3n de t\u00e9rminos procesales<\/p>\n","protected":false},"author":2,"featured_media":78483,"comment_status":"closed","ping_status":"open","sticky":false,"template":"","format":"standard","meta":{"footnotes":""},"categories":[43],"tags":[1785],"class_list":["post-78482","post","type-post","status-publish","format-standard","has-post-thumbnail","hentry","category-inferior4","tag-coronavirus"],"yoast_head":"<!-- This site is optimized with the Yoast SEO plugin v23.4 - https:\/\/yoast.com\/wordpress\/plugins\/seo\/ -->\n<title>La Asociaci\u00f3n Judicial Bonaerense reclam\u00f3 nuevas medidas de confinamiento a la Suprema Corte - Infoecos<\/title>\n<meta name=\"robots\" content=\"index, follow, max-snippet:-1, max-image-preview:large, max-video-preview:-1\" \/>\n<link rel=\"canonical\" href=\"https:\/\/infoecos.com.ar\/index.php\/la-asociacion-judicial-bonaerense-reclamo-nuevas-medidas-de-confinamiento-a-la-suprema-corte\/\" \/>\n<meta property=\"og:locale\" content=\"es_ES\" \/>\n<meta property=\"og:type\" content=\"article\" \/>\n<meta property=\"og:title\" content=\"La Asociaci\u00f3n Judicial Bonaerense reclam\u00f3 nuevas medidas de confinamiento a la Suprema Corte - Infoecos\" \/>\n<meta property=\"og:description\" content=\"Pide se disponga un esquema de funcionamiento con asueto y suspensi\u00f3n de t\u00e9rminos procesales\" \/>\n<meta property=\"og:url\" content=\"https:\/\/infoecos.com.ar\/index.php\/la-asociacion-judicial-bonaerense-reclamo-nuevas-medidas-de-confinamiento-a-la-suprema-corte\/\" \/>\n<meta property=\"og:site_name\" content=\"Infoecos\" \/>\n<meta property=\"article:publisher\" content=\"https:\/\/www.facebook.com\/profile.php?id=100063200290284\" \/>\n<meta property=\"article:published_time\" content=\"2021-05-21T19:58:33+00:00\" \/>\n<meta property=\"article:modified_time\" content=\"2021-05-23T04:35:52+00:00\" \/>\n<meta property=\"og:image\" content=\"https:\/\/infoecos.com.ar\/wp-content\/uploads\/2021\/05\/supremacorte.jpg\" \/>\n\t<meta property=\"og:image:width\" content=\"600\" \/>\n\t<meta property=\"og:image:height\" content=\"285\" \/>\n\t<meta property=\"og:image:type\" content=\"image\/jpeg\" \/>\n<meta name=\"author\" content=\"Jorge Matheus\" \/>\n<meta name=\"twitter:card\" content=\"summary_large_image\" \/>\n<meta name=\"twitter:creator\" content=\"@infoecos\" \/>\n<meta name=\"twitter:site\" content=\"@infoecos\" \/>\n<meta name=\"twitter:label1\" content=\"Escrito por\" \/>\n\t<meta name=\"twitter:data1\" content=\"Jorge Matheus\" \/>\n\t<meta name=\"twitter:label2\" content=\"Tiempo de lectura\" \/>\n\t<meta name=\"twitter:data2\" content=\"1 minuto\" \/>\n<script type=\"application\/ld+json\" class=\"yoast-schema-graph\">{\"@context\":\"https:\/\/schema.org\",\"@graph\":[{\"@type\":\"Article\",\"@id\":\"https:\/\/infoecos.com.ar\/index.php\/la-asociacion-judicial-bonaerense-reclamo-nuevas-medidas-de-confinamiento-a-la-suprema-corte\/#article\",\"isPartOf\":{\"@id\":\"https:\/\/infoecos.com.ar\/index.php\/la-asociacion-judicial-bonaerense-reclamo-nuevas-medidas-de-confinamiento-a-la-suprema-corte\/\"},\"author\":{\"name\":\"Jorge Matheus\",\"@id\":\"https:\/\/infoecos.com.ar\/#\/schema\/person\/8f5ace5ce73b4b4aac4b7245aee6f191\"},\"headline\":\"La Asociaci\u00f3n Judicial Bonaerense reclam\u00f3 nuevas medidas de confinamiento a la Suprema Corte\",\"datePublished\":\"2021-05-21T19:58:33+00:00\",\"dateModified\":\"2021-05-23T04:35:52+00:00\",\"mainEntityOfPage\":{\"@id\":\"https:\/\/infoecos.com.ar\/index.php\/la-asociacion-judicial-bonaerense-reclamo-nuevas-medidas-de-confinamiento-a-la-suprema-corte\/\"},\"wordCount\":264,\"publisher\":{\"@id\":\"https:\/\/infoecos.com.ar\/#organization\"},\"image\":{\"@id\":\"https:\/\/infoecos.com.ar\/index.php\/la-asociacion-judicial-bonaerense-reclamo-nuevas-medidas-de-confinamiento-a-la-suprema-corte\/#primaryimage\"},\"thumbnailUrl\":\"https:\/\/infoecos.com.ar\/wp-content\/uploads\/2021\/05\/supremacorte.jpg\",\"keywords\":[\"CORONAVIRUS\"],\"articleSection\":[\"Bloque inferior - 4\"],\"inLanguage\":\"es\"},{\"@type\":\"WebPage\",\"@id\":\"https:\/\/infoecos.com.ar\/index.php\/la-asociacion-judicial-bonaerense-reclamo-nuevas-medidas-de-confinamiento-a-la-suprema-corte\/\",\"url\":\"https:\/\/infoecos.com.ar\/index.php\/la-asociacion-judicial-bonaerense-reclamo-nuevas-medidas-de-confinamiento-a-la-suprema-corte\/\",\"name\":\"La Asociaci\u00f3n Judicial Bonaerense reclam\u00f3 nuevas medidas de confinamiento a la Suprema Corte - Infoecos\",\"isPartOf\":{\"@id\":\"https:\/\/infoecos.com.ar\/#website\"},\"primaryImageOfPage\":{\"@id\":\"https:\/\/infoecos.com.ar\/index.php\/la-asociacion-judicial-bonaerense-reclamo-nuevas-medidas-de-confinamiento-a-la-suprema-corte\/#primaryimage\"},\"image\":{\"@id\":\"https:\/\/infoecos.com.ar\/index.php\/la-asociacion-judicial-bonaerense-reclamo-nuevas-medidas-de-confinamiento-a-la-suprema-corte\/#primaryimage\"},\"thumbnailUrl\":\"https:\/\/infoecos.com.ar\/wp-content\/uploads\/2021\/05\/supremacorte.jpg\",\"datePublished\":\"2021-05-21T19:58:33+00:00\",\"dateModified\":\"2021-05-23T04:35:52+00:00\",\"breadcrumb\":{\"@id\":\"https:\/\/infoecos.com.ar\/index.php\/la-asociacion-judicial-bonaerense-reclamo-nuevas-medidas-de-confinamiento-a-la-suprema-corte\/#breadcrumb\"},\"inLanguage\":\"es\",\"potentialAction\":[{\"@type\":\"ReadAction\",\"target\":[\"https:\/\/infoecos.com.ar\/index.php\/la-asociacion-judicial-bonaerense-reclamo-nuevas-medidas-de-confinamiento-a-la-suprema-corte\/\"]}]},{\"@type\":\"ImageObject\",\"inLanguage\":\"es\",\"@id\":\"https:\/\/infoecos.com.ar\/index.php\/la-asociacion-judicial-bonaerense-reclamo-nuevas-medidas-de-confinamiento-a-la-suprema-corte\/#primaryimage\",\"url\":\"https:\/\/infoecos.com.ar\/wp-content\/uploads\/2021\/05\/supremacorte.jpg\",\"contentUrl\":\"https:\/\/infoecos.com.ar\/wp-content\/uploads\/2021\/05\/supremacorte.jpg\",\"width\":600,\"height\":285},{\"@type\":\"BreadcrumbList\",\"@id\":\"https:\/\/infoecos.com.ar\/index.php\/la-asociacion-judicial-bonaerense-reclamo-nuevas-medidas-de-confinamiento-a-la-suprema-corte\/#breadcrumb\",\"itemListElement\":[{\"@type\":\"ListItem\",\"position\":1,\"name\":\"Portada\",\"item\":\"https:\/\/infoecos.com.ar\/\"},{\"@type\":\"ListItem\",\"position\":2,\"name\":\"La Asociaci\u00f3n Judicial Bonaerense reclam\u00f3 nuevas medidas de confinamiento a la Suprema Corte\"}]},{\"@type\":\"WebSite\",\"@id\":\"https:\/\/infoecos.com.ar\/#website\",\"url\":\"https:\/\/infoecos.com.ar\/\",\"name\":\"Infoecos\",\"description\":\"Noticias de trenque lauquen y la zona\",\"publisher\":{\"@id\":\"https:\/\/infoecos.com.ar\/#organization\"},\"alternateName\":\"Noticias\",\"potentialAction\":[{\"@type\":\"SearchAction\",\"target\":{\"@type\":\"EntryPoint\",\"urlTemplate\":\"https:\/\/infoecos.com.ar\/?s={search_term_string}\"},\"query-input\":{\"@type\":\"PropertyValueSpecification\",\"valueRequired\":true,\"valueName\":\"search_term_string\"}}],\"inLanguage\":\"es\"},{\"@type\":\"Organization\",\"@id\":\"https:\/\/infoecos.com.ar\/#organization\",\"name\":\"Infoecos\",\"alternateName\":\"Noticias\",\"url\":\"https:\/\/infoecos.com.ar\/\",\"logo\":{\"@type\":\"ImageObject\",\"inLanguage\":\"es\",\"@id\":\"https:\/\/infoecos.com.ar\/#\/schema\/logo\/image\/\",\"url\":\"https:\/\/infoecos.com.ar\/wp-content\/uploads\/2024\/03\/cropped-logo.png\",\"contentUrl\":\"https:\/\/infoecos.com.ar\/wp-content\/uploads\/2024\/03\/cropped-logo.png\",\"width\":374,\"height\":90,\"caption\":\"Infoecos\"},\"image\":{\"@id\":\"https:\/\/infoecos.com.ar\/#\/schema\/logo\/image\/\"},\"sameAs\":[\"https:\/\/www.facebook.com\/profile.php?id=100063200290284\",\"https:\/\/x.com\/infoecos\"]},{\"@type\":\"Person\",\"@id\":\"https:\/\/infoecos.com.ar\/#\/schema\/person\/8f5ace5ce73b4b4aac4b7245aee6f191\",\"name\":\"Jorge Matheus\",\"url\":\"https:\/\/infoecos.com.ar\/index.php\/author\/jomatheus\/\"}]}<\/script>\n<!-- \/ Yoast SEO plugin. -->","yoast_head_json":{"title":"La Asociaci\u00f3n Judicial Bonaerense reclam\u00f3 nuevas medidas de confinamiento a la Suprema Corte - Infoecos","robots":{"index":"index","follow":"follow","max-snippet":"max-snippet:-1","max-image-preview":"max-image-preview:large","max-video-preview":"max-video-preview:-1"},"canonical":"https:\/\/infoecos.com.ar\/index.php\/la-asociacion-judicial-bonaerense-reclamo-nuevas-medidas-de-confinamiento-a-la-suprema-corte\/","og_locale":"es_ES","og_type":"article","og_title":"La Asociaci\u00f3n Judicial Bonaerense reclam\u00f3 nuevas medidas de confinamiento a la Suprema Corte - Infoecos","og_description":"Pide se disponga un esquema de funcionamiento con asueto y suspensi\u00f3n de t\u00e9rminos procesales","og_url":"https:\/\/infoecos.com.ar\/index.php\/la-asociacion-judicial-bonaerense-reclamo-nuevas-medidas-de-confinamiento-a-la-suprema-corte\/","og_site_name":"Infoecos","article_publisher":"https:\/\/www.facebook.com\/profile.php?id=100063200290284","article_published_time":"2021-05-21T19:58:33+00:00","article_modified_time":"2021-05-23T04:35:52+00:00","og_image":[{"width":600,"height":285,"url":"https:\/\/infoecos.com.ar\/wp-content\/uploads\/2021\/05\/supremacorte.jpg","type":"image\/jpeg"}],"author":"Jorge Matheus","twitter_card":"summary_large_image","twitter_creator":"@infoecos","twitter_site":"@infoecos","twitter_misc":{"Escrito por":"Jorge Matheus","Tiempo de lectura":"1 minuto"},"schema":{"@context":"https:\/\/schema.org","@graph":[{"@type":"Article","@id":"https:\/\/infoecos.com.ar\/index.php\/la-asociacion-judicial-bonaerense-reclamo-nuevas-medidas-de-confinamiento-a-la-suprema-corte\/#article","isPartOf":{"@id":"https:\/\/infoecos.com.ar\/index.php\/la-asociacion-judicial-bonaerense-reclamo-nuevas-medidas-de-confinamiento-a-la-suprema-corte\/"},"author":{"name":"Jorge Matheus","@id":"https:\/\/infoecos.com.ar\/#\/schema\/person\/8f5ace5ce73b4b4aac4b7245aee6f191"},"headline":"La Asociaci\u00f3n Judicial Bonaerense reclam\u00f3 nuevas medidas de confinamiento a la Suprema Corte","datePublished":"2021-05-21T19:58:33+00:00","dateModified":"2021-05-23T04:35:52+00:00","mainEntityOfPage":{"@id":"https:\/\/infoecos.com.ar\/index.php\/la-asociacion-judicial-bonaerense-reclamo-nuevas-medidas-de-confinamiento-a-la-suprema-corte\/"},"wordCount":264,"publisher":{"@id":"https:\/\/infoecos.com.ar\/#organization"},"image":{"@id":"https:\/\/infoecos.com.ar\/index.php\/la-asociacion-judicial-bonaerense-reclamo-nuevas-medidas-de-confinamiento-a-la-suprema-corte\/#primaryimage"},"thumbnailUrl":"https:\/\/infoecos.com.ar\/wp-content\/uploads\/2021\/05\/supremacorte.jpg","keywords":["CORONAVIRUS"],"articleSection":["Bloque inferior - 4"],"inLanguage":"es"},{"@type":"WebPage","@id":"https:\/\/infoecos.com.ar\/index.php\/la-asociacion-judicial-bonaerense-reclamo-nuevas-medidas-de-confinamiento-a-la-suprema-corte\/","url":"https:\/\/infoecos.com.ar\/index.php\/la-asociacion-judicial-bonaerense-reclamo-nuevas-medidas-de-confinamiento-a-la-suprema-corte\/","name":"La Asociaci\u00f3n Judicial Bonaerense reclam\u00f3 nuevas medidas de confinamiento a la Suprema Corte - Infoecos","isPartOf":{"@id":"https:\/\/infoecos.com.ar\/#website"},"primaryImageOfPage":{"@id":"https:\/\/infoecos.com.ar\/index.php\/la-asociacion-judicial-bonaerense-reclamo-nuevas-medidas-de-confinamiento-a-la-suprema-corte\/#primaryimage"},"image":{"@id":"https:\/\/infoecos.com.ar\/index.php\/la-asociacion-judicial-bonaerense-reclamo-nuevas-medidas-de-confinamiento-a-la-suprema-corte\/#primaryimage"},"thumbnailUrl":"https:\/\/infoecos.com.ar\/wp-content\/uploads\/2021\/05\/supremacorte.jpg","datePublished":"2021-05-21T19:58:33+00:00","dateModified":"2021-05-23T04:35:52+00:00","breadcrumb":{"@id":"https:\/\/infoecos.com.ar\/index.php\/la-asociacion-judicial-bonaerense-reclamo-nuevas-medidas-de-confinamiento-a-la-suprema-corte\/#breadcrumb"},"inLanguage":"es","potentialAction":[{"@type":"ReadAction","target":["https:\/\/infoecos.com.ar\/index.php\/la-asociacion-judicial-bonaerense-reclamo-nuevas-medidas-de-confinamiento-a-la-suprema-corte\/"]}]},{"@type":"ImageObject","inLanguage":"es","@id":"https:\/\/infoecos.com.ar\/index.php\/la-asociacion-judicial-bonaerense-reclamo-nuevas-medidas-de-confinamiento-a-la-suprema-corte\/#primaryimage","url":"https:\/\/infoecos.com.ar\/wp-content\/uploads\/2021\/05\/supremacorte.jpg","contentUrl":"https:\/\/infoecos.com.ar\/wp-content\/uploads\/2021\/05\/supremacorte.jpg","width":600,"height":285},{"@type":"BreadcrumbList","@id":"https:\/\/infoecos.com.ar\/index.php\/la-asociacion-judicial-bonaerense-reclamo-nuevas-medidas-de-confinamiento-a-la-suprema-corte\/#breadcrumb","itemListElement":[{"@type":"ListItem","position":1,"name":"Portada","item":"https:\/\/infoecos.com.ar\/"},{"@type":"ListItem","position":2,"name":"La Asociaci\u00f3n Judicial Bonaerense reclam\u00f3 nuevas medidas de confinamiento a la Suprema Corte"}]},{"@type":"WebSite","@id":"https:\/\/infoecos.com.ar\/#website","url":"https:\/\/infoecos.com.ar\/","name":"Infoecos","description":"Noticias de trenque lauquen y la zona","publisher":{"@id":"https:\/\/infoecos.com.ar\/#organization"},"alternateName":"Noticias","potentialAction":[{"@type":"SearchAction","target":{"@type":"EntryPoint","urlTemplate":"https:\/\/infoecos.com.ar\/?s={search_term_string}"},"query-input":{"@type":"PropertyValueSpecification","valueRequired":true,"valueName":"search_term_string"}}],"inLanguage":"es"},{"@type":"Organization","@id":"https:\/\/infoecos.com.ar\/#organization","name":"Infoecos","alternateName":"Noticias","url":"https:\/\/infoecos.com.ar\/","logo":{"@type":"ImageObject","inLanguage":"es","@id":"https:\/\/infoecos.com.ar\/#\/schema\/logo\/image\/","url":"https:\/\/infoecos.com.ar\/wp-content\/uploads\/2024\/03\/cropped-logo.png","contentUrl":"https:\/\/infoecos.com.ar\/wp-content\/uploads\/2024\/03\/cropped-logo.png","width":374,"height":90,"caption":"Infoecos"},"image":{"@id":"https:\/\/infoecos.com.ar\/#\/schema\/logo\/image\/"},"sameAs":["https:\/\/www.facebook.com\/profile.php?id=100063200290284","https:\/\/x.com\/infoecos"]},{"@type":"Person","@id":"https:\/\/infoecos.com.ar\/#\/schema\/person\/8f5ace5ce73b4b4aac4b7245aee6f191","name":"Jorge Matheus","url":"https:\/\/infoecos.com.ar\/index.php\/author\/jomatheus\/"}]}},"featured_image_urls":{"full":["https:\/\/infoecos.com.ar\/wp-content\/uploads\/2021\/05\/supremacorte.jpg",600,285,false],"thumbnail":["https:\/\/infoecos.com.ar\/wp-content\/uploads\/2021\/05\/supremacorte-150x150.jpg",150,150,true],"medium":["https:\/\/infoecos.com.ar\/wp-content\/uploads\/2021\/05\/supremacorte-460x219.jpg",460,219,true],"medium_large":["https:\/\/infoecos.com.ar\/wp-content\/uploads\/2021\/05\/supremacorte.jpg",600,285,false],"large":["https:\/\/infoecos.com.ar\/wp-content\/uploads\/2021\/05\/supremacorte.jpg",600,285,false],"1536x1536":["https:\/\/infoecos.com.ar\/wp-content\/uploads\/2021\/05\/supremacorte.jpg",600,285,false],"2048x2048":["https:\/\/infoecos.com.ar\/wp-content\/uploads\/2021\/05\/supremacorte.jpg",600,285,false],"covernews-slider-full":["https:\/\/infoecos.com.ar\/wp-content\/uploads\/2021\/05\/supremacorte.jpg",600,285,false],"covernews-slider-center":["https:\/\/infoecos.com.ar\/wp-content\/uploads\/2021\/05\/supremacorte.jpg",600,285,false],"covernews-featured":["https:\/\/infoecos.com.ar\/wp-content\/uploads\/2021\/05\/supremacorte.jpg",600,285,false],"covernews-medium":["https:\/\/infoecos.com.ar\/wp-content\/uploads\/2021\/05\/supremacorte.jpg",540,257,false],"covernews-medium-square":["https:\/\/infoecos.com.ar\/wp-content\/uploads\/2021\/05\/supremacorte.jpg",400,190,false]},"author_info":{"info":["Jorge Matheus"]},"category_info":"<a href=\"https:\/\/infoecos.com.ar\/index.php\/category\/inferior4\/\" rel=\"category tag\">Bloque inferior - 4<\/a>","tag_info":"Bloque inferior - 4","comment_count":"0","_links":{"self":[{"href":"https:\/\/infoecos.com.ar\/index.php\/wp-json\/wp\/v2\/posts\/78482"}],"collection":[{"href":"https:\/\/infoecos.com.ar\/index.php\/wp-json\/wp\/v2\/posts"}],"about":[{"href":"https:\/\/infoecos.com.ar\/index.php\/wp-json\/wp\/v2\/types\/post"}],"author":[{"embeddable":true,"href":"https:\/\/infoecos.com.ar\/index.php\/wp-json\/wp\/v2\/users\/2"}],"replies":[{"embeddable":true,"href":"https:\/\/infoecos.com.ar\/index.php\/wp-json\/wp\/v2\/comments?post=78482"}],"version-history":[{"count":1,"href":"https:\/\/infoecos.com.ar\/index.php\/wp-json\/wp\/v2\/posts\/78482\/revisions"}],"predecessor-version":[{"id":78484,"href":"https:\/\/infoecos.com.ar\/index.php\/wp-json\/wp\/v2\/posts\/78482\/revisions\/78484"}],"wp:featuredmedia":[{"embeddable":true,"href":"https:\/\/infoecos.com.ar\/index.php\/wp-json\/wp\/v2\/media\/78483"}],"wp:attachment":[{"href":"https:\/\/infoecos.com.ar\/index.php\/wp-json\/wp\/v2\/media?parent=78482"}],"wp:term":[{"taxonomy":"category","embeddable":true,"href":"https:\/\/infoecos.com.ar\/index.php\/wp-json\/wp\/v2\/categories?post=78482"},{"taxonomy":"post_tag","embeddable":true,"href":"https:\/\/infoecos.com.ar\/index.php\/wp-json\/wp\/v2\/tags?post=78482"}],"curies":[{"name":"wp","href":"https:\/\/api.w.org\/{rel}","templated":true}]}}