{"id":78493,"date":"2021-05-21T17:39:04","date_gmt":"2021-05-21T20:39:04","guid":{"rendered":"http:\/\/infoecos.com.ar\/?p=78493"},"modified":"2021-05-21T17:39:11","modified_gmt":"2021-05-21T20:39:11","slug":"sera-normal-el-servicio-de-recoleccion-de-residuos-en-trenque-lauquen-los-dias-lunes-24-y-martes-25","status":"publish","type":"post","link":"https:\/\/infoecos.com.ar\/index.php\/sera-normal-el-servicio-de-recoleccion-de-residuos-en-trenque-lauquen-los-dias-lunes-24-y-martes-25\/","title":{"rendered":"Ser\u00e1 normal el servicio de recolecci\u00f3n de residuos en Trenque Lauquen los d\u00edas lunes 24 y martes 25"},"content":{"rendered":"\n<p>El servicio de recolecci\u00f3n de residuos se prestar\u00e1 normalmente el pr\u00f3ximo lunes, 24 de mayo, declarado feriado puente, y tambi\u00e9n el martes, 25 de mayo, feriado nacional por el d\u00eda de la Revoluci\u00f3n de Mayo, inform\u00f3 este viernes el titular de la direcci\u00f3n de Higiene Urbana del Municipio, N\u00e9stor C\u00f3ccaro.<\/p>\n\n\n\n<p>El funcionario pidi\u00f3 a los vecinos que colaboren con los recolectores sacando las bolsas de basura durante la ma\u00f1ana y que no depositen los residuos en punta de rambla, sobre todo despu\u00e9s que pasa el cami\u00f3n recolector.<\/p>\n\n\n\n<div class=\"wp-block-image\"><figure class=\"aligncenter size-medium\"><img loading=\"lazy\" decoding=\"async\" width=\"460\" height=\"318\" src=\"http:\/\/infoecos.com.ar\/wp-content\/uploads\/Recoleccion-de-residuos-460x318.jpg\" alt=\"\" class=\"wp-image-63520\" srcset=\"https:\/\/infoecos.com.ar\/wp-content\/uploads\/Recoleccion-de-residuos-460x318.jpg 460w, https:\/\/infoecos.com.ar\/wp-content\/uploads\/Recoleccion-de-residuos.jpg 702w\" sizes=\"(max-width: 460px) 100vw, 460px\" \/><\/figure><\/div>\n\n\n\n<p>El cronograma general de recolecci\u00f3n vigente es el siguiente:<\/p>\n\n\n\n<p>\u2013 \u00c1rea urbana: Lunes, martes, jueves, viernes y s\u00e1bados desde las 7 horas (mi\u00e9rcoles y domingo, se reitera, no hay servicio).<\/p>\n\n\n\n<p>\u2013 Ampliaci\u00f3n Urbana y Zona Quintas: Lunes, mi\u00e9rcoles, viernes y s\u00e1bados desde las 7 horas.<\/p>\n\n\n\n<p>\u2013 Beruti: Martes y jueves desde las 16 horas y domingos a partir de las 9.<\/p>\n","protected":false},"excerpt":{"rendered":"<p>Se pidi\u00f3 a los vecinos que colaboren con los recolectores sacando las bolsas de basura durante la ma\u00f1ana y que no depositen los residuos en punta de rambla<\/p>\n","protected":false},"author":2,"featured_media":70586,"comment_status":"closed","ping_status":"open","sticky":false,"template":"","format":"standard","meta":{"footnotes":""},"categories":[51],"tags":[594],"class_list":["post-78493","post","type-post","status-publish","format-standard","has-post-thumbnail","hentry","category-c2nota4","tag-servicios-publicos"],"yoast_head":"<!-- This site is optimized with the Yoast SEO plugin v23.4 - https:\/\/yoast.com\/wordpress\/plugins\/seo\/ -->\n<title>Ser\u00e1 normal el servicio de recolecci\u00f3n de residuos en Trenque Lauquen los d\u00edas lunes 24 y martes 25 - Infoecos<\/title>\n<meta name=\"robots\" content=\"index, follow, max-snippet:-1, max-image-preview:large, max-video-preview:-1\" \/>\n<link rel=\"canonical\" href=\"https:\/\/infoecos.com.ar\/index.php\/sera-normal-el-servicio-de-recoleccion-de-residuos-en-trenque-lauquen-los-dias-lunes-24-y-martes-25\/\" \/>\n<meta property=\"og:locale\" content=\"es_ES\" \/>\n<meta property=\"og:type\" content=\"article\" \/>\n<meta property=\"og:title\" content=\"Ser\u00e1 normal el servicio de recolecci\u00f3n de residuos en Trenque Lauquen los d\u00edas lunes 24 y martes 25 - Infoecos\" \/>\n<meta property=\"og:description\" content=\"Se pidi\u00f3 a los vecinos que colaboren con los recolectores sacando las bolsas de basura durante la ma\u00f1ana y que no depositen los residuos en punta de rambla\" \/>\n<meta property=\"og:url\" content=\"https:\/\/infoecos.com.ar\/index.php\/sera-normal-el-servicio-de-recoleccion-de-residuos-en-trenque-lauquen-los-dias-lunes-24-y-martes-25\/\" \/>\n<meta property=\"og:site_name\" content=\"Infoecos\" \/>\n<meta property=\"article:publisher\" content=\"https:\/\/www.facebook.com\/profile.php?id=100063200290284\" \/>\n<meta property=\"article:published_time\" content=\"2021-05-21T20:39:04+00:00\" \/>\n<meta property=\"article:modified_time\" content=\"2021-05-21T20:39:11+00:00\" \/>\n<meta property=\"og:image\" content=\"https:\/\/infoecos.com.ar\/wp-content\/uploads\/2020\/11\/Recoleccion-de-residuos.jpg\" \/>\n\t<meta property=\"og:image:width\" content=\"1080\" \/>\n\t<meta property=\"og:image:height\" content=\"675\" \/>\n\t<meta property=\"og:image:type\" content=\"image\/jpeg\" \/>\n<meta name=\"author\" content=\"Jorge Matheus\" \/>\n<meta name=\"twitter:card\" content=\"summary_large_image\" \/>\n<meta name=\"twitter:creator\" content=\"@infoecos\" \/>\n<meta name=\"twitter:site\" content=\"@infoecos\" \/>\n<meta name=\"twitter:label1\" content=\"Escrito por\" \/>\n\t<meta name=\"twitter:data1\" content=\"Jorge Matheus\" \/>\n\t<meta name=\"twitter:label2\" content=\"Tiempo de lectura\" \/>\n\t<meta name=\"twitter:data2\" content=\"1 minuto\" \/>\n<script type=\"application\/ld+json\" class=\"yoast-schema-graph\">{\"@context\":\"https:\/\/schema.org\",\"@graph\":[{\"@type\":\"Article\",\"@id\":\"https:\/\/infoecos.com.ar\/index.php\/sera-normal-el-servicio-de-recoleccion-de-residuos-en-trenque-lauquen-los-dias-lunes-24-y-martes-25\/#article\",\"isPartOf\":{\"@id\":\"https:\/\/infoecos.com.ar\/index.php\/sera-normal-el-servicio-de-recoleccion-de-residuos-en-trenque-lauquen-los-dias-lunes-24-y-martes-25\/\"},\"author\":{\"name\":\"Jorge Matheus\",\"@id\":\"https:\/\/infoecos.com.ar\/#\/schema\/person\/8f5ace5ce73b4b4aac4b7245aee6f191\"},\"headline\":\"Ser\u00e1 normal el servicio de recolecci\u00f3n de residuos en Trenque Lauquen los d\u00edas lunes 24 y martes 25\",\"datePublished\":\"2021-05-21T20:39:04+00:00\",\"dateModified\":\"2021-05-21T20:39:11+00:00\",\"mainEntityOfPage\":{\"@id\":\"https:\/\/infoecos.com.ar\/index.php\/sera-normal-el-servicio-de-recoleccion-de-residuos-en-trenque-lauquen-los-dias-lunes-24-y-martes-25\/\"},\"wordCount\":174,\"publisher\":{\"@id\":\"https:\/\/infoecos.com.ar\/#organization\"},\"image\":{\"@id\":\"https:\/\/infoecos.com.ar\/index.php\/sera-normal-el-servicio-de-recoleccion-de-residuos-en-trenque-lauquen-los-dias-lunes-24-y-martes-25\/#primaryimage\"},\"thumbnailUrl\":\"https:\/\/infoecos.com.ar\/wp-content\/uploads\/2020\/11\/Recoleccion-de-residuos.jpg\",\"keywords\":[\"SERVICIOS P\u00daBLICOS\"],\"articleSection\":[\"C2 N4\"],\"inLanguage\":\"es\"},{\"@type\":\"WebPage\",\"@id\":\"https:\/\/infoecos.com.ar\/index.php\/sera-normal-el-servicio-de-recoleccion-de-residuos-en-trenque-lauquen-los-dias-lunes-24-y-martes-25\/\",\"url\":\"https:\/\/infoecos.com.ar\/index.php\/sera-normal-el-servicio-de-recoleccion-de-residuos-en-trenque-lauquen-los-dias-lunes-24-y-martes-25\/\",\"name\":\"Ser\u00e1 normal el servicio de recolecci\u00f3n de residuos en Trenque Lauquen los d\u00edas lunes 24 y martes 25 - Infoecos\",\"isPartOf\":{\"@id\":\"https:\/\/infoecos.com.ar\/#website\"},\"primaryImageOfPage\":{\"@id\":\"https:\/\/infoecos.com.ar\/index.php\/sera-normal-el-servicio-de-recoleccion-de-residuos-en-trenque-lauquen-los-dias-lunes-24-y-martes-25\/#primaryimage\"},\"image\":{\"@id\":\"https:\/\/infoecos.com.ar\/index.php\/sera-normal-el-servicio-de-recoleccion-de-residuos-en-trenque-lauquen-los-dias-lunes-24-y-martes-25\/#primaryimage\"},\"thumbnailUrl\":\"https:\/\/infoecos.com.ar\/wp-content\/uploads\/2020\/11\/Recoleccion-de-residuos.jpg\",\"datePublished\":\"2021-05-21T20:39:04+00:00\",\"dateModified\":\"2021-05-21T20:39:11+00:00\",\"breadcrumb\":{\"@id\":\"https:\/\/infoecos.com.ar\/index.php\/sera-normal-el-servicio-de-recoleccion-de-residuos-en-trenque-lauquen-los-dias-lunes-24-y-martes-25\/#breadcrumb\"},\"inLanguage\":\"es\",\"potentialAction\":[{\"@type\":\"ReadAction\",\"target\":[\"https:\/\/infoecos.com.ar\/index.php\/sera-normal-el-servicio-de-recoleccion-de-residuos-en-trenque-lauquen-los-dias-lunes-24-y-martes-25\/\"]}]},{\"@type\":\"ImageObject\",\"inLanguage\":\"es\",\"@id\":\"https:\/\/infoecos.com.ar\/index.php\/sera-normal-el-servicio-de-recoleccion-de-residuos-en-trenque-lauquen-los-dias-lunes-24-y-martes-25\/#primaryimage\",\"url\":\"https:\/\/infoecos.com.ar\/wp-content\/uploads\/2020\/11\/Recoleccion-de-residuos.jpg\",\"contentUrl\":\"https:\/\/infoecos.com.ar\/wp-content\/uploads\/2020\/11\/Recoleccion-de-residuos.jpg\",\"width\":1080,\"height\":675},{\"@type\":\"BreadcrumbList\",\"@id\":\"https:\/\/infoecos.com.ar\/index.php\/sera-normal-el-servicio-de-recoleccion-de-residuos-en-trenque-lauquen-los-dias-lunes-24-y-martes-25\/#breadcrumb\",\"itemListElement\":[{\"@type\":\"ListItem\",\"position\":1,\"name\":\"Portada\",\"item\":\"https:\/\/infoecos.com.ar\/\"},{\"@type\":\"ListItem\",\"position\":2,\"name\":\"Ser\u00e1 normal el servicio de recolecci\u00f3n de residuos en Trenque Lauquen los d\u00edas lunes 24 y martes 25\"}]},{\"@type\":\"WebSite\",\"@id\":\"https:\/\/infoecos.com.ar\/#website\",\"url\":\"https:\/\/infoecos.com.ar\/\",\"name\":\"Infoecos\",\"description\":\"Noticias de trenque lauquen y la zona\",\"publisher\":{\"@id\":\"https:\/\/infoecos.com.ar\/#organization\"},\"alternateName\":\"Noticias\",\"potentialAction\":[{\"@type\":\"SearchAction\",\"target\":{\"@type\":\"EntryPoint\",\"urlTemplate\":\"https:\/\/infoecos.com.ar\/?s={search_term_string}\"},\"query-input\":{\"@type\":\"PropertyValueSpecification\",\"valueRequired\":true,\"valueName\":\"search_term_string\"}}],\"inLanguage\":\"es\"},{\"@type\":\"Organization\",\"@id\":\"https:\/\/infoecos.com.ar\/#organization\",\"name\":\"Infoecos\",\"alternateName\":\"Noticias\",\"url\":\"https:\/\/infoecos.com.ar\/\",\"logo\":{\"@type\":\"ImageObject\",\"inLanguage\":\"es\",\"@id\":\"https:\/\/infoecos.com.ar\/#\/schema\/logo\/image\/\",\"url\":\"https:\/\/infoecos.com.ar\/wp-content\/uploads\/2024\/03\/cropped-logo.png\",\"contentUrl\":\"https:\/\/infoecos.com.ar\/wp-content\/uploads\/2024\/03\/cropped-logo.png\",\"width\":374,\"height\":90,\"caption\":\"Infoecos\"},\"image\":{\"@id\":\"https:\/\/infoecos.com.ar\/#\/schema\/logo\/image\/\"},\"sameAs\":[\"https:\/\/www.facebook.com\/profile.php?id=100063200290284\",\"https:\/\/x.com\/infoecos\"]},{\"@type\":\"Person\",\"@id\":\"https:\/\/infoecos.com.ar\/#\/schema\/person\/8f5ace5ce73b4b4aac4b7245aee6f191\",\"name\":\"Jorge Matheus\",\"url\":\"https:\/\/infoecos.com.ar\/index.php\/author\/jomatheus\/\"}]}<\/script>\n<!-- \/ Yoast SEO plugin. -->","yoast_head_json":{"title":"Ser\u00e1 normal el servicio de recolecci\u00f3n de residuos en Trenque Lauquen los d\u00edas lunes 24 y martes 25 - Infoecos","robots":{"index":"index","follow":"follow","max-snippet":"max-snippet:-1","max-image-preview":"max-image-preview:large","max-video-preview":"max-video-preview:-1"},"canonical":"https:\/\/infoecos.com.ar\/index.php\/sera-normal-el-servicio-de-recoleccion-de-residuos-en-trenque-lauquen-los-dias-lunes-24-y-martes-25\/","og_locale":"es_ES","og_type":"article","og_title":"Ser\u00e1 normal el servicio de recolecci\u00f3n de residuos en Trenque Lauquen los d\u00edas lunes 24 y martes 25 - Infoecos","og_description":"Se pidi\u00f3 a los vecinos que colaboren con los recolectores sacando las bolsas de basura durante la ma\u00f1ana y que no depositen los residuos en punta de rambla","og_url":"https:\/\/infoecos.com.ar\/index.php\/sera-normal-el-servicio-de-recoleccion-de-residuos-en-trenque-lauquen-los-dias-lunes-24-y-martes-25\/","og_site_name":"Infoecos","article_publisher":"https:\/\/www.facebook.com\/profile.php?id=100063200290284","article_published_time":"2021-05-21T20:39:04+00:00","article_modified_time":"2021-05-21T20:39:11+00:00","og_image":[{"width":1080,"height":675,"url":"https:\/\/infoecos.com.ar\/wp-content\/uploads\/2020\/11\/Recoleccion-de-residuos.jpg","type":"image\/jpeg"}],"author":"Jorge Matheus","twitter_card":"summary_large_image","twitter_creator":"@infoecos","twitter_site":"@infoecos","twitter_misc":{"Escrito por":"Jorge Matheus","Tiempo de lectura":"1 minuto"},"schema":{"@context":"https:\/\/schema.org","@graph":[{"@type":"Article","@id":"https:\/\/infoecos.com.ar\/index.php\/sera-normal-el-servicio-de-recoleccion-de-residuos-en-trenque-lauquen-los-dias-lunes-24-y-martes-25\/#article","isPartOf":{"@id":"https:\/\/infoecos.com.ar\/index.php\/sera-normal-el-servicio-de-recoleccion-de-residuos-en-trenque-lauquen-los-dias-lunes-24-y-martes-25\/"},"author":{"name":"Jorge Matheus","@id":"https:\/\/infoecos.com.ar\/#\/schema\/person\/8f5ace5ce73b4b4aac4b7245aee6f191"},"headline":"Ser\u00e1 normal el servicio de recolecci\u00f3n de residuos en Trenque Lauquen los d\u00edas lunes 24 y martes 25","datePublished":"2021-05-21T20:39:04+00:00","dateModified":"2021-05-21T20:39:11+00:00","mainEntityOfPage":{"@id":"https:\/\/infoecos.com.ar\/index.php\/sera-normal-el-servicio-de-recoleccion-de-residuos-en-trenque-lauquen-los-dias-lunes-24-y-martes-25\/"},"wordCount":174,"publisher":{"@id":"https:\/\/infoecos.com.ar\/#organization"},"image":{"@id":"https:\/\/infoecos.com.ar\/index.php\/sera-normal-el-servicio-de-recoleccion-de-residuos-en-trenque-lauquen-los-dias-lunes-24-y-martes-25\/#primaryimage"},"thumbnailUrl":"https:\/\/infoecos.com.ar\/wp-content\/uploads\/2020\/11\/Recoleccion-de-residuos.jpg","keywords":["SERVICIOS P\u00daBLICOS"],"articleSection":["C2 N4"],"inLanguage":"es"},{"@type":"WebPage","@id":"https:\/\/infoecos.com.ar\/index.php\/sera-normal-el-servicio-de-recoleccion-de-residuos-en-trenque-lauquen-los-dias-lunes-24-y-martes-25\/","url":"https:\/\/infoecos.com.ar\/index.php\/sera-normal-el-servicio-de-recoleccion-de-residuos-en-trenque-lauquen-los-dias-lunes-24-y-martes-25\/","name":"Ser\u00e1 normal el servicio de recolecci\u00f3n de residuos en Trenque Lauquen los d\u00edas lunes 24 y martes 25 - Infoecos","isPartOf":{"@id":"https:\/\/infoecos.com.ar\/#website"},"primaryImageOfPage":{"@id":"https:\/\/infoecos.com.ar\/index.php\/sera-normal-el-servicio-de-recoleccion-de-residuos-en-trenque-lauquen-los-dias-lunes-24-y-martes-25\/#primaryimage"},"image":{"@id":"https:\/\/infoecos.com.ar\/index.php\/sera-normal-el-servicio-de-recoleccion-de-residuos-en-trenque-lauquen-los-dias-lunes-24-y-martes-25\/#primaryimage"},"thumbnailUrl":"https:\/\/infoecos.com.ar\/wp-content\/uploads\/2020\/11\/Recoleccion-de-residuos.jpg","datePublished":"2021-05-21T20:39:04+00:00","dateModified":"2021-05-21T20:39:11+00:00","breadcrumb":{"@id":"https:\/\/infoecos.com.ar\/index.php\/sera-normal-el-servicio-de-recoleccion-de-residuos-en-trenque-lauquen-los-dias-lunes-24-y-martes-25\/#breadcrumb"},"inLanguage":"es","potentialAction":[{"@type":"ReadAction","target":["https:\/\/infoecos.com.ar\/index.php\/sera-normal-el-servicio-de-recoleccion-de-residuos-en-trenque-lauquen-los-dias-lunes-24-y-martes-25\/"]}]},{"@type":"ImageObject","inLanguage":"es","@id":"https:\/\/infoecos.com.ar\/index.php\/sera-normal-el-servicio-de-recoleccion-de-residuos-en-trenque-lauquen-los-dias-lunes-24-y-martes-25\/#primaryimage","url":"https:\/\/infoecos.com.ar\/wp-content\/uploads\/2020\/11\/Recoleccion-de-residuos.jpg","contentUrl":"https:\/\/infoecos.com.ar\/wp-content\/uploads\/2020\/11\/Recoleccion-de-residuos.jpg","width":1080,"height":675},{"@type":"BreadcrumbList","@id":"https:\/\/infoecos.com.ar\/index.php\/sera-normal-el-servicio-de-recoleccion-de-residuos-en-trenque-lauquen-los-dias-lunes-24-y-martes-25\/#breadcrumb","itemListElement":[{"@type":"ListItem","position":1,"name":"Portada","item":"https:\/\/infoecos.com.ar\/"},{"@type":"ListItem","position":2,"name":"Ser\u00e1 normal el servicio de recolecci\u00f3n de residuos en Trenque Lauquen los d\u00edas lunes 24 y martes 25"}]},{"@type":"WebSite","@id":"https:\/\/infoecos.com.ar\/#website","url":"https:\/\/infoecos.com.ar\/","name":"Infoecos","description":"Noticias de trenque lauquen y la zona","publisher":{"@id":"https:\/\/infoecos.com.ar\/#organization"},"alternateName":"Noticias","potentialAction":[{"@type":"SearchAction","target":{"@type":"EntryPoint","urlTemplate":"https:\/\/infoecos.com.ar\/?s={search_term_string}"},"query-input":{"@type":"PropertyValueSpecification","valueRequired":true,"valueName":"search_term_string"}}],"inLanguage":"es"},{"@type":"Organization","@id":"https:\/\/infoecos.com.ar\/#organization","name":"Infoecos","alternateName":"Noticias","url":"https:\/\/infoecos.com.ar\/","logo":{"@type":"ImageObject","inLanguage":"es","@id":"https:\/\/infoecos.com.ar\/#\/schema\/logo\/image\/","url":"https:\/\/infoecos.com.ar\/wp-content\/uploads\/2024\/03\/cropped-logo.png","contentUrl":"https:\/\/infoecos.com.ar\/wp-content\/uploads\/2024\/03\/cropped-logo.png","width":374,"height":90,"caption":"Infoecos"},"image":{"@id":"https:\/\/infoecos.com.ar\/#\/schema\/logo\/image\/"},"sameAs":["https:\/\/www.facebook.com\/profile.php?id=100063200290284","https:\/\/x.com\/infoecos"]},{"@type":"Person","@id":"https:\/\/infoecos.com.ar\/#\/schema\/person\/8f5ace5ce73b4b4aac4b7245aee6f191","name":"Jorge Matheus","url":"https:\/\/infoecos.com.ar\/index.php\/author\/jomatheus\/"}]}},"featured_image_urls":{"full":["https:\/\/infoecos.com.ar\/wp-content\/uploads\/2020\/11\/Recoleccion-de-residuos.jpg",1080,675,false],"thumbnail":["https:\/\/infoecos.com.ar\/wp-content\/uploads\/2020\/11\/Recoleccion-de-residuos-150x150.jpg",150,150,true],"medium":["https:\/\/infoecos.com.ar\/wp-content\/uploads\/2020\/11\/Recoleccion-de-residuos-460x288.jpg",460,288,true],"medium_large":["https:\/\/infoecos.com.ar\/wp-content\/uploads\/2020\/11\/Recoleccion-de-residuos-768x480.jpg",640,400,true],"large":["https:\/\/infoecos.com.ar\/wp-content\/uploads\/2020\/11\/Recoleccion-de-residuos-920x575.jpg",640,400,true],"1536x1536":["https:\/\/infoecos.com.ar\/wp-content\/uploads\/2020\/11\/Recoleccion-de-residuos.jpg",1080,675,false],"2048x2048":["https:\/\/infoecos.com.ar\/wp-content\/uploads\/2020\/11\/Recoleccion-de-residuos.jpg",1080,675,false],"covernews-slider-full":["https:\/\/infoecos.com.ar\/wp-content\/uploads\/2020\/11\/Recoleccion-de-residuos.jpg",1080,675,false],"covernews-slider-center":["https:\/\/infoecos.com.ar\/wp-content\/uploads\/2020\/11\/Recoleccion-de-residuos-936x675.jpg",693,500,true],"covernews-featured":["https:\/\/infoecos.com.ar\/wp-content\/uploads\/2020\/11\/Recoleccion-de-residuos-1024x640.jpg",1024,640,true],"covernews-medium":["https:\/\/infoecos.com.ar\/wp-content\/uploads\/2020\/11\/Recoleccion-de-residuos-720x380.jpg",540,285,true],"covernews-medium-square":["https:\/\/infoecos.com.ar\/wp-content\/uploads\/2020\/11\/Recoleccion-de-residuos-675x450.jpg",375,250,true]},"author_info":{"info":["Jorge Matheus"]},"category_info":"<a href=\"https:\/\/infoecos.com.ar\/index.php\/category\/c2nota4\/\" rel=\"category tag\">C2 N4<\/a>","tag_info":"C2 N4","comment_count":"0","_links":{"self":[{"href":"https:\/\/infoecos.com.ar\/index.php\/wp-json\/wp\/v2\/posts\/78493"}],"collection":[{"href":"https:\/\/infoecos.com.ar\/index.php\/wp-json\/wp\/v2\/posts"}],"about":[{"href":"https:\/\/infoecos.com.ar\/index.php\/wp-json\/wp\/v2\/types\/post"}],"author":[{"embeddable":true,"href":"https:\/\/infoecos.com.ar\/index.php\/wp-json\/wp\/v2\/users\/2"}],"replies":[{"embeddable":true,"href":"https:\/\/infoecos.com.ar\/index.php\/wp-json\/wp\/v2\/comments?post=78493"}],"version-history":[{"count":1,"href":"https:\/\/infoecos.com.ar\/index.php\/wp-json\/wp\/v2\/posts\/78493\/revisions"}],"predecessor-version":[{"id":78494,"href":"https:\/\/infoecos.com.ar\/index.php\/wp-json\/wp\/v2\/posts\/78493\/revisions\/78494"}],"wp:featuredmedia":[{"embeddable":true,"href":"https:\/\/infoecos.com.ar\/index.php\/wp-json\/wp\/v2\/media\/70586"}],"wp:attachment":[{"href":"https:\/\/infoecos.com.ar\/index.php\/wp-json\/wp\/v2\/media?parent=78493"}],"wp:term":[{"taxonomy":"category","embeddable":true,"href":"https:\/\/infoecos.com.ar\/index.php\/wp-json\/wp\/v2\/categories?post=78493"},{"taxonomy":"post_tag","embeddable":true,"href":"https:\/\/infoecos.com.ar\/index.php\/wp-json\/wp\/v2\/tags?post=78493"}],"curies":[{"name":"wp","href":"https:\/\/api.w.org\/{rel}","templated":true}]}}