{"id":78515,"date":"2021-05-22T00:47:41","date_gmt":"2021-05-22T03:47:41","guid":{"rendered":"http:\/\/infoecos.com.ar\/?p=78515"},"modified":"2021-05-22T00:47:45","modified_gmt":"2021-05-22T03:47:45","slug":"la-senadora-beccar-varela-de-jxc-4-seccion-repudio-el-cierre-de-las-exportaciones-de-carne","status":"publish","type":"post","link":"https:\/\/infoecos.com.ar\/index.php\/la-senadora-beccar-varela-de-jxc-4-seccion-repudio-el-cierre-de-las-exportaciones-de-carne\/","title":{"rendered":"La senadora Beccar Varela, de JxC 4\u00b0 Secci\u00f3n repudi\u00f3 el cierre de las exportaciones de carne"},"content":{"rendered":"\n<p class=\"wp-block-paragraph\">Los senadores de Juntos por el Cambio, Alejandro Cellillo y Felicitas Beccar Varela, presentaron un proyecto en el Senado bonaerense repudiando y manifestando una profunda preocupaci\u00f3n por la medida dispuesta por el Poder Ejecutivo Nacional respecto al cierre de las exportaciones de carne vacuna por el lapso de 30 d\u00edas.<\/p>\n\n\n\n<p class=\"wp-block-paragraph\">\u00abEl anuncio compromete la producci\u00f3n ganadera, el abastecimiento de carne y el cumplimiento de los compromisos internacionales asumidos\u00bb, remarcaron los legisladores a lo largo de la presentaci\u00f3n y solicitaron al \u201cPoder Ejecutivo provincial, que por intermedio del \u00e1rea que corresponda, se dirija al gobierno nacional a los fines de que tenga a bien reconsiderar esta decisi\u00f3n ya que la misma fracas\u00f3 en el pasado demostrando que su \u00fanica consecuencia es un perjuicio enorme al interior productivo\u00bb.<\/p>\n\n\n\n<div class=\"wp-block-image\"><figure class=\"aligncenter size-medium\"><img decoding=\"async\" src=\"http:\/\/infoecos.com.ar\/wp-content\/uploads\/06-05-inaug-obras-en-Carnes-Pampeanas3-345x460.jpeg\" alt=\"\" class=\"wp-image-56224\"\/><\/figure><\/div>\n\n\n\n<p class=\"wp-block-paragraph\">En esa direcci\u00f3n, Cellillo y Beccar Varela, sostuvieron que \u201cla intervenci\u00f3n del mercado ganadero en la d\u00e9cada anterior a 2015 caus\u00f3, entre otros efectos: la p\u00e9rdida de 10 millones de cabezas de ganado, el cierre de 130 frigor\u00edficos, la ca\u00edda del 75% de las exportaciones y un aumento del 200% del precio de la carne al p\u00fablico, con la consecuente ca\u00edda del 20% del consumo per c\u00e1pita de carne\u00bb.<\/p>\n\n\n\n<p class=\"wp-block-paragraph\">\u00abLa actividad ganadera es importante para el pa\u00eds y para Buenos Aires ya que es una gran generadora de actividad, fuentes de empleo y valor para toda la provincia\u00bb, explicaron los senadores y continuaron: \u201cse requiere de grandes inversiones de capital y demanda varios a\u00f1os el proceso productivo. Necesita previsibilidad para poder sostenerse a trav\u00e9s del tiempo. Ya hemos visto en el pasado c\u00f3mo el cambio permanente de las reglas de juego y las intervenciones unilaterales e inconsultas han sido marcadamente negativas para la actividad\u00bb.<\/p>\n\n\n\n<p class=\"wp-block-paragraph\">Por \u00faltimo los senadores de Juntos por el Cambio se refirieron al incumplimiento de los compromisos internacionales y remarcaron: \u00abesta medida va a disminuir la oferta de carne, haciendo que los precios terminen subiendo, sumado a que est\u00e1 demostrado que en ese precio final hay una fuerte incidencia de los impuestos que el Estado percibe\u00bb&nbsp;<\/p>\n","protected":false},"excerpt":{"rendered":"<p>Los senadores de Juntos por el Cambio, Alejandro Cellillo y Felicitas Beccar Varela, presentaron un proyecto en el Senado bonaerense repudiando y manifestando una profunda preocupaci\u00f3n por la medida<\/p>\n","protected":false},"author":2,"featured_media":54859,"comment_status":"closed","ping_status":"open","sticky":false,"template":"","format":"standard","meta":{"footnotes":""},"categories":[49],"tags":[97],"class_list":["post-78515","post","type-post","status-publish","format-standard","has-post-thumbnail","hentry","category-c3nota3","tag-economia"],"featured_image_urls":{"full":"","thumbnail":"","medium":"","medium_large":"","large":"","1536x1536":"","2048x2048":"","covernews-slider-full":"","covernews-slider-center":"","covernews-featured":"","covernews-medium":"","covernews-medium-square":""},"author_info":{"info":["Jorge Matheus"]},"category_info":"<a href=\"https:\/\/infoecos.com.ar\/index.php\/category\/c3nota3\/\" rel=\"category tag\">C3 N3<\/a>","tag_info":"C3 N3","comment_count":"0","_links":{"self":[{"href":"https:\/\/infoecos.com.ar\/index.php\/wp-json\/wp\/v2\/posts\/78515","targetHints":{"allow":["GET"]}}],"collection":[{"href":"https:\/\/infoecos.com.ar\/index.php\/wp-json\/wp\/v2\/posts"}],"about":[{"href":"https:\/\/infoecos.com.ar\/index.php\/wp-json\/wp\/v2\/types\/post"}],"author":[{"embeddable":true,"href":"https:\/\/infoecos.com.ar\/index.php\/wp-json\/wp\/v2\/users\/2"}],"replies":[{"embeddable":true,"href":"https:\/\/infoecos.com.ar\/index.php\/wp-json\/wp\/v2\/comments?post=78515"}],"version-history":[{"count":1,"href":"https:\/\/infoecos.com.ar\/index.php\/wp-json\/wp\/v2\/posts\/78515\/revisions"}],"predecessor-version":[{"id":78516,"href":"https:\/\/infoecos.com.ar\/index.php\/wp-json\/wp\/v2\/posts\/78515\/revisions\/78516"}],"wp:attachment":[{"href":"https:\/\/infoecos.com.ar\/index.php\/wp-json\/wp\/v2\/media?parent=78515"}],"wp:term":[{"taxonomy":"category","embeddable":true,"href":"https:\/\/infoecos.com.ar\/index.php\/wp-json\/wp\/v2\/categories?post=78515"},{"taxonomy":"post_tag","embeddable":true,"href":"https:\/\/infoecos.com.ar\/index.php\/wp-json\/wp\/v2\/tags?post=78515"}],"curies":[{"name":"wp","href":"https:\/\/api.w.org\/{rel}","templated":true}]}}