{"id":78523,"date":"2021-05-22T01:20:23","date_gmt":"2021-05-22T04:20:23","guid":{"rendered":"http:\/\/infoecos.com.ar\/?p=78523"},"modified":"2021-05-22T01:21:56","modified_gmt":"2021-05-22T04:21:56","slug":"se-aseguro-la-continuidad-de-las-consultas-medicas-atencion-en-los-bancos-y-anses","status":"publish","type":"post","link":"https:\/\/infoecos.com.ar\/index.php\/se-aseguro-la-continuidad-de-las-consultas-medicas-atencion-en-los-bancos-y-anses\/","title":{"rendered":"Se asegur\u00f3 la continuidad de las consultas m\u00e9dicas, atenci\u00f3n en los bancos y ANSES"},"content":{"rendered":"\n<p class=\"wp-block-paragraph\">El Gobierno nacional asegur\u00f3 la continuidad de las consultas m\u00e9dicas y la atenci\u00f3n en los bancos y la Anses con turno previo, a trav\u00e9s del nuevo Decreto de Necesidad y Urgencia (DNU) que fija restricciones hasta el 30 de este mes por la pandemia del coronavirus. <\/p>\n\n\n\n<div class=\"wp-block-image\"><figure class=\"aligncenter size-medium\"><img loading=\"lazy\" decoding=\"async\" width=\"460\" height=\"259\" src=\"http:\/\/infoecos.com.ar\/wp-content\/uploads\/2021\/05\/coronavirus-460x259.jpg\" alt=\"\" class=\"wp-image-78524\" srcset=\"https:\/\/infoecos.com.ar\/wp-content\/uploads\/2021\/05\/coronavirus-460x259.jpg 460w, https:\/\/infoecos.com.ar\/wp-content\/uploads\/2021\/05\/coronavirus-920x519.jpg 920w, https:\/\/infoecos.com.ar\/wp-content\/uploads\/2021\/05\/coronavirus-768x433.jpg 768w, https:\/\/infoecos.com.ar\/wp-content\/uploads\/2021\/05\/coronavirus.jpg 1004w\" sizes=\"auto, (max-width: 460px) 100vw, 460px\" \/><\/figure><\/div>\n\n\n\n<p class=\"wp-block-paragraph\"><strong>Las consultas y los tr\u00e1mites<\/strong><\/p>\n\n\n\n<p class=\"wp-block-paragraph\">Las&nbsp;<strong>consultas m\u00e9dicas con turno se mantienen<\/strong>&nbsp;porque es necesario que haya un \u00abequilibrio importante en temas de salud\u00bb, dijo una fuente del Gobierno nacional en Casa Rosada.<\/p>\n\n\n\n<p class=\"wp-block-paragraph\"><strong>\u00abNo queremos que se agudicen otros problemas de salud\u00bb<\/strong>, apunt\u00f3 el vocero consultado por T\u00e9lam.<\/p>\n\n\n\n<p class=\"wp-block-paragraph\"><strong>Comercios e Industrias<\/strong><\/p>\n\n\n\n<p class=\"wp-block-paragraph\">Las&nbsp;<strong>actividades comerciales permitidas son para las industrias que se vinculen con la exportaci\u00f3n<\/strong>, aparte de las&nbsp;<strong>alimenticias<\/strong>, y los&nbsp;<strong>comercios con venta remota y take away<\/strong>.<\/p>\n\n\n\n<p class=\"wp-block-paragraph\">\u00abNo podr\u00edamos aceptar el paseo mirando vidrieras, va a estar todo cerrado\u00bb, advirti\u00f3 la fuente, que se\u00f1al\u00f3 que la gente debe \u00abpermanecer en domicilios\u00bb o salir a lugares de \u00abcercan\u00eda\u00bb para recreaci\u00f3n, como los espacios p\u00fablicos, pero no en forma grupal.<\/p>\n\n\n\n<p class=\"wp-block-paragraph\">\u00abTomamos la experiencia del a\u00f1o pasado para privilegiar el cumplimiento efectivo y el control\u00bb, indic\u00f3 el informante, y grafic\u00f3 que&nbsp;<strong>el Gobierno nacional \u00abno puede ingresar a un comercio o restaurant\u00bb para hacer verificaciones, por lo que se necesita el \u00abcompromiso pleno\u00bb de las jurisdicciones<\/strong>, algo que ya garantizaron los gobiernos locales.<\/p>\n\n\n\n<p class=\"wp-block-paragraph\"><strong>Permisos para cicular<\/strong><\/p>\n\n\n\n<p class=\"wp-block-paragraph\">Las excepciones a la circulaci\u00f3n ser\u00e1n para aquellos que tengan permiso de utilizar el transporte p\u00fablico&nbsp;y tambi\u00e9n para quienes las hayan solicitado, adelant\u00f3 el vocero gubernamental, quien conform\u00f3 que el DNU que se conocer\u00e1 \u00abprimero prorroga el anterior y luego agregar\u00e1 las nuevas medidas\u00bb.<\/p>\n","protected":false},"excerpt":{"rendered":"<p>\u00abNo podr\u00edamos aceptar el paseo mirando vidrieras, va a estar todo cerrado\u00bb, advirti\u00f3 una fuente, que se\u00f1al\u00f3 que la gente debe \u00abpermanecer en domicilios\u00bb o salir a lugares de \u00abcercan\u00eda\u00bb para recreaci\u00f3n, como los espacios p\u00fablicos, pero no en forma grupal.<\/p>\n","protected":false},"author":2,"featured_media":78524,"comment_status":"closed","ping_status":"open","sticky":false,"template":"","format":"standard","meta":{"footnotes":""},"categories":[50],"tags":[3723],"class_list":["post-78523","post","type-post","status-publish","format-standard","has-post-thumbnail","hentry","category-c1nota4","tag-otros-alcances-del-dnu"],"featured_image_urls":{"full":["https:\/\/infoecos.com.ar\/wp-content\/uploads\/2021\/05\/coronavirus.jpg",1004,566,false],"thumbnail":["https:\/\/infoecos.com.ar\/wp-content\/uploads\/2021\/05\/coronavirus-150x150.jpg",150,150,true],"medium":["https:\/\/infoecos.com.ar\/wp-content\/uploads\/2021\/05\/coronavirus-460x259.jpg",460,259,true],"medium_large":["https:\/\/infoecos.com.ar\/wp-content\/uploads\/2021\/05\/coronavirus-768x433.jpg",640,361,true],"large":["https:\/\/infoecos.com.ar\/wp-content\/uploads\/2021\/05\/coronavirus-920x519.jpg",640,361,true],"1536x1536":["https:\/\/infoecos.com.ar\/wp-content\/uploads\/2021\/05\/coronavirus.jpg",1004,566,false],"2048x2048":["https:\/\/infoecos.com.ar\/wp-content\/uploads\/2021\/05\/coronavirus.jpg",1004,566,false],"covernews-slider-full":["https:\/\/infoecos.com.ar\/wp-content\/uploads\/2021\/05\/coronavirus.jpg",1004,566,false],"covernews-slider-center":["https:\/\/infoecos.com.ar\/wp-content\/uploads\/2021\/05\/coronavirus-936x566.jpg",800,484,true],"covernews-featured":["https:\/\/infoecos.com.ar\/wp-content\/uploads\/2021\/05\/coronavirus.jpg",1004,566,false],"covernews-medium":["https:\/\/infoecos.com.ar\/wp-content\/uploads\/2021\/05\/coronavirus-720x380.jpg",540,285,true],"covernews-medium-square":["https:\/\/infoecos.com.ar\/wp-content\/uploads\/2021\/05\/coronavirus-675x450.jpg",375,250,true]},"author_info":{"info":["Jorge Matheus"]},"category_info":"<a href=\"https:\/\/infoecos.com.ar\/index.php\/category\/c1nota4\/\" rel=\"category tag\">C1 N4<\/a>","tag_info":"C1 N4","comment_count":"0","_links":{"self":[{"href":"https:\/\/infoecos.com.ar\/index.php\/wp-json\/wp\/v2\/posts\/78523","targetHints":{"allow":["GET"]}}],"collection":[{"href":"https:\/\/infoecos.com.ar\/index.php\/wp-json\/wp\/v2\/posts"}],"about":[{"href":"https:\/\/infoecos.com.ar\/index.php\/wp-json\/wp\/v2\/types\/post"}],"author":[{"embeddable":true,"href":"https:\/\/infoecos.com.ar\/index.php\/wp-json\/wp\/v2\/users\/2"}],"replies":[{"embeddable":true,"href":"https:\/\/infoecos.com.ar\/index.php\/wp-json\/wp\/v2\/comments?post=78523"}],"version-history":[{"count":2,"href":"https:\/\/infoecos.com.ar\/index.php\/wp-json\/wp\/v2\/posts\/78523\/revisions"}],"predecessor-version":[{"id":78526,"href":"https:\/\/infoecos.com.ar\/index.php\/wp-json\/wp\/v2\/posts\/78523\/revisions\/78526"}],"wp:featuredmedia":[{"embeddable":true,"href":"https:\/\/infoecos.com.ar\/index.php\/wp-json\/wp\/v2\/media\/78524"}],"wp:attachment":[{"href":"https:\/\/infoecos.com.ar\/index.php\/wp-json\/wp\/v2\/media?parent=78523"}],"wp:term":[{"taxonomy":"category","embeddable":true,"href":"https:\/\/infoecos.com.ar\/index.php\/wp-json\/wp\/v2\/categories?post=78523"},{"taxonomy":"post_tag","embeddable":true,"href":"https:\/\/infoecos.com.ar\/index.php\/wp-json\/wp\/v2\/tags?post=78523"}],"curies":[{"name":"wp","href":"https:\/\/api.w.org\/{rel}","templated":true}]}}