{"id":78548,"date":"2021-05-22T20:23:33","date_gmt":"2021-05-22T23:23:33","guid":{"rendered":"http:\/\/infoecos.com.ar\/?p=78548"},"modified":"2021-05-22T20:23:38","modified_gmt":"2021-05-22T23:23:38","slug":"aumento-considerablemente-el-numero-de-casos-activos-en-el-distrito-de-trenque-lauquen","status":"publish","type":"post","link":"https:\/\/infoecos.com.ar\/index.php\/aumento-considerablemente-el-numero-de-casos-activos-en-el-distrito-de-trenque-lauquen\/","title":{"rendered":"Aument\u00f3 considerablemente el n\u00famero de casos activos en el distrito de Trenque Lauquen"},"content":{"rendered":"\n<p class=\"wp-block-paragraph\">La subsecretar\u00eda de Salud municipal de Trenque Lauquen inform\u00f3 este s\u00e1bado que el n\u00famero de casos activos de Covid-19 en el distrito es 773 como consecuencia de la confirmaci\u00f3n de 147 nuevos casos y la recuperaci\u00f3n de otras 84 personas, adem\u00e1s de haberse descartado 148 casos. Quedan 31 casos sospechosos y 668 personas en aislamiento.<\/p>\n\n\n\n<div class=\"wp-block-image\"><figure class=\"aligncenter size-medium\"><img loading=\"lazy\" decoding=\"async\" width=\"460\" height=\"434\" src=\"http:\/\/infoecos.com.ar\/wp-content\/uploads\/2021\/05\/REPORTESABADO-460x434.jpg\" alt=\"\" class=\"wp-image-78549\" srcset=\"https:\/\/infoecos.com.ar\/wp-content\/uploads\/2021\/05\/REPORTESABADO-460x434.jpg 460w, https:\/\/infoecos.com.ar\/wp-content\/uploads\/2021\/05\/REPORTESABADO-768x725.jpg 768w, https:\/\/infoecos.com.ar\/wp-content\/uploads\/2021\/05\/REPORTESABADO.jpg 800w\" sizes=\"auto, (max-width: 460px) 100vw, 460px\" \/><\/figure><\/div>\n\n\n\n<p class=\"wp-block-paragraph\">De los 147 nuevos casos positivos, 80 fueron detectados por testeo y 67 por criterio o nexo epidemiol\u00f3gico, y 126 corresponden a Trenque Lauquen, ocho (8) a Treinta de Agosto y 13 a Beruti.<\/p>\n\n\n\n<p class=\"wp-block-paragraph\">Entre los 773 casos activos, 697 pertenecen a la ciudad cabecera, 36 a Treinta de Agosto y 40 a Beruti: 36 est\u00e1n en el Hospital Municipal, seis (6) en el Centro Extrahospitalario que funciona en el ex Hotel Pailla Hu\u00e9 y 731 en sus domicilios particulares.<\/p>\n\n\n\n<p class=\"wp-block-paragraph\">Con las 84 personas recuperadas en las \u00faltimas 24 horas, 73 de Trenque Lauquen, siete (7) de Treinta de Agosto y cuatro (4) de Beruti, asciende a 4.910 las que recibieron el alta desde marzo de 2020 hasta este s\u00e1bado fue reasignado un caso).<\/p>\n\n\n\n<p class=\"wp-block-paragraph\">En ese mismo per\u00edodo fueron descartados 10.312 casos, incluidos los 148 del s\u00e1bado, 131 de la ciudad cabecera, nueve (9) de Treinta de Agosto y ocho (8) de Beruti. (Un caso fue reasignado en la fecha)<\/p>\n\n\n\n<p class=\"wp-block-paragraph\">En la ma\u00f1ana del s\u00e1bado quedaban 31 casos sospechosos, 26 de Trenque Lauquen, uno (1) de Treinta de Agosto y cuatro (4) de Beruti -29 permanecen en sus domicilios y dos (2) en el Hospital Municipal- y 668 personas en aislamiento, 596 de la ciudad cabecera, 36 en Treinta de Agosto y 36 de Beruti.<\/p>\n","protected":false},"excerpt":{"rendered":"<p>De los 147 nuevos casos positivos, 80 fueron detectados por testeo y 67 por criterio o nexo epidemiol\u00f3gico, y 126 corresponden a Trenque Lauquen, ocho (8) a Treinta de Agosto y 13 a Beruti<\/p>\n","protected":false},"author":2,"featured_media":60374,"comment_status":"closed","ping_status":"open","sticky":false,"template":"","format":"standard","meta":{"footnotes":""},"categories":[1613],"tags":[1785],"class_list":["post-78548","post","type-post","status-publish","format-standard","has-post-thumbnail","hentry","category-noticia-secundaria","tag-coronavirus"],"featured_image_urls":{"full":["https:\/\/infoecos.com.ar\/wp-content\/uploads\/tl45guardiahospital-2.jpg",912,608,false],"thumbnail":["https:\/\/infoecos.com.ar\/wp-content\/uploads\/tl45guardiahospital-2-150x150.jpg",150,150,true],"medium":["https:\/\/infoecos.com.ar\/wp-content\/uploads\/tl45guardiahospital-2-460x307.jpg",460,307,true],"medium_large":["https:\/\/infoecos.com.ar\/wp-content\/uploads\/tl45guardiahospital-2-768x512.jpg",640,427,true],"large":["https:\/\/infoecos.com.ar\/wp-content\/uploads\/tl45guardiahospital-2.jpg",640,427,false],"1536x1536":["https:\/\/infoecos.com.ar\/wp-content\/uploads\/tl45guardiahospital-2.jpg",912,608,false],"2048x2048":["https:\/\/infoecos.com.ar\/wp-content\/uploads\/tl45guardiahospital-2.jpg",912,608,false],"covernews-slider-full":["https:\/\/infoecos.com.ar\/wp-content\/uploads\/tl45guardiahospital-2.jpg",912,608,false],"covernews-slider-center":["https:\/\/infoecos.com.ar\/wp-content\/uploads\/tl45guardiahospital-2.jpg",750,500,false],"covernews-featured":["https:\/\/infoecos.com.ar\/wp-content\/uploads\/tl45guardiahospital-2.jpg",912,608,false],"covernews-medium":["https:\/\/infoecos.com.ar\/wp-content\/uploads\/tl45guardiahospital-2-720x380.jpg",540,285,true],"covernews-medium-square":["https:\/\/infoecos.com.ar\/wp-content\/uploads\/tl45guardiahospital-2-675x450.jpg",375,250,true]},"author_info":{"info":["Jorge Matheus"]},"category_info":"<a href=\"https:\/\/infoecos.com.ar\/index.php\/category\/noticia-secundaria\/\" rel=\"category tag\">Noticia Secundaria<\/a>","tag_info":"Noticia Secundaria","comment_count":"0","_links":{"self":[{"href":"https:\/\/infoecos.com.ar\/index.php\/wp-json\/wp\/v2\/posts\/78548","targetHints":{"allow":["GET"]}}],"collection":[{"href":"https:\/\/infoecos.com.ar\/index.php\/wp-json\/wp\/v2\/posts"}],"about":[{"href":"https:\/\/infoecos.com.ar\/index.php\/wp-json\/wp\/v2\/types\/post"}],"author":[{"embeddable":true,"href":"https:\/\/infoecos.com.ar\/index.php\/wp-json\/wp\/v2\/users\/2"}],"replies":[{"embeddable":true,"href":"https:\/\/infoecos.com.ar\/index.php\/wp-json\/wp\/v2\/comments?post=78548"}],"version-history":[{"count":1,"href":"https:\/\/infoecos.com.ar\/index.php\/wp-json\/wp\/v2\/posts\/78548\/revisions"}],"predecessor-version":[{"id":78550,"href":"https:\/\/infoecos.com.ar\/index.php\/wp-json\/wp\/v2\/posts\/78548\/revisions\/78550"}],"wp:featuredmedia":[{"embeddable":true,"href":"https:\/\/infoecos.com.ar\/index.php\/wp-json\/wp\/v2\/media\/60374"}],"wp:attachment":[{"href":"https:\/\/infoecos.com.ar\/index.php\/wp-json\/wp\/v2\/media?parent=78548"}],"wp:term":[{"taxonomy":"category","embeddable":true,"href":"https:\/\/infoecos.com.ar\/index.php\/wp-json\/wp\/v2\/categories?post=78548"},{"taxonomy":"post_tag","embeddable":true,"href":"https:\/\/infoecos.com.ar\/index.php\/wp-json\/wp\/v2\/tags?post=78548"}],"curies":[{"name":"wp","href":"https:\/\/api.w.org\/{rel}","templated":true}]}}