{"id":78574,"date":"2021-05-23T01:01:43","date_gmt":"2021-05-23T04:01:43","guid":{"rendered":"http:\/\/infoecos.com.ar\/?p=78574"},"modified":"2021-05-23T01:01:45","modified_gmt":"2021-05-23T04:01:45","slug":"las-personas-en-situacion-de-violencia-de-genero-pueden-circular-para-pedir-ayuda","status":"publish","type":"post","link":"https:\/\/infoecos.com.ar\/index.php\/las-personas-en-situacion-de-violencia-de-genero-pueden-circular-para-pedir-ayuda\/","title":{"rendered":"Las personas en situaci\u00f3n de violencia de g\u00e9nero pueden circular para pedir ayuda"},"content":{"rendered":"\n<p class=\"wp-block-paragraph\">Las personas en situaci\u00f3n de violencia de g\u00e9nero pueden circular y utilizar el transporte p\u00fablico en busca de ayuda, inform\u00f3 el Ministerio de las Mujeres, G\u00e9neros y Diversidad.<\/p>\n\n\n\n<p class=\"wp-block-paragraph\">Al iniciarse la puesta en marcha de las nuevas medidas de aislamiento en zonas de alto riesgo por Covid, el organismo hizo una publicaci\u00f3n en su cuenta oficial de Twitter.<\/p>\n\n\n\n<div class=\"wp-block-image\"><figure class=\"aligncenter size-large\"><img decoding=\"async\" src=\"http:\/\/infoecos.com.ar\/wp-content\/uploads\/unnamed-190.jpg\" alt=\"\" class=\"wp-image-56749\"\/><figcaption>Violencia de G\u00e9nero<\/figcaption><\/figure><\/div>\n\n\n\n<p class=\"wp-block-paragraph\">\u00abTe recordamos que si est\u00e1s en una situaci\u00f3n de violencia de g\u00e9nero, pod\u00e9s circular y usar transporte p\u00fablico para buscar ayuda, asistencia o realizar una denuncia\u00bb, se\u00f1ala el posteo en la red social.<\/p>\n\n\n\n<p class=\"wp-block-paragraph\">Adem\u00e1s se record\u00f3 que est\u00e1 habilitada la l\u00ednea nacional 144, gratuita de atenci\u00f3n las 24 horas todos los d\u00edas, de contenci\u00f3n y asesoramiento. Tambi\u00e9n est\u00e1 el recurso del WhatsApp: 1127716463.<\/p>\n\n\n\n<p class=\"wp-block-paragraph\">\u00abAgendalo con el nombre que quieras y tenelo siempre a mano. Es gratis y funciona en cualquier parte del pa\u00eds, las 24 horas\u00bb, destac\u00f3 el Ministerio.<\/p>\n\n\n\n<p class=\"wp-block-paragraph\">Al n\u00famero de WhatsApp se agrega el mail&nbsp;linea144@mingeneros.gob.ar, otra opci\u00f3n de comunicaci\u00f3n.<\/p>\n\n\n\n<p class=\"wp-block-paragraph\">En el caso de necesitar asistencia econ\u00f3mica y apoyo psicosocial para salir de una situaci\u00f3n de violencia, el organismo posteo el link para acceder al Programa Acompa\u00f1ar, que detalla las unidades disponibles en todo el pa\u00eds (https:\/\/www.argentina.gob.ar\/generos\/unidades-del-programa-acompanar).<\/p>\n","protected":false},"excerpt":{"rendered":"<p>Lo inform\u00f3 el Ministerio de las Mujeres, G\u00e9neros y Diversidad<\/p>\n","protected":false},"author":2,"featured_media":56749,"comment_status":"closed","ping_status":"open","sticky":false,"template":"","format":"standard","meta":{"footnotes":""},"categories":[1341],"tags":[3730],"class_list":["post-78574","post","type-post","status-publish","format-standard","has-post-thumbnail","hentry","category-c1nota7","tag-en-el-marco-de-las-restricciones"],"featured_image_urls":{"full":"","thumbnail":"","medium":"","medium_large":"","large":"","1536x1536":"","2048x2048":"","covernews-slider-full":"","covernews-slider-center":"","covernews-featured":"","covernews-medium":"","covernews-medium-square":""},"author_info":{"info":["Jorge Matheus"]},"category_info":"<a href=\"https:\/\/infoecos.com.ar\/index.php\/category\/c1nota7\/\" rel=\"category tag\">C1 nota 7<\/a>","tag_info":"C1 nota 7","comment_count":"0","_links":{"self":[{"href":"https:\/\/infoecos.com.ar\/index.php\/wp-json\/wp\/v2\/posts\/78574","targetHints":{"allow":["GET"]}}],"collection":[{"href":"https:\/\/infoecos.com.ar\/index.php\/wp-json\/wp\/v2\/posts"}],"about":[{"href":"https:\/\/infoecos.com.ar\/index.php\/wp-json\/wp\/v2\/types\/post"}],"author":[{"embeddable":true,"href":"https:\/\/infoecos.com.ar\/index.php\/wp-json\/wp\/v2\/users\/2"}],"replies":[{"embeddable":true,"href":"https:\/\/infoecos.com.ar\/index.php\/wp-json\/wp\/v2\/comments?post=78574"}],"version-history":[{"count":1,"href":"https:\/\/infoecos.com.ar\/index.php\/wp-json\/wp\/v2\/posts\/78574\/revisions"}],"predecessor-version":[{"id":78575,"href":"https:\/\/infoecos.com.ar\/index.php\/wp-json\/wp\/v2\/posts\/78574\/revisions\/78575"}],"wp:attachment":[{"href":"https:\/\/infoecos.com.ar\/index.php\/wp-json\/wp\/v2\/media?parent=78574"}],"wp:term":[{"taxonomy":"category","embeddable":true,"href":"https:\/\/infoecos.com.ar\/index.php\/wp-json\/wp\/v2\/categories?post=78574"},{"taxonomy":"post_tag","embeddable":true,"href":"https:\/\/infoecos.com.ar\/index.php\/wp-json\/wp\/v2\/tags?post=78574"}],"curies":[{"name":"wp","href":"https:\/\/api.w.org\/{rel}","templated":true}]}}