{"id":78576,"date":"2021-05-23T01:09:10","date_gmt":"2021-05-23T04:09:10","guid":{"rendered":"http:\/\/infoecos.com.ar\/?p=78576"},"modified":"2021-05-23T01:09:12","modified_gmt":"2021-05-23T04:09:12","slug":"con-117-casos-confirmados-este-sabado-el-municipio-de-chivilcoy-confirmo-las-medidas-de-confinamiento","status":"publish","type":"post","link":"https:\/\/infoecos.com.ar\/index.php\/con-117-casos-confirmados-este-sabado-el-municipio-de-chivilcoy-confirmo-las-medidas-de-confinamiento\/","title":{"rendered":"Con 117 casos confirmados este s\u00e1bado, el municipio de Chivilcoy confirm\u00f3 las medidas de confinamiento"},"content":{"rendered":"\n<p class=\"wp-block-paragraph\">El intendente Municipal de Chivilcoy, Guillermo Britos, comunic\u00f3 las medidas de confinamiento que rigen hasta el 30 de mayo inclusive, en base a lo dispuesto por el gobierno nacional.<\/p>\n\n\n\n<p class=\"wp-block-paragraph\">Asimismo, inform\u00f3 que \u201cm\u00e1s all\u00e1 de estos nueve d\u00edas de confinamiento, Chivilcoy ya est\u00e1 en Fase 2, de acuerdo al sistema de fases de la Provincia de Buenos Aires\u201d.<\/p>\n\n\n\n<div class=\"wp-block-image\"><figure class=\"aligncenter size-medium\"><img loading=\"lazy\" decoding=\"async\" width=\"460\" height=\"259\" src=\"http:\/\/infoecos.com.ar\/wp-content\/uploads\/2021\/05\/britos-1-460x259.jpg\" alt=\"\" class=\"wp-image-78378\" srcset=\"https:\/\/infoecos.com.ar\/wp-content\/uploads\/2021\/05\/britos-1-460x259.jpg 460w, https:\/\/infoecos.com.ar\/wp-content\/uploads\/2021\/05\/britos-1-920x518.jpg 920w, https:\/\/infoecos.com.ar\/wp-content\/uploads\/2021\/05\/britos-1-768x432.jpg 768w, https:\/\/infoecos.com.ar\/wp-content\/uploads\/2021\/05\/britos-1-1024x576.jpg 1024w, https:\/\/infoecos.com.ar\/wp-content\/uploads\/2021\/05\/britos-1.jpg 1280w\" sizes=\"auto, (max-width: 460px) 100vw, 460px\" \/><\/figure><\/div>\n\n\n\n<p class=\"wp-block-paragraph\">Se especifica que \u201cse restringe el horario de circulaci\u00f3n entre las 18 y las 6 horas\u201d.<\/p>\n\n\n\n<p class=\"wp-block-paragraph\">Asimismo, se determina la \u201csuspensi\u00f3n de la presencialidad en las actividades econ\u00f3micas, industriales, comerciales, de servicios, culturales, deportivas, religiosas, educativas, tur\u00edsticas, recreativas y sociales\u201d.<\/p>\n\n\n\n<p class=\"wp-block-paragraph\">En este sentido, el jefe comunal aclar\u00f3: \u201cS\u00f3lo pueden estar abiertos al p\u00fablico los comercios esenciales hasta las 18 horas\u201d.<\/p>\n\n\n\n<p class=\"wp-block-paragraph\">En tanto, \u201clos no esenciales pueden trabajar con entrega a domicilio pero no con las puertas abiertas\u201d, indic\u00f3.<\/p>\n\n\n\n<p class=\"wp-block-paragraph\">A su vez, comunic\u00f3 que \u201cest\u00e1 permitido caminar o correr s\u00f3lo en cercan\u00edas del domicilio pero no se puede practicar deporte grupal\u201d.<\/p>\n\n\n\n<div class=\"wp-block-image\"><figure class=\"aligncenter size-medium\"><img loading=\"lazy\" decoding=\"async\" width=\"460\" height=\"460\" src=\"http:\/\/infoecos.com.ar\/wp-content\/uploads\/2021\/05\/reportechivilcoy-460x460.jpg\" alt=\"\" class=\"wp-image-78577\" srcset=\"https:\/\/infoecos.com.ar\/wp-content\/uploads\/2021\/05\/reportechivilcoy-460x460.jpg 460w, https:\/\/infoecos.com.ar\/wp-content\/uploads\/2021\/05\/reportechivilcoy-150x150.jpg 150w, https:\/\/infoecos.com.ar\/wp-content\/uploads\/2021\/05\/reportechivilcoy.jpg 526w\" sizes=\"auto, (max-width: 460px) 100vw, 460px\" \/><\/figure><\/div>\n","protected":false},"excerpt":{"rendered":"<p>Se determina la \u201csuspensi\u00f3n de la presencialidad en las actividades econ\u00f3micas, industriales, comerciales, de servicios, culturales, deportivas, religiosas, educativas, tur\u00edsticas, recreativas y sociales\u201d<\/p>\n","protected":false},"author":2,"featured_media":78378,"comment_status":"closed","ping_status":"open","sticky":false,"template":"","format":"standard","meta":{"footnotes":""},"categories":[24],"tags":[1785],"class_list":["post-78576","post","type-post","status-publish","format-standard","has-post-thumbnail","hentry","category-c1nota3","tag-coronavirus"],"featured_image_urls":{"full":["https:\/\/infoecos.com.ar\/wp-content\/uploads\/2021\/05\/britos-1.jpg",1280,720,false],"thumbnail":["https:\/\/infoecos.com.ar\/wp-content\/uploads\/2021\/05\/britos-1-150x150.jpg",150,150,true],"medium":["https:\/\/infoecos.com.ar\/wp-content\/uploads\/2021\/05\/britos-1-460x259.jpg",460,259,true],"medium_large":["https:\/\/infoecos.com.ar\/wp-content\/uploads\/2021\/05\/britos-1-768x432.jpg",640,360,true],"large":["https:\/\/infoecos.com.ar\/wp-content\/uploads\/2021\/05\/britos-1-920x518.jpg",640,360,true],"1536x1536":["https:\/\/infoecos.com.ar\/wp-content\/uploads\/2021\/05\/britos-1.jpg",1280,720,false],"2048x2048":["https:\/\/infoecos.com.ar\/wp-content\/uploads\/2021\/05\/britos-1.jpg",1280,720,false],"covernews-slider-full":["https:\/\/infoecos.com.ar\/wp-content\/uploads\/2021\/05\/britos-1.jpg",1115,627,false],"covernews-slider-center":["https:\/\/infoecos.com.ar\/wp-content\/uploads\/2021\/05\/britos-1-936x720.jpg",650,500,true],"covernews-featured":["https:\/\/infoecos.com.ar\/wp-content\/uploads\/2021\/05\/britos-1-1024x576.jpg",1024,576,true],"covernews-medium":["https:\/\/infoecos.com.ar\/wp-content\/uploads\/2021\/05\/britos-1-720x380.jpg",540,285,true],"covernews-medium-square":["https:\/\/infoecos.com.ar\/wp-content\/uploads\/2021\/05\/britos-1-675x450.jpg",375,250,true]},"author_info":{"info":["Jorge Matheus"]},"category_info":"<a href=\"https:\/\/infoecos.com.ar\/index.php\/category\/c1nota3\/\" rel=\"category tag\">C1 N3<\/a>","tag_info":"C1 N3","comment_count":"0","_links":{"self":[{"href":"https:\/\/infoecos.com.ar\/index.php\/wp-json\/wp\/v2\/posts\/78576","targetHints":{"allow":["GET"]}}],"collection":[{"href":"https:\/\/infoecos.com.ar\/index.php\/wp-json\/wp\/v2\/posts"}],"about":[{"href":"https:\/\/infoecos.com.ar\/index.php\/wp-json\/wp\/v2\/types\/post"}],"author":[{"embeddable":true,"href":"https:\/\/infoecos.com.ar\/index.php\/wp-json\/wp\/v2\/users\/2"}],"replies":[{"embeddable":true,"href":"https:\/\/infoecos.com.ar\/index.php\/wp-json\/wp\/v2\/comments?post=78576"}],"version-history":[{"count":1,"href":"https:\/\/infoecos.com.ar\/index.php\/wp-json\/wp\/v2\/posts\/78576\/revisions"}],"predecessor-version":[{"id":78578,"href":"https:\/\/infoecos.com.ar\/index.php\/wp-json\/wp\/v2\/posts\/78576\/revisions\/78578"}],"wp:featuredmedia":[{"embeddable":true,"href":"https:\/\/infoecos.com.ar\/index.php\/wp-json\/wp\/v2\/media\/78378"}],"wp:attachment":[{"href":"https:\/\/infoecos.com.ar\/index.php\/wp-json\/wp\/v2\/media?parent=78576"}],"wp:term":[{"taxonomy":"category","embeddable":true,"href":"https:\/\/infoecos.com.ar\/index.php\/wp-json\/wp\/v2\/categories?post=78576"},{"taxonomy":"post_tag","embeddable":true,"href":"https:\/\/infoecos.com.ar\/index.php\/wp-json\/wp\/v2\/tags?post=78576"}],"curies":[{"name":"wp","href":"https:\/\/api.w.org\/{rel}","templated":true}]}}