{"id":78579,"date":"2021-05-23T01:17:24","date_gmt":"2021-05-23T04:17:24","guid":{"rendered":"http:\/\/infoecos.com.ar\/?p=78579"},"modified":"2021-05-23T01:17:26","modified_gmt":"2021-05-23T04:17:26","slug":"las-medidas-adoptadas-en-bragado-hasta-el-30-de-mayo","status":"publish","type":"post","link":"https:\/\/infoecos.com.ar\/index.php\/las-medidas-adoptadas-en-bragado-hasta-el-30-de-mayo\/","title":{"rendered":"Las medidas adoptadas en Bragado hasta el 30 de Mayo"},"content":{"rendered":"\n<p class=\"wp-block-paragraph\">La Municipalidad de Bragado public\u00f3 las medidas que entraron en vigencia en la ciudad\u00a0y que aplicar\u00e1n\u00a0hasta las 24 horas del d\u00eda domingo 30 de Mayo. Son id\u00e9nticas a las dictadas por el presidente Alberto Fern\u00e1ndez el d\u00eda jueves en cadena nacional<\/p>\n\n\n\n<div class=\"wp-block-image\"><figure class=\"aligncenter size-large\"><img decoding=\"async\" src=\"http:\/\/infoecos.com.ar\/wp-content\/uploads\/Bragado-Municipalidad.jpg\" alt=\"Bragado - Edificio Municipal\" class=\"wp-image-21928\"\/><figcaption>Bragado &#8211; Edificio Municipal<\/figcaption><\/figure><\/div>\n\n\n\n<p class=\"wp-block-paragraph\">El horario de circulaci\u00f3n se permite entre las 6 y las 18 horas pero s\u00f3lo por cuestiones estrictamente necesarias, como salud, trabajo y compra de v\u00edveres, quedando as\u00ed restringida la circulaci\u00f3n con fines de esparcimiento. Adem\u00e1s,\u00a0todos los comercios y actividades econ\u00f3micas consideradas esenciales\u00a0podr\u00e1n funcionar en el mismo horario y con un aforo del 30%, entre los cu\u00e1les se incluyen a los<strong>\u00a0<\/strong>supermercados, despensas, kioscos, ferreter\u00edas, veterinarias, servicios de lavander\u00eda, forrajer\u00edas, servicios postales y de distribuci\u00f3n de paqueter\u00eda y locales de venta de art\u00edculos de higiene y limpieza.<\/p>\n\n\n\n<p class=\"wp-block-paragraph\">Los comercios no esenciales\u00a0(casas de electrodom\u00e9sticos, venta de art\u00edculos de ropa, etc)<strong>\u00a0s\u00f3lo podr\u00e1n brindar servicios v\u00eda take away (retiro en puerta) o delivery (env\u00edo a domicilio)\u00a0<\/strong>y las ventas deber\u00e1n ser concretadas por medios electr\u00f3nicos, como sistemas de mensajer\u00eda (WhatsApp, Messenger, Telegram), o por llamados telef\u00f3nicos.<\/p>\n\n\n\n<p class=\"wp-block-paragraph\">Los locales gastron\u00f3micos\u00a0(entre los cu\u00e1les se encuentran incluidas las helader\u00edas)\u00a0no podr\u00e1n recibir clientes en sus locales\u00a0y s\u00f3lo podr\u00e1n vender\u00a0v\u00eda take away (hasta las 18 horas) o delivery (hasta las 23 horas), a partir de las 6 horas.<\/p>\n\n\n\n<p class=\"wp-block-paragraph\">Con respecto a los deportes,\u00a0s\u00f3lo se permitir\u00e1 la actividad f\u00edsica individual al aire libre entre las 6 y las 18 horas, pero quedan prohibidas las actividades individuales o colectivas en espacios cerrados como gimnasios, clubes, canchas de f\u00fatbol y dem\u00e1s.\u00a0Tambi\u00e9n queda prohibida la pesca.\u00a0Los espacios p\u00fablicos tampoco podr\u00e1n ser utilizados con fines recreativos, es decir, se restringe la permanencia en los mismos y s\u00f3lo quedan autorizados para la circulaci\u00f3n.<\/p>\n\n\n\n<p class=\"wp-block-paragraph\">En cuanto a los cultos religiosos, las celebraciones s\u00f3lo se podr\u00e1n realizar v\u00eda streaming, sin concurrencia de fieles a los templos o capillas. Los remises podr\u00e1n funcionar normalmente entre las 6 y las 18 horas y a partir de ese horario podr\u00e1n funcionar con una guardia para atender emergencias.<\/p>\n\n\n\n<p class=\"wp-block-paragraph\">En cuanto a las clases\u00a0y respetando lo impuesto por el Gobierno Nacional,\u00a0queda suspendida la presencialidad, esto tambi\u00e9n\u00a0incluye a los jardines maternales, talleres, institutos de danzas y\/o idiomas, bibliotecas y museos<strong>.<\/strong>\u00a0<\/p>\n","protected":false},"excerpt":{"rendered":"<p>Son id\u00e9nticas a las dictadas por el presidente Alberto Fern\u00e1ndez el d\u00eda jueves en cadena nacional<\/p>\n","protected":false},"author":2,"featured_media":21928,"comment_status":"closed","ping_status":"open","sticky":false,"template":"","format":"standard","meta":{"footnotes":""},"categories":[1326],"tags":[1785],"class_list":["post-78579","post","type-post","status-publish","format-standard","has-post-thumbnail","hentry","category-c2nota6","tag-coronavirus"],"featured_image_urls":{"full":"","thumbnail":"","medium":"","medium_large":"","large":"","1536x1536":"","2048x2048":"","covernews-slider-full":"","covernews-slider-center":"","covernews-featured":"","covernews-medium":"","covernews-medium-square":""},"author_info":{"info":["Jorge Matheus"]},"category_info":"<a href=\"https:\/\/infoecos.com.ar\/index.php\/category\/c2nota6\/\" rel=\"category tag\">C2 N6<\/a>","tag_info":"C2 N6","comment_count":"0","_links":{"self":[{"href":"https:\/\/infoecos.com.ar\/index.php\/wp-json\/wp\/v2\/posts\/78579","targetHints":{"allow":["GET"]}}],"collection":[{"href":"https:\/\/infoecos.com.ar\/index.php\/wp-json\/wp\/v2\/posts"}],"about":[{"href":"https:\/\/infoecos.com.ar\/index.php\/wp-json\/wp\/v2\/types\/post"}],"author":[{"embeddable":true,"href":"https:\/\/infoecos.com.ar\/index.php\/wp-json\/wp\/v2\/users\/2"}],"replies":[{"embeddable":true,"href":"https:\/\/infoecos.com.ar\/index.php\/wp-json\/wp\/v2\/comments?post=78579"}],"version-history":[{"count":1,"href":"https:\/\/infoecos.com.ar\/index.php\/wp-json\/wp\/v2\/posts\/78579\/revisions"}],"predecessor-version":[{"id":78580,"href":"https:\/\/infoecos.com.ar\/index.php\/wp-json\/wp\/v2\/posts\/78579\/revisions\/78580"}],"wp:attachment":[{"href":"https:\/\/infoecos.com.ar\/index.php\/wp-json\/wp\/v2\/media?parent=78579"}],"wp:term":[{"taxonomy":"category","embeddable":true,"href":"https:\/\/infoecos.com.ar\/index.php\/wp-json\/wp\/v2\/categories?post=78579"},{"taxonomy":"post_tag","embeddable":true,"href":"https:\/\/infoecos.com.ar\/index.php\/wp-json\/wp\/v2\/tags?post=78579"}],"curies":[{"name":"wp","href":"https:\/\/api.w.org\/{rel}","templated":true}]}}