{"id":78599,"date":"2021-05-23T20:51:15","date_gmt":"2021-05-23T23:51:15","guid":{"rendered":"http:\/\/infoecos.com.ar\/?p=78599"},"modified":"2021-05-23T20:51:17","modified_gmt":"2021-05-23T23:51:17","slug":"se-reportaron-menos-casos-activos-y-un-fallecimiento-este-domingo-en-trenque-lauquen","status":"publish","type":"post","link":"https:\/\/infoecos.com.ar\/index.php\/se-reportaron-menos-casos-activos-y-un-fallecimiento-este-domingo-en-trenque-lauquen\/","title":{"rendered":"Se reportaron menos casos activos y un fallecimiento, este domingo, en Trenque Lauquen"},"content":{"rendered":"\n<p class=\"wp-block-paragraph\">Los casos activos de Covid-19 en el distrito son 741, despu\u00e9s de haberse reportado 50 nuevos casos positivos, un (1) deceso, 81 personas recuperadas y 66 casos descartados, inform\u00f3 este domingo la subsecretar\u00eda de Salud municipal de Trenque Lauquen, que adem\u00e1s precis\u00f3 que quedan 30 casos sospechosos y 732 personas en aislamiento.<\/p>\n\n\n\n<p class=\"wp-block-paragraph\">Treinta y tres (33) de los nuevos casos confirmados fueron detectados por hisopado y 17 por criterio o nexo epidemiol\u00f3gico y 48 corresponden a Trenque Lauquen y tres (3) a Treinta de Agosto. Uno de los casos de la ciudad cabecera hab\u00eda sido considerado positivo por criterio cl\u00ednico y por ingresar al hospital se realiz\u00f3 un hisopado que ratific\u00f3 esa condici\u00f3n.<\/p>\n\n\n\n<div class=\"wp-block-image\"><figure class=\"aligncenter size-medium\"><img loading=\"lazy\" decoding=\"async\" width=\"460\" height=\"423\" src=\"http:\/\/infoecos.com.ar\/wp-content\/uploads\/2021\/05\/REPORTEDOMINGO-1-460x423.jpg\" alt=\"\" class=\"wp-image-78600\" srcset=\"https:\/\/infoecos.com.ar\/wp-content\/uploads\/2021\/05\/REPORTEDOMINGO-1-460x423.jpg 460w, https:\/\/infoecos.com.ar\/wp-content\/uploads\/2021\/05\/REPORTEDOMINGO-1-768x706.jpg 768w, https:\/\/infoecos.com.ar\/wp-content\/uploads\/2021\/05\/REPORTEDOMINGO-1.jpg 800w\" sizes=\"auto, (max-width: 460px) 100vw, 460px\" \/><\/figure><\/div>\n\n\n\n<p class=\"wp-block-paragraph\">Entre los 741 casos activos, 672 pertenecen a Trenque Lauquen, 38 a Treinta de Agosto y 31 a Beruti, encontr\u00e1ndose 41 en el Hospital Municipal Dr. Pedro T. Orellana, siete (7) en el Centro Extrahospitalario que funciona en el ex Hotel Pailla Hu\u00e9 y 693 en sus domicilios particulares.<\/p>\n\n\n\n<p class=\"wp-block-paragraph\">La persona fallecida es un hombre de 76 a\u00f1os, con comorbilidades que estuvo 13 d\u00edas internado. Es la 89\u00aa defunci\u00f3n desde el inicio de la pandemia en marzo del a\u00f1o pasado.<\/p>\n\n\n\n<p class=\"wp-block-paragraph\">Entre las 81 personas recuperadas m\u00e1s, 73 son de la ciudad cabecera, una (1) de Treinta de Agosto y siete (7) de Beruti, sumando ahora 4.991 las que recibieron el alta, mientras que con los 66 casos registrados en las \u00faltimas 24 horas, 65 de Trenque Lauquen y una (1) de Treinta de Agosto, asciende a 10.378 el n\u00famero de casos descartados desde el comienzo de la pandemia, hace m\u00e1s de 15 meses.<\/p>\n\n\n\n<p class=\"wp-block-paragraph\">Este domingo quedaron pendientes de estudio 30 casos sospechosos, 18 de Trenque Lauquen, ocho (8) de Treinta de Agosto y cuatro(4) de Beruti, y hay 732 personas en aislamiento, 657 en la ciudad cabecera, 40 en Treinta de Agosto y 35 en Beruti.<\/p>\n","protected":false},"excerpt":{"rendered":"<p>Treinta y tres (33) de los nuevos casos confirmados fueron detectados por hisopado y 17 por criterio o nexo epidemiol\u00f3gico y 48 corresponden a Trenque Lauquen y tres (3) a Treinta de Agosto<\/p>\n","protected":false},"author":2,"featured_media":61408,"comment_status":"closed","ping_status":"open","sticky":false,"template":"","format":"standard","meta":{"footnotes":""},"categories":[1613],"tags":[1785],"class_list":["post-78599","post","type-post","status-publish","format-standard","has-post-thumbnail","hentry","category-noticia-secundaria","tag-coronavirus"],"featured_image_urls":{"full":["https:\/\/infoecos.com.ar\/wp-content\/uploads\/tl20centro-1-scaled.jpg",2560,1920,false],"thumbnail":["https:\/\/infoecos.com.ar\/wp-content\/uploads\/tl20centro-1-150x150.jpg",150,150,true],"medium":["https:\/\/infoecos.com.ar\/wp-content\/uploads\/tl20centro-1-460x345.jpg",460,345,true],"medium_large":["https:\/\/infoecos.com.ar\/wp-content\/uploads\/tl20centro-1-768x576.jpg",640,480,true],"large":["https:\/\/infoecos.com.ar\/wp-content\/uploads\/tl20centro-1-920x690.jpg",640,480,true],"1536x1536":["https:\/\/infoecos.com.ar\/wp-content\/uploads\/tl20centro-1-1536x1152.jpg",1536,1152,true],"2048x2048":["https:\/\/infoecos.com.ar\/wp-content\/uploads\/tl20centro-1-2048x1536.jpg",2048,1536,true],"covernews-slider-full":["https:\/\/infoecos.com.ar\/wp-content\/uploads\/tl20centro-1-1536x1020.jpg",1077,715,true],"covernews-slider-center":["https:\/\/infoecos.com.ar\/wp-content\/uploads\/tl20centro-1-936x897.jpg",522,500,true],"covernews-featured":["https:\/\/infoecos.com.ar\/wp-content\/uploads\/tl20centro-1-1024x768.jpg",1024,768,true],"covernews-medium":["https:\/\/infoecos.com.ar\/wp-content\/uploads\/tl20centro-1-720x380.jpg",540,285,true],"covernews-medium-square":["https:\/\/infoecos.com.ar\/wp-content\/uploads\/tl20centro-1-675x450.jpg",375,250,true]},"author_info":{"info":["Jorge Matheus"]},"category_info":"<a href=\"https:\/\/infoecos.com.ar\/index.php\/category\/noticia-secundaria\/\" rel=\"category tag\">Noticia Secundaria<\/a>","tag_info":"Noticia Secundaria","comment_count":"0","_links":{"self":[{"href":"https:\/\/infoecos.com.ar\/index.php\/wp-json\/wp\/v2\/posts\/78599","targetHints":{"allow":["GET"]}}],"collection":[{"href":"https:\/\/infoecos.com.ar\/index.php\/wp-json\/wp\/v2\/posts"}],"about":[{"href":"https:\/\/infoecos.com.ar\/index.php\/wp-json\/wp\/v2\/types\/post"}],"author":[{"embeddable":true,"href":"https:\/\/infoecos.com.ar\/index.php\/wp-json\/wp\/v2\/users\/2"}],"replies":[{"embeddable":true,"href":"https:\/\/infoecos.com.ar\/index.php\/wp-json\/wp\/v2\/comments?post=78599"}],"version-history":[{"count":1,"href":"https:\/\/infoecos.com.ar\/index.php\/wp-json\/wp\/v2\/posts\/78599\/revisions"}],"predecessor-version":[{"id":78601,"href":"https:\/\/infoecos.com.ar\/index.php\/wp-json\/wp\/v2\/posts\/78599\/revisions\/78601"}],"wp:featuredmedia":[{"embeddable":true,"href":"https:\/\/infoecos.com.ar\/index.php\/wp-json\/wp\/v2\/media\/61408"}],"wp:attachment":[{"href":"https:\/\/infoecos.com.ar\/index.php\/wp-json\/wp\/v2\/media?parent=78599"}],"wp:term":[{"taxonomy":"category","embeddable":true,"href":"https:\/\/infoecos.com.ar\/index.php\/wp-json\/wp\/v2\/categories?post=78599"},{"taxonomy":"post_tag","embeddable":true,"href":"https:\/\/infoecos.com.ar\/index.php\/wp-json\/wp\/v2\/tags?post=78599"}],"curies":[{"name":"wp","href":"https:\/\/api.w.org\/{rel}","templated":true}]}}