{"id":78617,"date":"2021-05-24T00:31:48","date_gmt":"2021-05-24T03:31:48","guid":{"rendered":"http:\/\/infoecos.com.ar\/?p=78617"},"modified":"2021-05-26T00:38:58","modified_gmt":"2021-05-26T03:38:58","slug":"la-federacion-del-nucleamiento-empresarial-del-noroeste-bonaerense-en-desacuerdo-con-el-confinamiento","status":"publish","type":"post","link":"https:\/\/infoecos.com.ar\/index.php\/la-federacion-del-nucleamiento-empresarial-del-noroeste-bonaerense-en-desacuerdo-con-el-confinamiento\/","title":{"rendered":"La Federaci\u00f3n del Nucleamiento Empresarial del Noroeste Bonaerense  en desacuerdo con el confinamiento"},"content":{"rendered":"\n<p class=\"wp-block-paragraph\">Seg\u00fan la Federaci\u00f3n del Nucleamiento Empresarial del Noroeste Bonaerense la situaci\u00f3n sanitaria no se solucionar\u00e1 en 9 d\u00edas de confinamiento. La organizaci\u00f3n dio a conocer un documento en su sitio <strong>https:\/\/nucleamientoempresarialnoba.com.ar\/<\/strong>, este domingo.<\/p>\n\n\n\n<div class=\"wp-block-image\"><figure class=\"aligncenter size-large is-resized\"><img loading=\"lazy\" decoding=\"async\" src=\"http:\/\/infoecos.com.ar\/wp-content\/uploads\/2021\/05\/FNENB-Logo.jpg\" alt=\"\" class=\"wp-image-78618\" width=\"464\" height=\"288\"\/><\/figure><\/div>\n\n\n\n<p class=\"wp-block-paragraph\">El texto es el siguiente:<\/p>\n\n\n\n<p class=\"wp-block-paragraph\">La Federaci\u00f3n del Nucleamiento Empresarial del Noroeste Bonaerense y sus&nbsp; c\u00e1maras asociadas, expresamos nuestra disconformidad al DNU 334\/21 y a las restricciones dispuestas.<\/p>\n\n\n\n<p class=\"wp-block-paragraph\"><strong>Estamos ante una situaci\u00f3n muy compleja a nivel sanitario que no se solucionar\u00e1 en 9 d\u00edas de confinamiento.<\/strong><\/p>\n\n\n\n<p class=\"wp-block-paragraph\">Una de las cuestiones de fondo como la falta de vacunaci\u00f3n no est\u00e1 resuelta. La poblaci\u00f3n activa, que todos los d\u00edas sale a trabajar, no est\u00e1 vacunada.<\/p>\n\n\n\n<p class=\"wp-block-paragraph\">Este nuevo esfuerzo que se exige al sector productivo, no est\u00e1 resuelto y no se va a lograr en el corto plazo. Nuevamente el sector&nbsp; del comercio legalmente habilitado se ve perjudicado por est\u00e1s restricciones.<\/p>\n\n\n\n<p class=\"wp-block-paragraph\"><strong>Es necesario mantener el sector productivo activo y la econom\u00eda en marcha. No queremos que una Pymes m\u00e1s cierre sus puertas. Debemos continuar trabajando, cumpliendo con el protocolo sanitario.<\/strong><\/p>\n\n\n\n<p class=\"wp-block-paragraph\">Estamos demostrando que el Comercio no Contagia. Necesitamos que la vacunaci\u00f3n sea pronto y as\u00ed aliviar tambi\u00e9n a nuestro sector.<\/p>\n","protected":false},"excerpt":{"rendered":"<p>Una de las cuestiones de fondo como la falta de vacunaci\u00f3n no est\u00e1 resuelta. La poblaci\u00f3n activa, que todos los d\u00edas sale a trabajar, no est\u00e1 vacunada, se\u00f1ala<\/p>\n","protected":false},"author":2,"featured_media":78618,"comment_status":"closed","ping_status":"open","sticky":false,"template":"","format":"standard","meta":{"footnotes":""},"categories":[1341],"tags":[2852],"class_list":["post-78617","post","type-post","status-publish","format-standard","has-post-thumbnail","hentry","category-c1nota7","tag-dio-a-conocer-un-documento"],"featured_image_urls":{"full":["https:\/\/infoecos.com.ar\/wp-content\/uploads\/2021\/05\/FNENB-Logo.jpg",285,177,false],"thumbnail":["https:\/\/infoecos.com.ar\/wp-content\/uploads\/2021\/05\/FNENB-Logo-150x150.jpg",150,150,true],"medium":["https:\/\/infoecos.com.ar\/wp-content\/uploads\/2021\/05\/FNENB-Logo.jpg",285,177,false],"medium_large":["https:\/\/infoecos.com.ar\/wp-content\/uploads\/2021\/05\/FNENB-Logo.jpg",285,177,false],"large":["https:\/\/infoecos.com.ar\/wp-content\/uploads\/2021\/05\/FNENB-Logo.jpg",285,177,false],"1536x1536":["https:\/\/infoecos.com.ar\/wp-content\/uploads\/2021\/05\/FNENB-Logo.jpg",285,177,false],"2048x2048":["https:\/\/infoecos.com.ar\/wp-content\/uploads\/2021\/05\/FNENB-Logo.jpg",285,177,false],"covernews-slider-full":["https:\/\/infoecos.com.ar\/wp-content\/uploads\/2021\/05\/FNENB-Logo.jpg",285,177,false],"covernews-slider-center":["https:\/\/infoecos.com.ar\/wp-content\/uploads\/2021\/05\/FNENB-Logo.jpg",285,177,false],"covernews-featured":["https:\/\/infoecos.com.ar\/wp-content\/uploads\/2021\/05\/FNENB-Logo.jpg",285,177,false],"covernews-medium":["https:\/\/infoecos.com.ar\/wp-content\/uploads\/2021\/05\/FNENB-Logo.jpg",285,177,false],"covernews-medium-square":["https:\/\/infoecos.com.ar\/wp-content\/uploads\/2021\/05\/FNENB-Logo.jpg",285,177,false]},"author_info":{"info":["Jorge Matheus"]},"category_info":"<a href=\"https:\/\/infoecos.com.ar\/index.php\/category\/c1nota7\/\" rel=\"category tag\">C1 nota 7<\/a>","tag_info":"C1 nota 7","comment_count":"0","_links":{"self":[{"href":"https:\/\/infoecos.com.ar\/index.php\/wp-json\/wp\/v2\/posts\/78617","targetHints":{"allow":["GET"]}}],"collection":[{"href":"https:\/\/infoecos.com.ar\/index.php\/wp-json\/wp\/v2\/posts"}],"about":[{"href":"https:\/\/infoecos.com.ar\/index.php\/wp-json\/wp\/v2\/types\/post"}],"author":[{"embeddable":true,"href":"https:\/\/infoecos.com.ar\/index.php\/wp-json\/wp\/v2\/users\/2"}],"replies":[{"embeddable":true,"href":"https:\/\/infoecos.com.ar\/index.php\/wp-json\/wp\/v2\/comments?post=78617"}],"version-history":[{"count":2,"href":"https:\/\/infoecos.com.ar\/index.php\/wp-json\/wp\/v2\/posts\/78617\/revisions"}],"predecessor-version":[{"id":78702,"href":"https:\/\/infoecos.com.ar\/index.php\/wp-json\/wp\/v2\/posts\/78617\/revisions\/78702"}],"wp:featuredmedia":[{"embeddable":true,"href":"https:\/\/infoecos.com.ar\/index.php\/wp-json\/wp\/v2\/media\/78618"}],"wp:attachment":[{"href":"https:\/\/infoecos.com.ar\/index.php\/wp-json\/wp\/v2\/media?parent=78617"}],"wp:term":[{"taxonomy":"category","embeddable":true,"href":"https:\/\/infoecos.com.ar\/index.php\/wp-json\/wp\/v2\/categories?post=78617"},{"taxonomy":"post_tag","embeddable":true,"href":"https:\/\/infoecos.com.ar\/index.php\/wp-json\/wp\/v2\/tags?post=78617"}],"curies":[{"name":"wp","href":"https:\/\/api.w.org\/{rel}","templated":true}]}}