{"id":78630,"date":"2021-05-25T00:21:45","date_gmt":"2021-05-25T03:21:45","guid":{"rendered":"http:\/\/infoecos.com.ar\/?p=78630"},"modified":"2021-05-25T00:27:28","modified_gmt":"2021-05-25T03:27:28","slug":"este-lunes-otra-baja-de-casos-activos-pero-se-reporto-otro-fallecimiento-en-trenque-lauquen","status":"publish","type":"post","link":"https:\/\/infoecos.com.ar\/index.php\/este-lunes-otra-baja-de-casos-activos-pero-se-reporto-otro-fallecimiento-en-trenque-lauquen\/","title":{"rendered":"Este lunes nueva baja de casos activos, pero se report\u00f3 otro fallecimiento en Trenque Lauquen"},"content":{"rendered":"\n<p class=\"wp-block-paragraph\">La subsecretar\u00eda de Salud municipal de Trenque Lauquen inform\u00f3 este lunes que el n\u00famero de casos activos de Covid-19 en el distrito es de 721, luego de haberse confirmado 65 nuevos casos, recuperarse 87 personas, producirse un (1) deceso y descartarse 81 casos, quedando 19 casos sospechosos y 673 personas en aislamiento.<\/p>\n\n\n\n<p class=\"wp-block-paragraph\">De los 65 nuevos casos positivos -26 detectados por hisopado y 39 por criterio o nexo epidemiol\u00f3gico seg\u00fan protocolo actualizado vigente- 58 corresponden a Trenque Lauquen, cuatro (4) a Treinta de Agosto, tres (3) a Beruti y uno (1) a Primera Junta. Uno de los casos de la ciudad cabecera que estaba recuperado el domingo ingres\u00f3 a internaci\u00f3n, por eso el total desglosado por localidad da 66 y no 65.<\/p>\n\n\n\n<div class=\"wp-block-image\"><figure class=\"aligncenter size-medium\"><img loading=\"lazy\" decoding=\"async\" width=\"460\" height=\"434\" src=\"http:\/\/infoecos.com.ar\/wp-content\/uploads\/2021\/05\/reportesabado-1-460x434.jpg\" alt=\"\" class=\"wp-image-78631\" srcset=\"https:\/\/infoecos.com.ar\/wp-content\/uploads\/2021\/05\/reportesabado-1-460x434.jpg 460w, https:\/\/infoecos.com.ar\/wp-content\/uploads\/2021\/05\/reportesabado-1-768x725.jpg 768w, https:\/\/infoecos.com.ar\/wp-content\/uploads\/2021\/05\/reportesabado-1.jpg 800w\" sizes=\"auto, (max-width: 460px) 100vw, 460px\" \/><\/figure><\/div>\n\n\n\n<p class=\"wp-block-paragraph\">Entre los 721 casos confirmados, 647 son de Trenque Lauquen, 40 de Treinta de Agosto, 33 de Beruti y uno (1) de Primera Junta: 49 se encuentran en el Hospital Municipal, siete (7) en el Centro Extrahospitalario que funciona en el ex Hotel Pailla Hu\u00e9 y 665 en sus domicilios particulares.<\/p>\n\n\n\n<p class=\"wp-block-paragraph\">La persona fallecida es un hombre de Trenque Lauquen, de 54 a\u00f1os y sin comorbilidades, que hab\u00eda sido trasladado a la ciudad de Jun\u00edn. Es el 90\u00b0 deceso desde que comenz\u00f3 la pandemia, en marzo del a\u00f1o pasado.<\/p>\n\n\n\n<p class=\"wp-block-paragraph\">Ochenta y cinco 885) de las 87 personas recuperadas en las \u00faltimas 24 horas pertenecen a Trenque Lauquen, dos (2) a Treinta de Agosto y una (1) a Beruti, siendo 5.076 las que recibieron el alta entre marzo de 2020 y la fecha, per\u00edodo en el cual fueron descartados 10.459 casos, incluidos los 71 de hoy, 73 de la ciudad cabecera, siete (7) de Treinta de Agosto y uno (1) de Beruti.<\/p>\n\n\n\n<p class=\"wp-block-paragraph\">Este lunes quedan 19 casos sospechosos -16 de Trenque Lauquen, dos (2) de Treinta de Agosto y uno 81) de Beruti- y 673 personas en aislamiento -611 de Trenque Lauquen, 44 de Treinta de Agosto y 18 de Beruti-.<\/p>\n","protected":false},"excerpt":{"rendered":"<p>Entre los 721 casos confirmados, 647 son de Trenque Lauquen, 40 de Treinta de Agosto, 33 de Beruti y uno (1) de Primera Junta: 49 se encuentran en el Hospital Municipal, siete (7) en el Centro Extrahospitalario que funciona en el ex Hotel Pailla Hu\u00e9 y 665 en sus domicilios particulares<\/p>\n","protected":false},"author":2,"featured_media":45266,"comment_status":"closed","ping_status":"open","sticky":false,"template":"","format":"standard","meta":{"footnotes":""},"categories":[1612],"tags":[1785],"class_list":["post-78630","post","type-post","status-publish","format-standard","has-post-thumbnail","hentry","category-noticia-principal","tag-coronavirus"],"featured_image_urls":{"full":"","thumbnail":"","medium":"","medium_large":"","large":"","1536x1536":"","2048x2048":"","covernews-slider-full":"","covernews-slider-center":"","covernews-featured":"","covernews-medium":"","covernews-medium-square":""},"author_info":{"info":["Jorge Matheus"]},"category_info":"<a href=\"https:\/\/infoecos.com.ar\/index.php\/category\/noticia-principal\/\" rel=\"category tag\">Noticia Principal<\/a>","tag_info":"Noticia Principal","comment_count":"0","_links":{"self":[{"href":"https:\/\/infoecos.com.ar\/index.php\/wp-json\/wp\/v2\/posts\/78630","targetHints":{"allow":["GET"]}}],"collection":[{"href":"https:\/\/infoecos.com.ar\/index.php\/wp-json\/wp\/v2\/posts"}],"about":[{"href":"https:\/\/infoecos.com.ar\/index.php\/wp-json\/wp\/v2\/types\/post"}],"author":[{"embeddable":true,"href":"https:\/\/infoecos.com.ar\/index.php\/wp-json\/wp\/v2\/users\/2"}],"replies":[{"embeddable":true,"href":"https:\/\/infoecos.com.ar\/index.php\/wp-json\/wp\/v2\/comments?post=78630"}],"version-history":[{"count":2,"href":"https:\/\/infoecos.com.ar\/index.php\/wp-json\/wp\/v2\/posts\/78630\/revisions"}],"predecessor-version":[{"id":78635,"href":"https:\/\/infoecos.com.ar\/index.php\/wp-json\/wp\/v2\/posts\/78630\/revisions\/78635"}],"wp:attachment":[{"href":"https:\/\/infoecos.com.ar\/index.php\/wp-json\/wp\/v2\/media?parent=78630"}],"wp:term":[{"taxonomy":"category","embeddable":true,"href":"https:\/\/infoecos.com.ar\/index.php\/wp-json\/wp\/v2\/categories?post=78630"},{"taxonomy":"post_tag","embeddable":true,"href":"https:\/\/infoecos.com.ar\/index.php\/wp-json\/wp\/v2\/tags?post=78630"}],"curies":[{"name":"wp","href":"https:\/\/api.w.org\/{rel}","templated":true}]}}