{"id":78639,"date":"2021-05-25T00:49:33","date_gmt":"2021-05-25T03:49:33","guid":{"rendered":"http:\/\/infoecos.com.ar\/?p=78639"},"modified":"2021-05-25T00:49:35","modified_gmt":"2021-05-25T03:49:35","slug":"fallecio-en-ensenada-ricardo-cendoya-quien-fuera-secretario-de-redaccion-del-diario-la-opinion-de-trenque-lauquen","status":"publish","type":"post","link":"https:\/\/infoecos.com.ar\/index.php\/fallecio-en-ensenada-ricardo-cendoya-quien-fuera-secretario-de-redaccion-del-diario-la-opinion-de-trenque-lauquen\/","title":{"rendered":"Falleci\u00f3 en Ensenada Ricardo Cendoya, qui\u00e9n fuera secretario de Redacci\u00f3n del diario La Opini\u00f3n de Trenque Lauquen"},"content":{"rendered":"\n<p class=\"wp-block-paragraph\">Falleci\u00f3 en la ciudad de Ensenada, donde viv\u00eda desde hace muchos a\u00f1os, Ricardo Cendoya. Trabaj\u00f3 como periodista, hasta llegar a ser secretario de Redacci\u00f3n en el diario La Opini\u00f3n de Trenque Lauquen.<\/p>\n\n\n\n<div class=\"wp-block-image\"><figure class=\"aligncenter size-medium\"><img loading=\"lazy\" decoding=\"async\" width=\"460\" height=\"460\" src=\"http:\/\/infoecos.com.ar\/wp-content\/uploads\/2021\/05\/CENDOYA-460x460.jpg\" alt=\"\" class=\"wp-image-78640\" srcset=\"https:\/\/infoecos.com.ar\/wp-content\/uploads\/2021\/05\/CENDOYA-460x460.jpg 460w, https:\/\/infoecos.com.ar\/wp-content\/uploads\/2021\/05\/CENDOYA-150x150.jpg 150w, https:\/\/infoecos.com.ar\/wp-content\/uploads\/2021\/05\/CENDOYA.jpg 752w\" sizes=\"auto, (max-width: 460px) 100vw, 460px\" \/><\/figure><\/div>\n\n\n\n<p class=\"wp-block-paragraph\">Nacido en Bah\u00eda Blanca hab\u00eda contra\u00eddo sus primeras nupcias con una vecina de la ciudad, con la que tuvo cuatro hijos. <\/p>\n\n\n\n<p class=\"wp-block-paragraph\">A poco del retorno a la vida democr\u00e1tica, Cendoya se traslad\u00f3 a la ciudad de La Plata, donde trabaj\u00f3 con el entonces diputado trenquelauquense, Abel Est\u00e9vez. Luego se desempe\u00f1\u00f3 en el \u00e1rea de prensa en la c\u00e1mara baja del partido Justicialista.<\/p>\n\n\n\n<p class=\"wp-block-paragraph\">Posteriormente incursion\u00f3 en la pol\u00edtica integr\u00e1ndose al peronismo de Ensenada, luego se sum\u00f3 al Frente Renovador y por \u00faltimo fue parte del gobierno de Juntos por el Cambio. <\/p>\n\n\n\n<div class=\"wp-block-image\"><figure class=\"aligncenter size-medium\"><img loading=\"lazy\" decoding=\"async\" width=\"409\" height=\"460\" src=\"http:\/\/infoecos.com.ar\/wp-content\/uploads\/2021\/05\/cendoyaricardo-409x460.jpg\" alt=\"\" class=\"wp-image-78641\" srcset=\"https:\/\/infoecos.com.ar\/wp-content\/uploads\/2021\/05\/cendoyaricardo-409x460.jpg 409w, https:\/\/infoecos.com.ar\/wp-content\/uploads\/2021\/05\/cendoyaricardo.jpg 509w\" sizes=\"auto, (max-width: 409px) 100vw, 409px\" \/><\/figure><\/div>\n\n\n\n<p class=\"wp-block-paragraph\">Durante su permanencia en Trenque Lauquen tuvo una dilatada trayectoria, habiendo sido parte de la camada de periodistas que trabaj\u00f3 intensamente desde la vuelta a la Democracia. <\/p>\n","protected":false},"excerpt":{"rendered":"<p>Incursion\u00f3 en la pol\u00edtica integr\u00e1ndose al peronismo de Ensenada, luego se sum\u00f3 al Frente Renovador y por \u00faltimo fue parte del gobierno de Juntos por el Cambio<\/p>\n","protected":false},"author":2,"featured_media":78640,"comment_status":"closed","ping_status":"open","sticky":false,"template":"","format":"standard","meta":{"footnotes":""},"categories":[47],"tags":[3735],"class_list":["post-78639","post","type-post","status-publish","format-standard","has-post-thumbnail","hentry","category-c3nota2","tag-activo-y-buena-pluma-periodistica"],"featured_image_urls":{"full":["https:\/\/infoecos.com.ar\/wp-content\/uploads\/2021\/05\/CENDOYA.jpg",752,752,false],"thumbnail":["https:\/\/infoecos.com.ar\/wp-content\/uploads\/2021\/05\/CENDOYA-150x150.jpg",150,150,true],"medium":["https:\/\/infoecos.com.ar\/wp-content\/uploads\/2021\/05\/CENDOYA-460x460.jpg",460,460,true],"medium_large":["https:\/\/infoecos.com.ar\/wp-content\/uploads\/2021\/05\/CENDOYA.jpg",640,640,false],"large":["https:\/\/infoecos.com.ar\/wp-content\/uploads\/2021\/05\/CENDOYA.jpg",640,640,false],"1536x1536":["https:\/\/infoecos.com.ar\/wp-content\/uploads\/2021\/05\/CENDOYA.jpg",752,752,false],"2048x2048":["https:\/\/infoecos.com.ar\/wp-content\/uploads\/2021\/05\/CENDOYA.jpg",752,752,false],"covernews-slider-full":["https:\/\/infoecos.com.ar\/wp-content\/uploads\/2021\/05\/CENDOYA.jpg",715,715,false],"covernews-slider-center":["https:\/\/infoecos.com.ar\/wp-content\/uploads\/2021\/05\/CENDOYA.jpg",500,500,false],"covernews-featured":["https:\/\/infoecos.com.ar\/wp-content\/uploads\/2021\/05\/CENDOYA.jpg",752,752,false],"covernews-medium":["https:\/\/infoecos.com.ar\/wp-content\/uploads\/2021\/05\/CENDOYA-720x380.jpg",540,285,true],"covernews-medium-square":["https:\/\/infoecos.com.ar\/wp-content\/uploads\/2021\/05\/CENDOYA-675x450.jpg",375,250,true]},"author_info":{"info":["Jorge Matheus"]},"category_info":"<a href=\"https:\/\/infoecos.com.ar\/index.php\/category\/c3nota2\/\" rel=\"category tag\">C3 N2<\/a>","tag_info":"C3 N2","comment_count":"0","_links":{"self":[{"href":"https:\/\/infoecos.com.ar\/index.php\/wp-json\/wp\/v2\/posts\/78639","targetHints":{"allow":["GET"]}}],"collection":[{"href":"https:\/\/infoecos.com.ar\/index.php\/wp-json\/wp\/v2\/posts"}],"about":[{"href":"https:\/\/infoecos.com.ar\/index.php\/wp-json\/wp\/v2\/types\/post"}],"author":[{"embeddable":true,"href":"https:\/\/infoecos.com.ar\/index.php\/wp-json\/wp\/v2\/users\/2"}],"replies":[{"embeddable":true,"href":"https:\/\/infoecos.com.ar\/index.php\/wp-json\/wp\/v2\/comments?post=78639"}],"version-history":[{"count":1,"href":"https:\/\/infoecos.com.ar\/index.php\/wp-json\/wp\/v2\/posts\/78639\/revisions"}],"predecessor-version":[{"id":78642,"href":"https:\/\/infoecos.com.ar\/index.php\/wp-json\/wp\/v2\/posts\/78639\/revisions\/78642"}],"wp:featuredmedia":[{"embeddable":true,"href":"https:\/\/infoecos.com.ar\/index.php\/wp-json\/wp\/v2\/media\/78640"}],"wp:attachment":[{"href":"https:\/\/infoecos.com.ar\/index.php\/wp-json\/wp\/v2\/media?parent=78639"}],"wp:term":[{"taxonomy":"category","embeddable":true,"href":"https:\/\/infoecos.com.ar\/index.php\/wp-json\/wp\/v2\/categories?post=78639"},{"taxonomy":"post_tag","embeddable":true,"href":"https:\/\/infoecos.com.ar\/index.php\/wp-json\/wp\/v2\/tags?post=78639"}],"curies":[{"name":"wp","href":"https:\/\/api.w.org\/{rel}","templated":true}]}}