{"id":78643,"date":"2021-05-25T00:59:01","date_gmt":"2021-05-25T03:59:01","guid":{"rendered":"http:\/\/infoecos.com.ar\/?p=78643"},"modified":"2021-05-26T01:00:09","modified_gmt":"2021-05-26T04:00:09","slug":"carlos-bianco-la-ultima-fue-la-peor-semana-desde-que-empezo-la-pandemia-en-la-provincia","status":"publish","type":"post","link":"https:\/\/infoecos.com.ar\/index.php\/carlos-bianco-la-ultima-fue-la-peor-semana-desde-que-empezo-la-pandemia-en-la-provincia\/","title":{"rendered":"Carlos Bianco: \u00abla \u00faltima fue la peor semana desde que empez\u00f3 la pandemia en la provincia\u00bb"},"content":{"rendered":"\n<p class=\"wp-block-paragraph\">El jefe de Gabinete de la provincia de Buenos Aires,&nbsp;<strong>Carlos Bianco<\/strong>, alert\u00f3 que la \u00faltima fue \u201cla peor semana desde que empez\u00f3 la pandemia en nuestra provincia\u201d,<\/p>\n\n\n\n<p class=\"wp-block-paragraph\">A trav\u00e9s de su cuenta de Twitter, Bianco detall\u00f3 que \u201csi discriminamos por regiones, en AMBA aument\u00f3 23,2% y en Interior 51,8%\u201d.<\/p>\n\n\n\n<figure class=\"wp-block-embed is-type-rich is-provider-twitter wp-block-embed-twitter\"><div class=\"wp-block-embed__wrapper\">\n<blockquote class=\"twitter-tweet\" data-width=\"550\" data-dnt=\"true\"><p lang=\"es\" dir=\"ltr\">La peor semana desde que empez\u00f3 la pandemia en nuestra provincia. Si discriminamos por regiones, en AMBA 40 aument\u00f3 23,2% y en Interior 51,8%. Nos tenemos que guardar estos d\u00edas para bajar la curva de contagios. No nos podemos acostumbrar a esta cantidad de contagios y muertes. <a href=\"https:\/\/t.co\/V3w2dt4MIq\">pic.twitter.com\/V3w2dt4MIq<\/a><\/p>&mdash; Carli Bianco (@Carli_Bianco) <a href=\"https:\/\/twitter.com\/Carli_Bianco\/status\/1396628264966307843?ref_src=twsrc%5Etfw\">May 24, 2021<\/a><\/blockquote><script async src=\"https:\/\/platform.twitter.com\/widgets.js\" charset=\"utf-8\"><\/script>\n<\/div><\/figure>\n\n\n\n<p class=\"wp-block-paragraph\">En esa l\u00ednea, acompa\u00f1\u00f3 un cuadro en el que grafic\u00f3 que se registr\u00f3 un promedio de 12.008 casos en toda la Provincia: 8.267 en el AMBA y 3.512 en el Interior.<\/p>\n\n\n\n<p class=\"wp-block-paragraph\">\u201cNos tenemos que guardar estos d\u00edas para bajar la curva de contagios. No nos podemos acostumbrar a esta cantidad de contagios y muertes\u201d, concluy\u00f3 el jefe de Gabinete.<\/p>\n\n\n\n<p class=\"wp-block-paragraph\">En tanto,&nbsp;a nivel provincial se pas\u00f3 de un promedio diario de 9.221 a 12.008, en el AMBA de 6.870 a 8.467 y en el&nbsp;interior creci\u00f3 de 2.314 a 3.512.<\/p>\n","protected":false},"excerpt":{"rendered":"<p>Bianco detall\u00f3 que \u201csi discriminamos por regiones, en AMBA aument\u00f3 23,2% y en Interior 51,8%\u201d<\/p>\n","protected":false},"author":2,"featured_media":78255,"comment_status":"closed","ping_status":"open","sticky":false,"template":"","format":"standard","meta":{"footnotes":""},"categories":[41],"tags":[3736],"class_list":["post-78643","post","type-post","status-publish","format-standard","has-post-thumbnail","hentry","category-inferior2","tag-el-jefe-de-gabinete-en-twitter"],"featured_image_urls":{"full":["https:\/\/infoecos.com.ar\/wp-content\/uploads\/2021\/05\/3-1.jpg",1920,1080,false],"thumbnail":["https:\/\/infoecos.com.ar\/wp-content\/uploads\/2021\/05\/3-1-150x150.jpg",150,150,true],"medium":["https:\/\/infoecos.com.ar\/wp-content\/uploads\/2021\/05\/3-1-460x259.jpg",460,259,true],"medium_large":["https:\/\/infoecos.com.ar\/wp-content\/uploads\/2021\/05\/3-1-768x432.jpg",640,360,true],"large":["https:\/\/infoecos.com.ar\/wp-content\/uploads\/2021\/05\/3-1-920x518.jpg",640,360,true],"1536x1536":["https:\/\/infoecos.com.ar\/wp-content\/uploads\/2021\/05\/3-1-1536x864.jpg",1536,864,true],"2048x2048":["https:\/\/infoecos.com.ar\/wp-content\/uploads\/2021\/05\/3-1.jpg",1920,1080,false],"covernews-slider-full":["https:\/\/infoecos.com.ar\/wp-content\/uploads\/2021\/05\/3-1-1536x1020.jpg",1077,715,true],"covernews-slider-center":["https:\/\/infoecos.com.ar\/wp-content\/uploads\/2021\/05\/3-1-936x897.jpg",522,500,true],"covernews-featured":["https:\/\/infoecos.com.ar\/wp-content\/uploads\/2021\/05\/3-1-1024x576.jpg",1024,576,true],"covernews-medium":["https:\/\/infoecos.com.ar\/wp-content\/uploads\/2021\/05\/3-1-720x380.jpg",540,285,true],"covernews-medium-square":["https:\/\/infoecos.com.ar\/wp-content\/uploads\/2021\/05\/3-1-675x450.jpg",375,250,true]},"author_info":{"info":["Jorge Matheus"]},"category_info":"<a href=\"https:\/\/infoecos.com.ar\/index.php\/category\/inferior2\/\" rel=\"category tag\">Bloque inferior - 2<\/a>","tag_info":"Bloque inferior - 2","comment_count":"0","_links":{"self":[{"href":"https:\/\/infoecos.com.ar\/index.php\/wp-json\/wp\/v2\/posts\/78643","targetHints":{"allow":["GET"]}}],"collection":[{"href":"https:\/\/infoecos.com.ar\/index.php\/wp-json\/wp\/v2\/posts"}],"about":[{"href":"https:\/\/infoecos.com.ar\/index.php\/wp-json\/wp\/v2\/types\/post"}],"author":[{"embeddable":true,"href":"https:\/\/infoecos.com.ar\/index.php\/wp-json\/wp\/v2\/users\/2"}],"replies":[{"embeddable":true,"href":"https:\/\/infoecos.com.ar\/index.php\/wp-json\/wp\/v2\/comments?post=78643"}],"version-history":[{"count":2,"href":"https:\/\/infoecos.com.ar\/index.php\/wp-json\/wp\/v2\/posts\/78643\/revisions"}],"predecessor-version":[{"id":78710,"href":"https:\/\/infoecos.com.ar\/index.php\/wp-json\/wp\/v2\/posts\/78643\/revisions\/78710"}],"wp:featuredmedia":[{"embeddable":true,"href":"https:\/\/infoecos.com.ar\/index.php\/wp-json\/wp\/v2\/media\/78255"}],"wp:attachment":[{"href":"https:\/\/infoecos.com.ar\/index.php\/wp-json\/wp\/v2\/media?parent=78643"}],"wp:term":[{"taxonomy":"category","embeddable":true,"href":"https:\/\/infoecos.com.ar\/index.php\/wp-json\/wp\/v2\/categories?post=78643"},{"taxonomy":"post_tag","embeddable":true,"href":"https:\/\/infoecos.com.ar\/index.php\/wp-json\/wp\/v2\/tags?post=78643"}],"curies":[{"name":"wp","href":"https:\/\/api.w.org\/{rel}","templated":true}]}}