{"id":78655,"date":"2021-05-25T01:35:16","date_gmt":"2021-05-25T04:35:16","guid":{"rendered":"http:\/\/infoecos.com.ar\/?p=78655"},"modified":"2021-05-26T00:48:14","modified_gmt":"2021-05-26T03:48:14","slug":"kreplak-airmo-que-se-lograra-quebrar-la-tendencia-de-aumento-de-contagios","status":"publish","type":"post","link":"https:\/\/infoecos.com.ar\/index.php\/kreplak-airmo-que-se-lograra-quebrar-la-tendencia-de-aumento-de-contagios\/","title":{"rendered":"Kreplak afirm\u00f3 que se lograr\u00e1 \u00abquebrar la tendencia de aumento de contagios\u00bb"},"content":{"rendered":"\n<p class=\"wp-block-paragraph\">El viceministro de Salud bonaerense, Nicol\u00e1s Kreplak, afirm\u00f3 este lunes que con las restricciones dispuestas por el presidente Alberto Fern\u00e1ndez se lograr\u00e1 \u00abquebrar la tendencia de aumento de contagios\u00bb de coronavirus y anticip\u00f3 que si se cumple el cronograma de arribo de vacunas, \u00abpara fin de junio podr\u00edamos tener a toda la poblaci\u00f3n de riesgo inoculada\u00bb.<\/p>\n\n\n\n<div class=\"wp-block-image\"><figure class=\"aligncenter size-large\"><img loading=\"lazy\" decoding=\"async\" width=\"730\" height=\"411\" src=\"http:\/\/infoecos.com.ar\/wp-content\/uploads\/2021\/02\/nicolas-kreplak.jpg\" alt=\"\" class=\"wp-image-74580\" srcset=\"https:\/\/infoecos.com.ar\/wp-content\/uploads\/2021\/02\/nicolas-kreplak.jpg 730w, https:\/\/infoecos.com.ar\/wp-content\/uploads\/2021\/02\/nicolas-kreplak-460x259.jpg 460w\" sizes=\"auto, (max-width: 730px) 100vw, 730px\" \/><\/figure><\/div>\n\n\n\n<p class=\"wp-block-paragraph\">\u00abCon este cierre vamos a lograr quebrar la tendencia de aumento de casos semanal. Ya empezamos a ver en el segundo cord\u00f3n del conurbano que empieza a bajar la velocidad de crecimiento\u00bb, explic\u00f3 el funcionario en declaraciones formuladas a radio El Destape.<\/p>\n\n\n\n<p class=\"wp-block-paragraph\">Aclar\u00f3 que&nbsp;<strong>no se lograr\u00e1 \u00abver que bajen los casos en 9 d\u00edas\u00bb,<\/strong>&nbsp;y recalc\u00f3 que \u00abla idea es que al d\u00eda 10 no se vuelva a una apertura total, sino a la situaci\u00f3n de las restricciones previas a este cierre\u00bb.<\/p>\n","protected":false},"excerpt":{"rendered":"<p>El viceministro de Salud bonaerense, Nicol\u00e1s Kreplak, afirm\u00f3 este lunes que con las restricciones dispuestas&#8230;<\/p>\n","protected":false},"author":2,"featured_media":74580,"comment_status":"closed","ping_status":"open","sticky":false,"template":"","format":"standard","meta":{"footnotes":""},"categories":[1643,1634],"tags":[2936],"class_list":["post-78655","post","type-post","status-publish","format-standard","has-post-thumbnail","hentry","category-inferior16","category-empre-12","tag-declaraciones-del-viceministro-de-salud"],"featured_image_urls":{"full":["https:\/\/infoecos.com.ar\/wp-content\/uploads\/2021\/02\/nicolas-kreplak.jpg",730,411,false],"thumbnail":["https:\/\/infoecos.com.ar\/wp-content\/uploads\/2021\/02\/nicolas-kreplak-150x150.jpg",150,150,true],"medium":["https:\/\/infoecos.com.ar\/wp-content\/uploads\/2021\/02\/nicolas-kreplak-460x259.jpg",460,259,true],"medium_large":["https:\/\/infoecos.com.ar\/wp-content\/uploads\/2021\/02\/nicolas-kreplak.jpg",640,360,false],"large":["https:\/\/infoecos.com.ar\/wp-content\/uploads\/2021\/02\/nicolas-kreplak.jpg",640,360,false],"1536x1536":["https:\/\/infoecos.com.ar\/wp-content\/uploads\/2021\/02\/nicolas-kreplak.jpg",730,411,false],"2048x2048":["https:\/\/infoecos.com.ar\/wp-content\/uploads\/2021\/02\/nicolas-kreplak.jpg",730,411,false],"covernews-slider-full":["https:\/\/infoecos.com.ar\/wp-content\/uploads\/2021\/02\/nicolas-kreplak.jpg",730,411,false],"covernews-slider-center":["https:\/\/infoecos.com.ar\/wp-content\/uploads\/2021\/02\/nicolas-kreplak.jpg",730,411,false],"covernews-featured":["https:\/\/infoecos.com.ar\/wp-content\/uploads\/2021\/02\/nicolas-kreplak.jpg",730,411,false],"covernews-medium":["https:\/\/infoecos.com.ar\/wp-content\/uploads\/2021\/02\/nicolas-kreplak-720x380.jpg",540,285,true],"covernews-medium-square":["https:\/\/infoecos.com.ar\/wp-content\/uploads\/2021\/02\/nicolas-kreplak-675x411.jpg",400,244,true]},"author_info":{"info":["Jorge Matheus"]},"category_info":"<a href=\"https:\/\/infoecos.com.ar\/index.php\/category\/inferior16\/\" rel=\"category tag\">Bloque inferior - 16<\/a> <a href=\"https:\/\/infoecos.com.ar\/index.php\/category\/empre-12\/\" rel=\"category tag\">Empre 12<\/a>","tag_info":"Empre 12","comment_count":"0","_links":{"self":[{"href":"https:\/\/infoecos.com.ar\/index.php\/wp-json\/wp\/v2\/posts\/78655","targetHints":{"allow":["GET"]}}],"collection":[{"href":"https:\/\/infoecos.com.ar\/index.php\/wp-json\/wp\/v2\/posts"}],"about":[{"href":"https:\/\/infoecos.com.ar\/index.php\/wp-json\/wp\/v2\/types\/post"}],"author":[{"embeddable":true,"href":"https:\/\/infoecos.com.ar\/index.php\/wp-json\/wp\/v2\/users\/2"}],"replies":[{"embeddable":true,"href":"https:\/\/infoecos.com.ar\/index.php\/wp-json\/wp\/v2\/comments?post=78655"}],"version-history":[{"count":2,"href":"https:\/\/infoecos.com.ar\/index.php\/wp-json\/wp\/v2\/posts\/78655\/revisions"}],"predecessor-version":[{"id":78704,"href":"https:\/\/infoecos.com.ar\/index.php\/wp-json\/wp\/v2\/posts\/78655\/revisions\/78704"}],"wp:featuredmedia":[{"embeddable":true,"href":"https:\/\/infoecos.com.ar\/index.php\/wp-json\/wp\/v2\/media\/74580"}],"wp:attachment":[{"href":"https:\/\/infoecos.com.ar\/index.php\/wp-json\/wp\/v2\/media?parent=78655"}],"wp:term":[{"taxonomy":"category","embeddable":true,"href":"https:\/\/infoecos.com.ar\/index.php\/wp-json\/wp\/v2\/categories?post=78655"},{"taxonomy":"post_tag","embeddable":true,"href":"https:\/\/infoecos.com.ar\/index.php\/wp-json\/wp\/v2\/tags?post=78655"}],"curies":[{"name":"wp","href":"https:\/\/api.w.org\/{rel}","templated":true}]}}