{"id":78657,"date":"2021-05-25T20:17:12","date_gmt":"2021-05-25T23:17:12","guid":{"rendered":"http:\/\/infoecos.com.ar\/?p=78657"},"modified":"2021-05-26T16:03:55","modified_gmt":"2021-05-26T19:03:55","slug":"la-cultura-de-luto-en-trenque-lauquen-fallecio-osvaldo-ros","status":"publish","type":"post","link":"https:\/\/infoecos.com.ar\/index.php\/la-cultura-de-luto-en-trenque-lauquen-fallecio-osvaldo-ros\/","title":{"rendered":"La cultura de luto en Trenque Lauquen: falleci\u00f3 Osvaldo Ros"},"content":{"rendered":"\n<p class=\"wp-block-paragraph\">Falleci\u00f3, a los 81 a\u00f1os, Osvaldo Ros. Un referente de la cultura trenquelauquenche. Apasionado del teatro, merced a su tarea se desarrollaron m\u00faltiples realizaciones de ese arte en la comunidad, como as\u00ed tambi\u00e9n en la regi\u00f3n. Se hab\u00eda granjeado el cari\u00f1o de todos los que tuvieron la oportunidad de compartir con \u00e9l distintos escenarios o bien bajo la direcci\u00f3n de obras de reconocidos autores de la literatura nacional y universal.<\/p>\n\n\n\n<div class=\"wp-block-image\"><figure class=\"aligncenter size-medium\"><img loading=\"lazy\" decoding=\"async\" width=\"460\" height=\"345\" src=\"http:\/\/infoecos.com.ar\/wp-content\/uploads\/2021\/05\/ROSOSVALDO1-460x345.jpg\" alt=\"\" class=\"wp-image-78658\" srcset=\"https:\/\/infoecos.com.ar\/wp-content\/uploads\/2021\/05\/ROSOSVALDO1-460x345.jpg 460w, https:\/\/infoecos.com.ar\/wp-content\/uploads\/2021\/05\/ROSOSVALDO1-920x690.jpg 920w, https:\/\/infoecos.com.ar\/wp-content\/uploads\/2021\/05\/ROSOSVALDO1-768x576.jpg 768w, https:\/\/infoecos.com.ar\/wp-content\/uploads\/2021\/05\/ROSOSVALDO1-1536x1152.jpg 1536w, https:\/\/infoecos.com.ar\/wp-content\/uploads\/2021\/05\/ROSOSVALDO1-1024x768.jpg 1024w, https:\/\/infoecos.com.ar\/wp-content\/uploads\/2021\/05\/ROSOSVALDO1.jpg 2048w\" sizes=\"auto, (max-width: 460px) 100vw, 460px\" \/><figcaption>Ros en una de sus representaciones teatrales<\/figcaption><\/figure><\/div>\n\n\n\n<p class=\"wp-block-paragraph\">Ros ven\u00eda padeciendo problemas de salud desde hace un tiempo, los que se agudizaron en la \u00faltima semana al contraer COVID-19.<\/p>\n\n\n\n<p class=\"wp-block-paragraph\">Pas\u00f3 tambi\u00e9n por la funci\u00f3n p\u00fablica. Fue Director de Cultura del municipio en dos de las gestiones gestiones de Jorge Alberto Barracchia.<\/p>\n\n\n\n<div class=\"wp-block-image\"><figure class=\"aligncenter size-medium\"><img loading=\"lazy\" decoding=\"async\" width=\"460\" height=\"345\" src=\"http:\/\/infoecos.com.ar\/wp-content\/uploads\/2021\/05\/ROSOSVALDO-460x345.jpg\" alt=\"\" class=\"wp-image-78659\" srcset=\"https:\/\/infoecos.com.ar\/wp-content\/uploads\/2021\/05\/ROSOSVALDO-460x345.jpg 460w, https:\/\/infoecos.com.ar\/wp-content\/uploads\/2021\/05\/ROSOSVALDO-920x690.jpg 920w, https:\/\/infoecos.com.ar\/wp-content\/uploads\/2021\/05\/ROSOSVALDO-768x576.jpg 768w, https:\/\/infoecos.com.ar\/wp-content\/uploads\/2021\/05\/ROSOSVALDO-1536x1152.jpg 1536w, https:\/\/infoecos.com.ar\/wp-content\/uploads\/2021\/05\/ROSOSVALDO-1024x768.jpg 1024w, https:\/\/infoecos.com.ar\/wp-content\/uploads\/2021\/05\/ROSOSVALDO.jpg 2048w\" sizes=\"auto, (max-width: 460px) 100vw, 460px\" \/><figcaption>Ros al centro en una presentaci\u00f3n teatral en Pellegrini<\/figcaption><\/figure><\/div>\n\n\n\n<p class=\"wp-block-paragraph\"><\/p>\n\n\n\n<p class=\"wp-block-paragraph\"><\/p>\n","protected":false},"excerpt":{"rendered":"<p>Ros ven\u00eda padeciendo problemas de salud desde hace un tiempo, los que se agudizaron en la \u00faltima semana al contraer COVID-19<\/p>\n","protected":false},"author":2,"featured_media":78658,"comment_status":"closed","ping_status":"open","sticky":false,"template":"","format":"standard","meta":{"footnotes":""},"categories":[40],"tags":[3744],"class_list":["post-78657","post","type-post","status-publish","format-standard","has-post-thumbnail","hentry","category-inferior1","tag-un-referente-del-teatro"],"featured_image_urls":{"full":["https:\/\/infoecos.com.ar\/wp-content\/uploads\/2021\/05\/ROSOSVALDO1.jpg",2048,1536,false],"thumbnail":["https:\/\/infoecos.com.ar\/wp-content\/uploads\/2021\/05\/ROSOSVALDO1-150x150.jpg",150,150,true],"medium":["https:\/\/infoecos.com.ar\/wp-content\/uploads\/2021\/05\/ROSOSVALDO1-460x345.jpg",460,345,true],"medium_large":["https:\/\/infoecos.com.ar\/wp-content\/uploads\/2021\/05\/ROSOSVALDO1-768x576.jpg",640,480,true],"large":["https:\/\/infoecos.com.ar\/wp-content\/uploads\/2021\/05\/ROSOSVALDO1-920x690.jpg",640,480,true],"1536x1536":["https:\/\/infoecos.com.ar\/wp-content\/uploads\/2021\/05\/ROSOSVALDO1-1536x1152.jpg",1536,1152,true],"2048x2048":["https:\/\/infoecos.com.ar\/wp-content\/uploads\/2021\/05\/ROSOSVALDO1.jpg",2048,1536,false],"covernews-slider-full":["https:\/\/infoecos.com.ar\/wp-content\/uploads\/2021\/05\/ROSOSVALDO1-1536x1020.jpg",1077,715,true],"covernews-slider-center":["https:\/\/infoecos.com.ar\/wp-content\/uploads\/2021\/05\/ROSOSVALDO1-936x897.jpg",522,500,true],"covernews-featured":["https:\/\/infoecos.com.ar\/wp-content\/uploads\/2021\/05\/ROSOSVALDO1-1024x768.jpg",1024,768,true],"covernews-medium":["https:\/\/infoecos.com.ar\/wp-content\/uploads\/2021\/05\/ROSOSVALDO1-720x380.jpg",540,285,true],"covernews-medium-square":["https:\/\/infoecos.com.ar\/wp-content\/uploads\/2021\/05\/ROSOSVALDO1-675x450.jpg",375,250,true]},"author_info":{"info":["Jorge Matheus"]},"category_info":"<a href=\"https:\/\/infoecos.com.ar\/index.php\/category\/inferior1\/\" rel=\"category tag\">Bloque inferior - 1<\/a>","tag_info":"Bloque inferior - 1","comment_count":"0","_links":{"self":[{"href":"https:\/\/infoecos.com.ar\/index.php\/wp-json\/wp\/v2\/posts\/78657","targetHints":{"allow":["GET"]}}],"collection":[{"href":"https:\/\/infoecos.com.ar\/index.php\/wp-json\/wp\/v2\/posts"}],"about":[{"href":"https:\/\/infoecos.com.ar\/index.php\/wp-json\/wp\/v2\/types\/post"}],"author":[{"embeddable":true,"href":"https:\/\/infoecos.com.ar\/index.php\/wp-json\/wp\/v2\/users\/2"}],"replies":[{"embeddable":true,"href":"https:\/\/infoecos.com.ar\/index.php\/wp-json\/wp\/v2\/comments?post=78657"}],"version-history":[{"count":1,"href":"https:\/\/infoecos.com.ar\/index.php\/wp-json\/wp\/v2\/posts\/78657\/revisions"}],"predecessor-version":[{"id":78660,"href":"https:\/\/infoecos.com.ar\/index.php\/wp-json\/wp\/v2\/posts\/78657\/revisions\/78660"}],"wp:featuredmedia":[{"embeddable":true,"href":"https:\/\/infoecos.com.ar\/index.php\/wp-json\/wp\/v2\/media\/78658"}],"wp:attachment":[{"href":"https:\/\/infoecos.com.ar\/index.php\/wp-json\/wp\/v2\/media?parent=78657"}],"wp:term":[{"taxonomy":"category","embeddable":true,"href":"https:\/\/infoecos.com.ar\/index.php\/wp-json\/wp\/v2\/categories?post=78657"},{"taxonomy":"post_tag","embeddable":true,"href":"https:\/\/infoecos.com.ar\/index.php\/wp-json\/wp\/v2\/tags?post=78657"}],"curies":[{"name":"wp","href":"https:\/\/api.w.org\/{rel}","templated":true}]}}