{"id":78666,"date":"2021-05-25T20:48:55","date_gmt":"2021-05-25T23:48:55","guid":{"rendered":"http:\/\/infoecos.com.ar\/?p=78666"},"modified":"2021-05-25T20:48:58","modified_gmt":"2021-05-25T23:48:58","slug":"tenemos-completo-el-sector-c-del-hospital-municipal-dijo-el-intendente-de-carlos-casares-walter-torchio","status":"publish","type":"post","link":"https:\/\/infoecos.com.ar\/index.php\/tenemos-completo-el-sector-c-del-hospital-municipal-dijo-el-intendente-de-carlos-casares-walter-torchio\/","title":{"rendered":"\u00abTenemos completo el sector C del Hospital Municipal\u00bb, dijo el intendente de Carlos Casares Walter Torchio"},"content":{"rendered":"\n<p class=\"wp-block-paragraph\">Son 318 los casos activos, 1.555 los recuperados, por nexo cl\u00ednico epidemiol\u00f3gico 115 positivos y 373 recuperados. Los hisopados negativos son 2.971 y los fallecidos 54, en Carlos Casares.<\/p>\n\n\n\n<div class=\"wp-block-image\"><figure class=\"aligncenter size-medium\"><img loading=\"lazy\" decoding=\"async\" width=\"376\" height=\"460\" src=\"http:\/\/infoecos.com.ar\/wp-content\/uploads\/2021\/05\/2021_05_25_Intendente-Walter-Torchio-376x460.jpeg\" alt=\"\" class=\"wp-image-78667\" srcset=\"https:\/\/infoecos.com.ar\/wp-content\/uploads\/2021\/05\/2021_05_25_Intendente-Walter-Torchio-376x460.jpeg 376w, https:\/\/infoecos.com.ar\/wp-content\/uploads\/2021\/05\/2021_05_25_Intendente-Walter-Torchio-753x920.jpeg 753w, https:\/\/infoecos.com.ar\/wp-content\/uploads\/2021\/05\/2021_05_25_Intendente-Walter-Torchio-768x938.jpeg 768w, https:\/\/infoecos.com.ar\/wp-content\/uploads\/2021\/05\/2021_05_25_Intendente-Walter-Torchio.jpeg 838w\" sizes=\"auto, (max-width: 376px) 100vw, 376px\" \/><\/figure><\/div>\n\n\n\n<p class=\"wp-block-paragraph\">La informaci\u00f3n fue proporcionada por el intendente municipal, Walter Torchio, en el marco de un austero acto por el 25 de Mayo. Manifest\u00f3 su reconocimiento al personal de salud y a la oposici\u00f3n pol\u00edtica, se\u00f1alando que \u201cagradezco al personal de salud por su trabajo y a todos los que con enorme esfuerzo ayudan a transitar este tiempo complicado; hoy deber\u00eda ser una jornada de festividad, pero, en lo personal es un d\u00eda triste por el contexto. Agradezco a la oposici\u00f3n local por acompa\u00f1ar nuestras decisiones en tiempo de pandemia, es un gesto de madurez entender que este no es un tema para politizar y me gustar\u00eda que a nivel provincial y nacional se bajen las tensiones en este sentido, porque la unidad en este tema es clave para sortear las enormes dificultades, y espero que sigamos trabajando de igual forma\u201d.<\/p>\n\n\n\n<p class=\"wp-block-paragraph\">Adem\u00e1s, convoc\u00f3 a todas las instituciones \u201ca generar conciencia de unidad para luchar con el \u00fanico objetivo, el bienestar de todos, sin diferencias pol\u00edticas, de raza, de religiones, por y para todos los que habitan el suelo argentino\u201d.<\/p>\n\n\n\n<p class=\"wp-block-paragraph\">Hizo lo propio por las complejidades que vienen generando la pandemia pero m\u00e1s a\u00fan, por estos d\u00edas donde \u201ctenemos completo el sector C del hospital, hay m\u00e1s de 1.000 aislados en el partido, por eso tenemos que cuidarnos. Debemos ayudar al personal de salud\u00bb.<\/p>\n\n\n\n<p class=\"wp-block-paragraph\">Torchio expres\u00f3 por \u00faltimo, \u201ctengo esperanza de que vamos a lograr juntos pasar este presente dif\u00edcil para prontamente dejar atr\u00e1s al COVID-19, y nuevamente volver a so\u00f1ar en el futuro de nuestro querido Carlos Casares sin pandemia\u00bb<strong>. <\/strong><\/p>\n","protected":false},"excerpt":{"rendered":"<p>Convoc\u00f3 a todas las instituciones \u201ca generar conciencia de unidad para luchar con el \u00fanico objetivo, el bienestar de todos, sin diferencias pol\u00edticas, de raza, de religiones, por y para todos los que habitan el suelo argentino\u201d<\/p>\n","protected":false},"author":2,"featured_media":78667,"comment_status":"closed","ping_status":"open","sticky":false,"template":"","format":"standard","meta":{"footnotes":""},"categories":[1613],"tags":[3745],"class_list":["post-78666","post","type-post","status-publish","format-standard","has-post-thumbnail","hentry","category-noticia-secundaria","tag-en-el-acto-por-el-25-de-mayo"],"featured_image_urls":{"full":["https:\/\/infoecos.com.ar\/wp-content\/uploads\/2021\/05\/2021_05_25_Intendente-Walter-Torchio.jpeg",838,1024,false],"thumbnail":["https:\/\/infoecos.com.ar\/wp-content\/uploads\/2021\/05\/2021_05_25_Intendente-Walter-Torchio-150x150.jpeg",150,150,true],"medium":["https:\/\/infoecos.com.ar\/wp-content\/uploads\/2021\/05\/2021_05_25_Intendente-Walter-Torchio-376x460.jpeg",376,460,true],"medium_large":["https:\/\/infoecos.com.ar\/wp-content\/uploads\/2021\/05\/2021_05_25_Intendente-Walter-Torchio-768x938.jpeg",640,782,true],"large":["https:\/\/infoecos.com.ar\/wp-content\/uploads\/2021\/05\/2021_05_25_Intendente-Walter-Torchio-753x920.jpeg",640,782,true],"1536x1536":["https:\/\/infoecos.com.ar\/wp-content\/uploads\/2021\/05\/2021_05_25_Intendente-Walter-Torchio.jpeg",838,1024,false],"2048x2048":["https:\/\/infoecos.com.ar\/wp-content\/uploads\/2021\/05\/2021_05_25_Intendente-Walter-Torchio.jpeg",838,1024,false],"covernews-slider-full":["https:\/\/infoecos.com.ar\/wp-content\/uploads\/2021\/05\/2021_05_25_Intendente-Walter-Torchio-838x1020.jpeg",587,715,true],"covernews-slider-center":["https:\/\/infoecos.com.ar\/wp-content\/uploads\/2021\/05\/2021_05_25_Intendente-Walter-Torchio-838x897.jpeg",467,500,true],"covernews-featured":["https:\/\/infoecos.com.ar\/wp-content\/uploads\/2021\/05\/2021_05_25_Intendente-Walter-Torchio.jpeg",838,1024,false],"covernews-medium":["https:\/\/infoecos.com.ar\/wp-content\/uploads\/2021\/05\/2021_05_25_Intendente-Walter-Torchio-720x380.jpeg",540,285,true],"covernews-medium-square":["https:\/\/infoecos.com.ar\/wp-content\/uploads\/2021\/05\/2021_05_25_Intendente-Walter-Torchio-675x450.jpeg",375,250,true]},"author_info":{"info":["Jorge Matheus"]},"category_info":"<a href=\"https:\/\/infoecos.com.ar\/index.php\/category\/noticia-secundaria\/\" rel=\"category tag\">Noticia Secundaria<\/a>","tag_info":"Noticia Secundaria","comment_count":"0","_links":{"self":[{"href":"https:\/\/infoecos.com.ar\/index.php\/wp-json\/wp\/v2\/posts\/78666","targetHints":{"allow":["GET"]}}],"collection":[{"href":"https:\/\/infoecos.com.ar\/index.php\/wp-json\/wp\/v2\/posts"}],"about":[{"href":"https:\/\/infoecos.com.ar\/index.php\/wp-json\/wp\/v2\/types\/post"}],"author":[{"embeddable":true,"href":"https:\/\/infoecos.com.ar\/index.php\/wp-json\/wp\/v2\/users\/2"}],"replies":[{"embeddable":true,"href":"https:\/\/infoecos.com.ar\/index.php\/wp-json\/wp\/v2\/comments?post=78666"}],"version-history":[{"count":1,"href":"https:\/\/infoecos.com.ar\/index.php\/wp-json\/wp\/v2\/posts\/78666\/revisions"}],"predecessor-version":[{"id":78668,"href":"https:\/\/infoecos.com.ar\/index.php\/wp-json\/wp\/v2\/posts\/78666\/revisions\/78668"}],"wp:featuredmedia":[{"embeddable":true,"href":"https:\/\/infoecos.com.ar\/index.php\/wp-json\/wp\/v2\/media\/78667"}],"wp:attachment":[{"href":"https:\/\/infoecos.com.ar\/index.php\/wp-json\/wp\/v2\/media?parent=78666"}],"wp:term":[{"taxonomy":"category","embeddable":true,"href":"https:\/\/infoecos.com.ar\/index.php\/wp-json\/wp\/v2\/categories?post=78666"},{"taxonomy":"post_tag","embeddable":true,"href":"https:\/\/infoecos.com.ar\/index.php\/wp-json\/wp\/v2\/tags?post=78666"}],"curies":[{"name":"wp","href":"https:\/\/api.w.org\/{rel}","templated":true}]}}