{"id":78669,"date":"2021-05-25T20:57:32","date_gmt":"2021-05-25T23:57:32","guid":{"rendered":"http:\/\/infoecos.com.ar\/?p=78669"},"modified":"2021-05-25T20:57:35","modified_gmt":"2021-05-25T23:57:35","slug":"las-vtv-solo-para-los-denominados-servicios-esenciales","status":"publish","type":"post","link":"https:\/\/infoecos.com.ar\/index.php\/las-vtv-solo-para-los-denominados-servicios-esenciales\/","title":{"rendered":"Las VTV solo para los denominados servicios esenciales"},"content":{"rendered":"\n<p class=\"wp-block-paragraph\">En virtud de las nuevas medidas sanitarias adoptadas por la provincia de Buenos Aires en consonancia con el Decreto de Necesidad y Urgencia dictado por el Gobierno nacional, el Ente Regulador de la Verificaci\u00f3n T\u00e9cnica Vehicular (VTV) dependiente de la Subsecretar\u00eda de Transporte que conduce&nbsp;<strong>Alejo Supply<\/strong>, solicit\u00f3 a las empresas continuar prestando atenci\u00f3n a los denominados esenciales.<\/p>\n\n\n\n<p class=\"wp-block-paragraph\">Los talleres encargados de la revisi\u00f3n deber\u00e1n brindar el servicio para todas aquellas actividades esenciales que contengan el permiso de circulaci\u00f3n, como as\u00ed tambi\u00e9n al transporte p\u00fablico de pasajeros.<\/p>\n\n\n\n<div class=\"wp-block-image\"><figure class=\"aligncenter size-medium\"><img loading=\"lazy\" decoding=\"async\" width=\"460\" height=\"240\" src=\"http:\/\/infoecos.com.ar\/wp-content\/uploads\/2021\/05\/vtv-460x240.jpg\" alt=\"\" class=\"wp-image-78670\" srcset=\"https:\/\/infoecos.com.ar\/wp-content\/uploads\/2021\/05\/vtv-460x240.jpg 460w, https:\/\/infoecos.com.ar\/wp-content\/uploads\/2021\/05\/vtv-920x480.jpg 920w, https:\/\/infoecos.com.ar\/wp-content\/uploads\/2021\/05\/vtv-768x401.jpg 768w, https:\/\/infoecos.com.ar\/wp-content\/uploads\/2021\/05\/vtv.jpg 960w\" sizes=\"auto, (max-width: 460px) 100vw, 460px\" \/><\/figure><\/div>\n\n\n\n<p class=\"wp-block-paragraph\">Dicha medida regir\u00e1 desde el 26 al 29 de mayo, fechas establecidas para las restricciones dispuestas por el gobierno nacional. La extensi\u00f3n o cese de la misma estar\u00e1 sujeta a la situaci\u00f3n epidemiol\u00f3gica y nuevos alcances que establezcan las administraciones de la Naci\u00f3n y la Provincia de Buenos Aires.&nbsp;<\/p>\n\n\n\n<p class=\"wp-block-paragraph\">A su vez, el organismo inst\u00f3 a las empresas concesionarias a reprogramar los turnos concedidos para aquellos veh\u00edculos particulares que no se encuentren alcanzados por las excepciones previstas, ni posean habilitaci\u00f3n para circular expedida por la aplicaci\u00f3n CuidAR u otra plataforma oficial.<\/p>\n\n\n\n<p class=\"wp-block-paragraph\">Todos aquellos que no se encuentren en condiciones de realizar la VTV recibir\u00e1n el turno de reprogramaci\u00f3n al mismo correo con el que iniciaron el tr\u00e1mite.<\/p>\n","protected":false},"excerpt":{"rendered":"<p>La extensi\u00f3n o cese de la misma estar\u00e1 sujeta a la situaci\u00f3n epidemiol\u00f3gica y nuevos alcances que establezcan las administraciones de la Naci\u00f3n y la Provincia de Buenos Aires<\/p>\n","protected":false},"author":2,"featured_media":78670,"comment_status":"closed","ping_status":"open","sticky":false,"template":"","format":"standard","meta":{"footnotes":""},"categories":[25],"tags":[3746],"class_list":["post-78669","post","type-post","status-publish","format-standard","has-post-thumbnail","hentry","category-c3nota1","tag-desde-el-miercoles-hasta-el-29"],"featured_image_urls":{"full":["https:\/\/infoecos.com.ar\/wp-content\/uploads\/2021\/05\/vtv.jpg",960,501,false],"thumbnail":["https:\/\/infoecos.com.ar\/wp-content\/uploads\/2021\/05\/vtv-150x150.jpg",150,150,true],"medium":["https:\/\/infoecos.com.ar\/wp-content\/uploads\/2021\/05\/vtv-460x240.jpg",460,240,true],"medium_large":["https:\/\/infoecos.com.ar\/wp-content\/uploads\/2021\/05\/vtv-768x401.jpg",640,334,true],"large":["https:\/\/infoecos.com.ar\/wp-content\/uploads\/2021\/05\/vtv-920x480.jpg",640,334,true],"1536x1536":["https:\/\/infoecos.com.ar\/wp-content\/uploads\/2021\/05\/vtv.jpg",960,501,false],"2048x2048":["https:\/\/infoecos.com.ar\/wp-content\/uploads\/2021\/05\/vtv.jpg",960,501,false],"covernews-slider-full":["https:\/\/infoecos.com.ar\/wp-content\/uploads\/2021\/05\/vtv.jpg",960,501,false],"covernews-slider-center":["https:\/\/infoecos.com.ar\/wp-content\/uploads\/2021\/05\/vtv-936x501.jpg",800,428,true],"covernews-featured":["https:\/\/infoecos.com.ar\/wp-content\/uploads\/2021\/05\/vtv.jpg",960,501,false],"covernews-medium":["https:\/\/infoecos.com.ar\/wp-content\/uploads\/2021\/05\/vtv-720x380.jpg",540,285,true],"covernews-medium-square":["https:\/\/infoecos.com.ar\/wp-content\/uploads\/2021\/05\/vtv-675x450.jpg",375,250,true]},"author_info":{"info":["Jorge Matheus"]},"category_info":"<a href=\"https:\/\/infoecos.com.ar\/index.php\/category\/c3nota1\/\" rel=\"category tag\">C3 N1<\/a>","tag_info":"C3 N1","comment_count":"0","_links":{"self":[{"href":"https:\/\/infoecos.com.ar\/index.php\/wp-json\/wp\/v2\/posts\/78669","targetHints":{"allow":["GET"]}}],"collection":[{"href":"https:\/\/infoecos.com.ar\/index.php\/wp-json\/wp\/v2\/posts"}],"about":[{"href":"https:\/\/infoecos.com.ar\/index.php\/wp-json\/wp\/v2\/types\/post"}],"author":[{"embeddable":true,"href":"https:\/\/infoecos.com.ar\/index.php\/wp-json\/wp\/v2\/users\/2"}],"replies":[{"embeddable":true,"href":"https:\/\/infoecos.com.ar\/index.php\/wp-json\/wp\/v2\/comments?post=78669"}],"version-history":[{"count":1,"href":"https:\/\/infoecos.com.ar\/index.php\/wp-json\/wp\/v2\/posts\/78669\/revisions"}],"predecessor-version":[{"id":78671,"href":"https:\/\/infoecos.com.ar\/index.php\/wp-json\/wp\/v2\/posts\/78669\/revisions\/78671"}],"wp:featuredmedia":[{"embeddable":true,"href":"https:\/\/infoecos.com.ar\/index.php\/wp-json\/wp\/v2\/media\/78670"}],"wp:attachment":[{"href":"https:\/\/infoecos.com.ar\/index.php\/wp-json\/wp\/v2\/media?parent=78669"}],"wp:term":[{"taxonomy":"category","embeddable":true,"href":"https:\/\/infoecos.com.ar\/index.php\/wp-json\/wp\/v2\/categories?post=78669"},{"taxonomy":"post_tag","embeddable":true,"href":"https:\/\/infoecos.com.ar\/index.php\/wp-json\/wp\/v2\/tags?post=78669"}],"curies":[{"name":"wp","href":"https:\/\/api.w.org\/{rel}","templated":true}]}}