{"id":78681,"date":"2021-05-25T21:50:53","date_gmt":"2021-05-26T00:50:53","guid":{"rendered":"http:\/\/infoecos.com.ar\/?p=78681"},"modified":"2021-05-27T01:28:18","modified_gmt":"2021-05-27T04:28:18","slug":"la-nueva-conduccion-bonaerense-del-radicalismo-asume-este-jueves-en-mar-del-plata","status":"publish","type":"post","link":"https:\/\/infoecos.com.ar\/index.php\/la-nueva-conduccion-bonaerense-del-radicalismo-asume-este-jueves-en-mar-del-plata\/","title":{"rendered":"La nueva conducci\u00f3n bonaerense del radicalismo asume hoy en Mar del Plata"},"content":{"rendered":"\n<p>Las nuevas autoridades del radicalismo de la provincia de Buenos Aires asumir\u00e1n hoy en horas de la tarde.<\/p>\n\n\n\n<p>El acto se cumplir\u00e1 en la ciudad de Mar del Plata y a ra\u00edz del confinamiento dispuesto ser\u00e1 en gran medida virtual.  <\/p>\n\n\n\n<div class=\"wp-block-image\"><figure class=\"aligncenter size-medium\"><img loading=\"lazy\" decoding=\"async\" width=\"460\" height=\"323\" src=\"http:\/\/infoecos.com.ar\/wp-content\/uploads\/2021\/03\/ABAD-460x323.jpg\" alt=\"\" class=\"wp-image-76402\" srcset=\"https:\/\/infoecos.com.ar\/wp-content\/uploads\/2021\/03\/ABAD-460x323.jpg 460w, https:\/\/infoecos.com.ar\/wp-content\/uploads\/2021\/03\/ABAD-920x647.jpg 920w, https:\/\/infoecos.com.ar\/wp-content\/uploads\/2021\/03\/ABAD-768x540.jpg 768w, https:\/\/infoecos.com.ar\/wp-content\/uploads\/2021\/03\/ABAD-1536x1080.jpg 1536w, https:\/\/infoecos.com.ar\/wp-content\/uploads\/2021\/03\/ABAD-2048x1440.jpg 2048w, https:\/\/infoecos.com.ar\/wp-content\/uploads\/2021\/03\/ABAD-1024x720.jpg 1024w\" sizes=\"(max-width: 460px) 100vw, 460px\" \/><figcaption>Abad en campa\u00f1a cuando visit\u00f3 Trenque Lauquen<\/figcaption><\/figure><\/div>\n\n\n\n<p>Adem\u00e1s de Maximiliano Abad y Erica Revilla, electos presidente y vice del partido en el pasado mes de marzo, estar\u00e1n presentes los integrantes de la primera plana del radicalismo nacional. Tambi\u00e9n se descarta la asistencia de algunos legisladores, intendentes y juventud radical. El resto de los asistentes lo har\u00e1 en forma virtual mediante mensajes que ser\u00e1n transmitidos desde sus lugares de origen. <\/p>\n\n\n\n<div class=\"wp-block-image\"><figure class=\"aligncenter size-medium\"><img loading=\"lazy\" decoding=\"async\" width=\"460\" height=\"258\" src=\"http:\/\/infoecos.com.ar\/wp-content\/uploads\/2021\/03\/ericarevilla-460x258.jpg\" alt=\"\" class=\"wp-image-77178\" srcset=\"https:\/\/infoecos.com.ar\/wp-content\/uploads\/2021\/03\/ericarevilla-460x258.jpg 460w, https:\/\/infoecos.com.ar\/wp-content\/uploads\/2021\/03\/ericarevilla-768x430.jpg 768w, https:\/\/infoecos.com.ar\/wp-content\/uploads\/2021\/03\/ericarevilla.jpg 880w\" sizes=\"(max-width: 460px) 100vw, 460px\" \/><figcaption>Revilla, Erica<\/figcaption><\/figure><\/div>\n\n\n\n<p>Se estima que el acto habr\u00e1 de concretarse entre las 18 y 19 horas. <\/p>\n","protected":false},"excerpt":{"rendered":"<p>Adem\u00e1s de Maximiliano Abad y Erica Revilla, electos presidente y vice del partido en el pasado mes de marzo, estar\u00e1n presentes los integrantes de la primera plana del radicalismo nacional<\/p>\n","protected":false},"author":2,"featured_media":76402,"comment_status":"closed","ping_status":"open","sticky":false,"template":"","format":"standard","meta":{"footnotes":""},"categories":[1341],"tags":[3748],"class_list":["post-78681","post","type-post","status-publish","format-standard","has-post-thumbnail","hentry","category-c1nota7","tag-los-cambios-en-la-ucr"],"yoast_head":"<!-- This site is optimized with the Yoast SEO plugin v23.4 - https:\/\/yoast.com\/wordpress\/plugins\/seo\/ -->\n<title>La nueva conducci\u00f3n bonaerense del radicalismo asume hoy en Mar del Plata - Infoecos<\/title>\n<meta name=\"robots\" content=\"index, follow, max-snippet:-1, max-image-preview:large, max-video-preview:-1\" \/>\n<link rel=\"canonical\" href=\"https:\/\/infoecos.com.ar\/index.php\/la-nueva-conduccion-bonaerense-del-radicalismo-asume-este-jueves-en-mar-del-plata\/\" \/>\n<meta property=\"og:locale\" content=\"es_ES\" \/>\n<meta property=\"og:type\" content=\"article\" \/>\n<meta property=\"og:title\" content=\"La nueva conducci\u00f3n bonaerense del radicalismo asume hoy en Mar del Plata - Infoecos\" \/>\n<meta property=\"og:description\" content=\"Adem\u00e1s de Maximiliano Abad y Erica Revilla, electos presidente y vice del partido en el pasado mes de marzo, estar\u00e1n presentes los integrantes de la primera plana del radicalismo nacional\" \/>\n<meta property=\"og:url\" content=\"https:\/\/infoecos.com.ar\/index.php\/la-nueva-conduccion-bonaerense-del-radicalismo-asume-este-jueves-en-mar-del-plata\/\" \/>\n<meta property=\"og:site_name\" content=\"Infoecos\" \/>\n<meta property=\"article:publisher\" content=\"https:\/\/www.facebook.com\/profile.php?id=100063200290284\" \/>\n<meta property=\"article:published_time\" content=\"2021-05-26T00:50:53+00:00\" \/>\n<meta property=\"article:modified_time\" content=\"2021-05-27T04:28:18+00:00\" \/>\n<meta property=\"og:image\" content=\"https:\/\/infoecos.com.ar\/wp-content\/uploads\/2021\/03\/ABAD.jpg\" \/>\n\t<meta property=\"og:image:width\" content=\"2283\" \/>\n\t<meta property=\"og:image:height\" content=\"1605\" \/>\n\t<meta property=\"og:image:type\" content=\"image\/jpeg\" \/>\n<meta name=\"author\" content=\"Jorge Matheus\" \/>\n<meta name=\"twitter:card\" content=\"summary_large_image\" \/>\n<meta name=\"twitter:creator\" content=\"@infoecos\" \/>\n<meta name=\"twitter:site\" content=\"@infoecos\" \/>\n<meta name=\"twitter:label1\" content=\"Escrito por\" \/>\n\t<meta name=\"twitter:data1\" content=\"Jorge Matheus\" \/>\n\t<meta name=\"twitter:label2\" content=\"Tiempo de lectura\" \/>\n\t<meta name=\"twitter:data2\" content=\"1 minuto\" \/>\n<script type=\"application\/ld+json\" class=\"yoast-schema-graph\">{\"@context\":\"https:\/\/schema.org\",\"@graph\":[{\"@type\":\"Article\",\"@id\":\"https:\/\/infoecos.com.ar\/index.php\/la-nueva-conduccion-bonaerense-del-radicalismo-asume-este-jueves-en-mar-del-plata\/#article\",\"isPartOf\":{\"@id\":\"https:\/\/infoecos.com.ar\/index.php\/la-nueva-conduccion-bonaerense-del-radicalismo-asume-este-jueves-en-mar-del-plata\/\"},\"author\":{\"name\":\"Jorge Matheus\",\"@id\":\"https:\/\/infoecos.com.ar\/#\/schema\/person\/8f5ace5ce73b4b4aac4b7245aee6f191\"},\"headline\":\"La nueva conducci\u00f3n bonaerense del radicalismo asume hoy en Mar del Plata\",\"datePublished\":\"2021-05-26T00:50:53+00:00\",\"dateModified\":\"2021-05-27T04:28:18+00:00\",\"mainEntityOfPage\":{\"@id\":\"https:\/\/infoecos.com.ar\/index.php\/la-nueva-conduccion-bonaerense-del-radicalismo-asume-este-jueves-en-mar-del-plata\/\"},\"wordCount\":143,\"publisher\":{\"@id\":\"https:\/\/infoecos.com.ar\/#organization\"},\"image\":{\"@id\":\"https:\/\/infoecos.com.ar\/index.php\/la-nueva-conduccion-bonaerense-del-radicalismo-asume-este-jueves-en-mar-del-plata\/#primaryimage\"},\"thumbnailUrl\":\"https:\/\/infoecos.com.ar\/wp-content\/uploads\/2021\/03\/ABAD.jpg\",\"keywords\":[\"LOS CAMBIOS EN LA UCR\"],\"articleSection\":[\"C1 nota 7\"],\"inLanguage\":\"es\"},{\"@type\":\"WebPage\",\"@id\":\"https:\/\/infoecos.com.ar\/index.php\/la-nueva-conduccion-bonaerense-del-radicalismo-asume-este-jueves-en-mar-del-plata\/\",\"url\":\"https:\/\/infoecos.com.ar\/index.php\/la-nueva-conduccion-bonaerense-del-radicalismo-asume-este-jueves-en-mar-del-plata\/\",\"name\":\"La nueva conducci\u00f3n bonaerense del radicalismo asume hoy en Mar del Plata - Infoecos\",\"isPartOf\":{\"@id\":\"https:\/\/infoecos.com.ar\/#website\"},\"primaryImageOfPage\":{\"@id\":\"https:\/\/infoecos.com.ar\/index.php\/la-nueva-conduccion-bonaerense-del-radicalismo-asume-este-jueves-en-mar-del-plata\/#primaryimage\"},\"image\":{\"@id\":\"https:\/\/infoecos.com.ar\/index.php\/la-nueva-conduccion-bonaerense-del-radicalismo-asume-este-jueves-en-mar-del-plata\/#primaryimage\"},\"thumbnailUrl\":\"https:\/\/infoecos.com.ar\/wp-content\/uploads\/2021\/03\/ABAD.jpg\",\"datePublished\":\"2021-05-26T00:50:53+00:00\",\"dateModified\":\"2021-05-27T04:28:18+00:00\",\"breadcrumb\":{\"@id\":\"https:\/\/infoecos.com.ar\/index.php\/la-nueva-conduccion-bonaerense-del-radicalismo-asume-este-jueves-en-mar-del-plata\/#breadcrumb\"},\"inLanguage\":\"es\",\"potentialAction\":[{\"@type\":\"ReadAction\",\"target\":[\"https:\/\/infoecos.com.ar\/index.php\/la-nueva-conduccion-bonaerense-del-radicalismo-asume-este-jueves-en-mar-del-plata\/\"]}]},{\"@type\":\"ImageObject\",\"inLanguage\":\"es\",\"@id\":\"https:\/\/infoecos.com.ar\/index.php\/la-nueva-conduccion-bonaerense-del-radicalismo-asume-este-jueves-en-mar-del-plata\/#primaryimage\",\"url\":\"https:\/\/infoecos.com.ar\/wp-content\/uploads\/2021\/03\/ABAD.jpg\",\"contentUrl\":\"https:\/\/infoecos.com.ar\/wp-content\/uploads\/2021\/03\/ABAD.jpg\",\"width\":2283,\"height\":1605},{\"@type\":\"BreadcrumbList\",\"@id\":\"https:\/\/infoecos.com.ar\/index.php\/la-nueva-conduccion-bonaerense-del-radicalismo-asume-este-jueves-en-mar-del-plata\/#breadcrumb\",\"itemListElement\":[{\"@type\":\"ListItem\",\"position\":1,\"name\":\"Portada\",\"item\":\"https:\/\/infoecos.com.ar\/\"},{\"@type\":\"ListItem\",\"position\":2,\"name\":\"La nueva conducci\u00f3n bonaerense del radicalismo asume hoy en Mar del Plata\"}]},{\"@type\":\"WebSite\",\"@id\":\"https:\/\/infoecos.com.ar\/#website\",\"url\":\"https:\/\/infoecos.com.ar\/\",\"name\":\"Infoecos\",\"description\":\"Noticias de trenque lauquen y la zona\",\"publisher\":{\"@id\":\"https:\/\/infoecos.com.ar\/#organization\"},\"alternateName\":\"Noticias\",\"potentialAction\":[{\"@type\":\"SearchAction\",\"target\":{\"@type\":\"EntryPoint\",\"urlTemplate\":\"https:\/\/infoecos.com.ar\/?s={search_term_string}\"},\"query-input\":{\"@type\":\"PropertyValueSpecification\",\"valueRequired\":true,\"valueName\":\"search_term_string\"}}],\"inLanguage\":\"es\"},{\"@type\":\"Organization\",\"@id\":\"https:\/\/infoecos.com.ar\/#organization\",\"name\":\"Infoecos\",\"alternateName\":\"Noticias\",\"url\":\"https:\/\/infoecos.com.ar\/\",\"logo\":{\"@type\":\"ImageObject\",\"inLanguage\":\"es\",\"@id\":\"https:\/\/infoecos.com.ar\/#\/schema\/logo\/image\/\",\"url\":\"https:\/\/infoecos.com.ar\/wp-content\/uploads\/2024\/03\/cropped-logo.png\",\"contentUrl\":\"https:\/\/infoecos.com.ar\/wp-content\/uploads\/2024\/03\/cropped-logo.png\",\"width\":374,\"height\":90,\"caption\":\"Infoecos\"},\"image\":{\"@id\":\"https:\/\/infoecos.com.ar\/#\/schema\/logo\/image\/\"},\"sameAs\":[\"https:\/\/www.facebook.com\/profile.php?id=100063200290284\",\"https:\/\/x.com\/infoecos\"]},{\"@type\":\"Person\",\"@id\":\"https:\/\/infoecos.com.ar\/#\/schema\/person\/8f5ace5ce73b4b4aac4b7245aee6f191\",\"name\":\"Jorge Matheus\",\"url\":\"https:\/\/infoecos.com.ar\/index.php\/author\/jomatheus\/\"}]}<\/script>\n<!-- \/ Yoast SEO plugin. -->","yoast_head_json":{"title":"La nueva conducci\u00f3n bonaerense del radicalismo asume hoy en Mar del Plata - Infoecos","robots":{"index":"index","follow":"follow","max-snippet":"max-snippet:-1","max-image-preview":"max-image-preview:large","max-video-preview":"max-video-preview:-1"},"canonical":"https:\/\/infoecos.com.ar\/index.php\/la-nueva-conduccion-bonaerense-del-radicalismo-asume-este-jueves-en-mar-del-plata\/","og_locale":"es_ES","og_type":"article","og_title":"La nueva conducci\u00f3n bonaerense del radicalismo asume hoy en Mar del Plata - Infoecos","og_description":"Adem\u00e1s de Maximiliano Abad y Erica Revilla, electos presidente y vice del partido en el pasado mes de marzo, estar\u00e1n presentes los integrantes de la primera plana del radicalismo nacional","og_url":"https:\/\/infoecos.com.ar\/index.php\/la-nueva-conduccion-bonaerense-del-radicalismo-asume-este-jueves-en-mar-del-plata\/","og_site_name":"Infoecos","article_publisher":"https:\/\/www.facebook.com\/profile.php?id=100063200290284","article_published_time":"2021-05-26T00:50:53+00:00","article_modified_time":"2021-05-27T04:28:18+00:00","og_image":[{"width":2283,"height":1605,"url":"https:\/\/infoecos.com.ar\/wp-content\/uploads\/2021\/03\/ABAD.jpg","type":"image\/jpeg"}],"author":"Jorge Matheus","twitter_card":"summary_large_image","twitter_creator":"@infoecos","twitter_site":"@infoecos","twitter_misc":{"Escrito por":"Jorge Matheus","Tiempo de lectura":"1 minuto"},"schema":{"@context":"https:\/\/schema.org","@graph":[{"@type":"Article","@id":"https:\/\/infoecos.com.ar\/index.php\/la-nueva-conduccion-bonaerense-del-radicalismo-asume-este-jueves-en-mar-del-plata\/#article","isPartOf":{"@id":"https:\/\/infoecos.com.ar\/index.php\/la-nueva-conduccion-bonaerense-del-radicalismo-asume-este-jueves-en-mar-del-plata\/"},"author":{"name":"Jorge Matheus","@id":"https:\/\/infoecos.com.ar\/#\/schema\/person\/8f5ace5ce73b4b4aac4b7245aee6f191"},"headline":"La nueva conducci\u00f3n bonaerense del radicalismo asume hoy en Mar del Plata","datePublished":"2021-05-26T00:50:53+00:00","dateModified":"2021-05-27T04:28:18+00:00","mainEntityOfPage":{"@id":"https:\/\/infoecos.com.ar\/index.php\/la-nueva-conduccion-bonaerense-del-radicalismo-asume-este-jueves-en-mar-del-plata\/"},"wordCount":143,"publisher":{"@id":"https:\/\/infoecos.com.ar\/#organization"},"image":{"@id":"https:\/\/infoecos.com.ar\/index.php\/la-nueva-conduccion-bonaerense-del-radicalismo-asume-este-jueves-en-mar-del-plata\/#primaryimage"},"thumbnailUrl":"https:\/\/infoecos.com.ar\/wp-content\/uploads\/2021\/03\/ABAD.jpg","keywords":["LOS CAMBIOS EN LA UCR"],"articleSection":["C1 nota 7"],"inLanguage":"es"},{"@type":"WebPage","@id":"https:\/\/infoecos.com.ar\/index.php\/la-nueva-conduccion-bonaerense-del-radicalismo-asume-este-jueves-en-mar-del-plata\/","url":"https:\/\/infoecos.com.ar\/index.php\/la-nueva-conduccion-bonaerense-del-radicalismo-asume-este-jueves-en-mar-del-plata\/","name":"La nueva conducci\u00f3n bonaerense del radicalismo asume hoy en Mar del Plata - Infoecos","isPartOf":{"@id":"https:\/\/infoecos.com.ar\/#website"},"primaryImageOfPage":{"@id":"https:\/\/infoecos.com.ar\/index.php\/la-nueva-conduccion-bonaerense-del-radicalismo-asume-este-jueves-en-mar-del-plata\/#primaryimage"},"image":{"@id":"https:\/\/infoecos.com.ar\/index.php\/la-nueva-conduccion-bonaerense-del-radicalismo-asume-este-jueves-en-mar-del-plata\/#primaryimage"},"thumbnailUrl":"https:\/\/infoecos.com.ar\/wp-content\/uploads\/2021\/03\/ABAD.jpg","datePublished":"2021-05-26T00:50:53+00:00","dateModified":"2021-05-27T04:28:18+00:00","breadcrumb":{"@id":"https:\/\/infoecos.com.ar\/index.php\/la-nueva-conduccion-bonaerense-del-radicalismo-asume-este-jueves-en-mar-del-plata\/#breadcrumb"},"inLanguage":"es","potentialAction":[{"@type":"ReadAction","target":["https:\/\/infoecos.com.ar\/index.php\/la-nueva-conduccion-bonaerense-del-radicalismo-asume-este-jueves-en-mar-del-plata\/"]}]},{"@type":"ImageObject","inLanguage":"es","@id":"https:\/\/infoecos.com.ar\/index.php\/la-nueva-conduccion-bonaerense-del-radicalismo-asume-este-jueves-en-mar-del-plata\/#primaryimage","url":"https:\/\/infoecos.com.ar\/wp-content\/uploads\/2021\/03\/ABAD.jpg","contentUrl":"https:\/\/infoecos.com.ar\/wp-content\/uploads\/2021\/03\/ABAD.jpg","width":2283,"height":1605},{"@type":"BreadcrumbList","@id":"https:\/\/infoecos.com.ar\/index.php\/la-nueva-conduccion-bonaerense-del-radicalismo-asume-este-jueves-en-mar-del-plata\/#breadcrumb","itemListElement":[{"@type":"ListItem","position":1,"name":"Portada","item":"https:\/\/infoecos.com.ar\/"},{"@type":"ListItem","position":2,"name":"La nueva conducci\u00f3n bonaerense del radicalismo asume hoy en Mar del Plata"}]},{"@type":"WebSite","@id":"https:\/\/infoecos.com.ar\/#website","url":"https:\/\/infoecos.com.ar\/","name":"Infoecos","description":"Noticias de trenque lauquen y la zona","publisher":{"@id":"https:\/\/infoecos.com.ar\/#organization"},"alternateName":"Noticias","potentialAction":[{"@type":"SearchAction","target":{"@type":"EntryPoint","urlTemplate":"https:\/\/infoecos.com.ar\/?s={search_term_string}"},"query-input":{"@type":"PropertyValueSpecification","valueRequired":true,"valueName":"search_term_string"}}],"inLanguage":"es"},{"@type":"Organization","@id":"https:\/\/infoecos.com.ar\/#organization","name":"Infoecos","alternateName":"Noticias","url":"https:\/\/infoecos.com.ar\/","logo":{"@type":"ImageObject","inLanguage":"es","@id":"https:\/\/infoecos.com.ar\/#\/schema\/logo\/image\/","url":"https:\/\/infoecos.com.ar\/wp-content\/uploads\/2024\/03\/cropped-logo.png","contentUrl":"https:\/\/infoecos.com.ar\/wp-content\/uploads\/2024\/03\/cropped-logo.png","width":374,"height":90,"caption":"Infoecos"},"image":{"@id":"https:\/\/infoecos.com.ar\/#\/schema\/logo\/image\/"},"sameAs":["https:\/\/www.facebook.com\/profile.php?id=100063200290284","https:\/\/x.com\/infoecos"]},{"@type":"Person","@id":"https:\/\/infoecos.com.ar\/#\/schema\/person\/8f5ace5ce73b4b4aac4b7245aee6f191","name":"Jorge Matheus","url":"https:\/\/infoecos.com.ar\/index.php\/author\/jomatheus\/"}]}},"featured_image_urls":{"full":["https:\/\/infoecos.com.ar\/wp-content\/uploads\/2021\/03\/ABAD.jpg",2283,1605,false],"thumbnail":["https:\/\/infoecos.com.ar\/wp-content\/uploads\/2021\/03\/ABAD-150x150.jpg",150,150,true],"medium":["https:\/\/infoecos.com.ar\/wp-content\/uploads\/2021\/03\/ABAD-460x323.jpg",460,323,true],"medium_large":["https:\/\/infoecos.com.ar\/wp-content\/uploads\/2021\/03\/ABAD-768x540.jpg",640,450,true],"large":["https:\/\/infoecos.com.ar\/wp-content\/uploads\/2021\/03\/ABAD-920x647.jpg",640,450,true],"1536x1536":["https:\/\/infoecos.com.ar\/wp-content\/uploads\/2021\/03\/ABAD-1536x1080.jpg",1536,1080,true],"2048x2048":["https:\/\/infoecos.com.ar\/wp-content\/uploads\/2021\/03\/ABAD-2048x1440.jpg",2048,1440,true],"covernews-slider-full":["https:\/\/infoecos.com.ar\/wp-content\/uploads\/2021\/03\/ABAD-1536x1020.jpg",1077,715,true],"covernews-slider-center":["https:\/\/infoecos.com.ar\/wp-content\/uploads\/2021\/03\/ABAD-936x897.jpg",522,500,true],"covernews-featured":["https:\/\/infoecos.com.ar\/wp-content\/uploads\/2021\/03\/ABAD-1024x720.jpg",1024,720,true],"covernews-medium":["https:\/\/infoecos.com.ar\/wp-content\/uploads\/2021\/03\/ABAD-720x380.jpg",540,285,true],"covernews-medium-square":["https:\/\/infoecos.com.ar\/wp-content\/uploads\/2021\/03\/ABAD-675x450.jpg",375,250,true]},"author_info":{"info":["Jorge Matheus"]},"category_info":"<a href=\"https:\/\/infoecos.com.ar\/index.php\/category\/c1nota7\/\" rel=\"category tag\">C1 nota 7<\/a>","tag_info":"C1 nota 7","comment_count":"0","_links":{"self":[{"href":"https:\/\/infoecos.com.ar\/index.php\/wp-json\/wp\/v2\/posts\/78681"}],"collection":[{"href":"https:\/\/infoecos.com.ar\/index.php\/wp-json\/wp\/v2\/posts"}],"about":[{"href":"https:\/\/infoecos.com.ar\/index.php\/wp-json\/wp\/v2\/types\/post"}],"author":[{"embeddable":true,"href":"https:\/\/infoecos.com.ar\/index.php\/wp-json\/wp\/v2\/users\/2"}],"replies":[{"embeddable":true,"href":"https:\/\/infoecos.com.ar\/index.php\/wp-json\/wp\/v2\/comments?post=78681"}],"version-history":[{"count":2,"href":"https:\/\/infoecos.com.ar\/index.php\/wp-json\/wp\/v2\/posts\/78681\/revisions"}],"predecessor-version":[{"id":78770,"href":"https:\/\/infoecos.com.ar\/index.php\/wp-json\/wp\/v2\/posts\/78681\/revisions\/78770"}],"wp:featuredmedia":[{"embeddable":true,"href":"https:\/\/infoecos.com.ar\/index.php\/wp-json\/wp\/v2\/media\/76402"}],"wp:attachment":[{"href":"https:\/\/infoecos.com.ar\/index.php\/wp-json\/wp\/v2\/media?parent=78681"}],"wp:term":[{"taxonomy":"category","embeddable":true,"href":"https:\/\/infoecos.com.ar\/index.php\/wp-json\/wp\/v2\/categories?post=78681"},{"taxonomy":"post_tag","embeddable":true,"href":"https:\/\/infoecos.com.ar\/index.php\/wp-json\/wp\/v2\/tags?post=78681"}],"curies":[{"name":"wp","href":"https:\/\/api.w.org\/{rel}","templated":true}]}}