{"id":78693,"date":"2021-05-26T00:19:24","date_gmt":"2021-05-26T03:19:24","guid":{"rendered":"http:\/\/infoecos.com.ar\/?p=78693"},"modified":"2021-05-27T01:30:07","modified_gmt":"2021-05-27T04:30:07","slug":"en-general-villegas-cortaron-la-ruta-nacional-numero-188-reclamando-su-reparacion","status":"publish","type":"post","link":"https:\/\/infoecos.com.ar\/index.php\/en-general-villegas-cortaron-la-ruta-nacional-numero-188-reclamando-su-reparacion\/","title":{"rendered":"En General Villegas cortaron la ruta nacional n\u00famero 188 reclamando su reparaci\u00f3n"},"content":{"rendered":"\n<p class=\"wp-block-paragraph\">Un grupo de entre 30 y 40 personas cortaron la Ruta Nacional 188 en el cruce con el acceso al Cementerio en General Villegas. Se trataba de vecinos de La Trocha y barrios aleda\u00f1os quienes reclamaban obras, sobre todo cord\u00f3n cuneta y mejorado de las calles de tierra de los barrios del sur de la ciudad cabecera que durante las \u00faltimas lluvias quedaron intransitables.<\/p>\n\n\n\n<div class=\"wp-block-image\"><figure class=\"aligncenter size-medium\"><img loading=\"lazy\" decoding=\"async\" width=\"460\" height=\"345\" src=\"http:\/\/infoecos.com.ar\/wp-content\/uploads\/2021\/05\/ruta188-460x345.jpeg\" alt=\"\" class=\"wp-image-78694\" srcset=\"https:\/\/infoecos.com.ar\/wp-content\/uploads\/2021\/05\/ruta188-460x345.jpeg 460w, https:\/\/infoecos.com.ar\/wp-content\/uploads\/2021\/05\/ruta188-920x690.jpeg 920w, https:\/\/infoecos.com.ar\/wp-content\/uploads\/2021\/05\/ruta188-768x576.jpeg 768w, https:\/\/infoecos.com.ar\/wp-content\/uploads\/2021\/05\/ruta188-1024x768.jpeg 1024w, https:\/\/infoecos.com.ar\/wp-content\/uploads\/2021\/05\/ruta188.jpeg 1280w\" sizes=\"auto, (max-width: 460px) 100vw, 460px\" \/><\/figure><\/div>\n\n\n\n<p class=\"wp-block-paragraph\">Los vecinos encolumnados detr\u00e1s de una Bandera Argentina que dec\u00eda \u00abJuntos Podemos\u00bb cortaron el carril derecho (en sentido Villegas-Banderal\u00f3) y prendieron cubiertas para hacer visible su reclamo.<\/p>\n\n\n\n<p class=\"wp-block-paragraph\">Luego de una hora de piquete, los efectivos de la Polic\u00eda Vial lograron persuadir a los vecinos para que depusieran su actitud, y les advirtieron que si no levantaban la protesta podr\u00edan ser imputados en una causa federal.<\/p>\n\n\n\n<p class=\"wp-block-paragraph\"><strong>Fuente textual: diarioactualidad.com<\/strong><\/p>\n","protected":false},"excerpt":{"rendered":"<p>Luego de una hora de piquete, los efectivos de la Polic\u00eda Vial lograron persuadir a los vecinos para que depusieran su actitud, y les advirtieron que si no levantaban la protesta podr\u00edan ser imputados en una causa federal<\/p>\n","protected":false},"author":2,"featured_media":78694,"comment_status":"closed","ping_status":"open","sticky":false,"template":"","format":"standard","meta":{"footnotes":""},"categories":[1614],"tags":[3752],"class_list":["post-78693","post","type-post","status-publish","format-standard","has-post-thumbnail","hentry","category-c2nota7","tag-protesta-por-obras"],"featured_image_urls":{"full":["https:\/\/infoecos.com.ar\/wp-content\/uploads\/2021\/05\/ruta188.jpeg",1280,960,false],"thumbnail":["https:\/\/infoecos.com.ar\/wp-content\/uploads\/2021\/05\/ruta188-150x150.jpeg",150,150,true],"medium":["https:\/\/infoecos.com.ar\/wp-content\/uploads\/2021\/05\/ruta188-460x345.jpeg",460,345,true],"medium_large":["https:\/\/infoecos.com.ar\/wp-content\/uploads\/2021\/05\/ruta188-768x576.jpeg",640,480,true],"large":["https:\/\/infoecos.com.ar\/wp-content\/uploads\/2021\/05\/ruta188-920x690.jpeg",640,480,true],"1536x1536":["https:\/\/infoecos.com.ar\/wp-content\/uploads\/2021\/05\/ruta188.jpeg",1280,960,false],"2048x2048":["https:\/\/infoecos.com.ar\/wp-content\/uploads\/2021\/05\/ruta188.jpeg",1280,960,false],"covernews-slider-full":["https:\/\/infoecos.com.ar\/wp-content\/uploads\/2021\/05\/ruta188.jpeg",953,715,false],"covernews-slider-center":["https:\/\/infoecos.com.ar\/wp-content\/uploads\/2021\/05\/ruta188-936x897.jpeg",522,500,true],"covernews-featured":["https:\/\/infoecos.com.ar\/wp-content\/uploads\/2021\/05\/ruta188-1024x768.jpeg",1024,768,true],"covernews-medium":["https:\/\/infoecos.com.ar\/wp-content\/uploads\/2021\/05\/ruta188-720x380.jpeg",540,285,true],"covernews-medium-square":["https:\/\/infoecos.com.ar\/wp-content\/uploads\/2021\/05\/ruta188-675x450.jpeg",375,250,true]},"author_info":{"info":["Jorge Matheus"]},"category_info":"<a href=\"https:\/\/infoecos.com.ar\/index.php\/category\/c2nota7\/\" rel=\"category tag\">C2 N7<\/a>","tag_info":"C2 N7","comment_count":"0","_links":{"self":[{"href":"https:\/\/infoecos.com.ar\/index.php\/wp-json\/wp\/v2\/posts\/78693","targetHints":{"allow":["GET"]}}],"collection":[{"href":"https:\/\/infoecos.com.ar\/index.php\/wp-json\/wp\/v2\/posts"}],"about":[{"href":"https:\/\/infoecos.com.ar\/index.php\/wp-json\/wp\/v2\/types\/post"}],"author":[{"embeddable":true,"href":"https:\/\/infoecos.com.ar\/index.php\/wp-json\/wp\/v2\/users\/2"}],"replies":[{"embeddable":true,"href":"https:\/\/infoecos.com.ar\/index.php\/wp-json\/wp\/v2\/comments?post=78693"}],"version-history":[{"count":1,"href":"https:\/\/infoecos.com.ar\/index.php\/wp-json\/wp\/v2\/posts\/78693\/revisions"}],"predecessor-version":[{"id":78695,"href":"https:\/\/infoecos.com.ar\/index.php\/wp-json\/wp\/v2\/posts\/78693\/revisions\/78695"}],"wp:featuredmedia":[{"embeddable":true,"href":"https:\/\/infoecos.com.ar\/index.php\/wp-json\/wp\/v2\/media\/78694"}],"wp:attachment":[{"href":"https:\/\/infoecos.com.ar\/index.php\/wp-json\/wp\/v2\/media?parent=78693"}],"wp:term":[{"taxonomy":"category","embeddable":true,"href":"https:\/\/infoecos.com.ar\/index.php\/wp-json\/wp\/v2\/categories?post=78693"},{"taxonomy":"post_tag","embeddable":true,"href":"https:\/\/infoecos.com.ar\/index.php\/wp-json\/wp\/v2\/tags?post=78693"}],"curies":[{"name":"wp","href":"https:\/\/api.w.org\/{rel}","templated":true}]}}