{"id":78699,"date":"2021-05-26T00:34:52","date_gmt":"2021-05-26T03:34:52","guid":{"rendered":"http:\/\/infoecos.com.ar\/?p=78699"},"modified":"2021-05-26T00:34:54","modified_gmt":"2021-05-26T03:34:54","slug":"el-frente-de-todos-trenque-lauquen-senalo-que-habra-clases-de-manera-no-presencial-estos-dias","status":"publish","type":"post","link":"https:\/\/infoecos.com.ar\/index.php\/el-frente-de-todos-trenque-lauquen-senalo-que-habra-clases-de-manera-no-presencial-estos-dias\/","title":{"rendered":"El Frente de Todos Trenque Lauquen se\u00f1al\u00f3 que habr\u00e1 clases de manera no presencial, estos d\u00edas"},"content":{"rendered":"\n<p>El Frente de Todos de Trenque Lauquen distribuy\u00f3 un flyer en los medios de comunicaci\u00f3n del distrito, se\u00f1alando que los d\u00edas 26, 27 y 28 de mayo contin\u00faan las clases de manera no presencial. y que el lunes 31 seguir\u00e1n de la misma manera.<\/p>\n\n\n\n<p>Agrega que las instituciones educativas abrir\u00e1n sus puertas con dotaciones m\u00ednimas para garantizar: entrega de m\u00f3dulos de alimentos, obras de infraestructura y entrega de material did\u00e1ctico.<\/p>\n\n\n\n<div class=\"wp-block-image\"><figure class=\"aligncenter size-medium\"><img loading=\"lazy\" decoding=\"async\" width=\"460\" height=\"460\" src=\"http:\/\/infoecos.com.ar\/wp-content\/uploads\/2021\/05\/fdtescuelas-460x460.jpg\" alt=\"\" class=\"wp-image-78700\" srcset=\"https:\/\/infoecos.com.ar\/wp-content\/uploads\/2021\/05\/fdtescuelas-460x460.jpg 460w, https:\/\/infoecos.com.ar\/wp-content\/uploads\/2021\/05\/fdtescuelas-920x920.jpg 920w, https:\/\/infoecos.com.ar\/wp-content\/uploads\/2021\/05\/fdtescuelas-150x150.jpg 150w, https:\/\/infoecos.com.ar\/wp-content\/uploads\/2021\/05\/fdtescuelas-768x768.jpg 768w, https:\/\/infoecos.com.ar\/wp-content\/uploads\/2021\/05\/fdtescuelas-1024x1024.jpg 1024w, https:\/\/infoecos.com.ar\/wp-content\/uploads\/2021\/05\/fdtescuelas.jpg 1280w\" sizes=\"(max-width: 460px) 100vw, 460px\" \/><\/figure><\/div>\n","protected":false},"excerpt":{"rendered":"<p>Agrega que las instituciones educativas abrir\u00e1n sus puertas con dotaciones m\u00ednimas para garantizar: entrega de m\u00f3dulos de alimentos, obras de infraestructura y entrega de material did\u00e1ctico<\/p>\n","protected":false},"author":2,"featured_media":78700,"comment_status":"closed","ping_status":"open","sticky":false,"template":"","format":"standard","meta":{"footnotes":""},"categories":[51],"tags":[3754],"class_list":["post-78699","post","type-post","status-publish","format-standard","has-post-thumbnail","hentry","category-c2nota4","tag-comunicacion-difundida-el-martes"],"yoast_head":"<!-- This site is optimized with the Yoast SEO plugin v23.4 - https:\/\/yoast.com\/wordpress\/plugins\/seo\/ -->\n<title>El Frente de Todos Trenque Lauquen se\u00f1al\u00f3 que habr\u00e1 clases de manera no presencial, estos d\u00edas - Infoecos<\/title>\n<meta name=\"robots\" content=\"index, follow, max-snippet:-1, max-image-preview:large, max-video-preview:-1\" \/>\n<link rel=\"canonical\" href=\"https:\/\/infoecos.com.ar\/index.php\/el-frente-de-todos-trenque-lauquen-senalo-que-habra-clases-de-manera-no-presencial-estos-dias\/\" \/>\n<meta property=\"og:locale\" content=\"es_ES\" \/>\n<meta property=\"og:type\" content=\"article\" \/>\n<meta property=\"og:title\" content=\"El Frente de Todos Trenque Lauquen se\u00f1al\u00f3 que habr\u00e1 clases de manera no presencial, estos d\u00edas - Infoecos\" \/>\n<meta property=\"og:description\" content=\"Agrega que las instituciones educativas abrir\u00e1n sus puertas con dotaciones m\u00ednimas para garantizar: entrega de m\u00f3dulos de alimentos, obras de infraestructura y entrega de material did\u00e1ctico\" \/>\n<meta property=\"og:url\" content=\"https:\/\/infoecos.com.ar\/index.php\/el-frente-de-todos-trenque-lauquen-senalo-que-habra-clases-de-manera-no-presencial-estos-dias\/\" \/>\n<meta property=\"og:site_name\" content=\"Infoecos\" \/>\n<meta property=\"article:publisher\" content=\"https:\/\/www.facebook.com\/profile.php?id=100063200290284\" \/>\n<meta property=\"article:published_time\" content=\"2021-05-26T03:34:52+00:00\" \/>\n<meta property=\"article:modified_time\" content=\"2021-05-26T03:34:54+00:00\" \/>\n<meta property=\"og:image\" content=\"https:\/\/infoecos.com.ar\/wp-content\/uploads\/2021\/05\/fdtescuelas.jpg\" \/>\n\t<meta property=\"og:image:width\" content=\"1280\" \/>\n\t<meta property=\"og:image:height\" content=\"1280\" \/>\n\t<meta property=\"og:image:type\" content=\"image\/jpeg\" \/>\n<meta name=\"author\" content=\"Jorge Matheus\" \/>\n<meta name=\"twitter:card\" content=\"summary_large_image\" \/>\n<meta name=\"twitter:creator\" content=\"@infoecos\" \/>\n<meta name=\"twitter:site\" content=\"@infoecos\" \/>\n<meta name=\"twitter:label1\" content=\"Escrito por\" \/>\n\t<meta name=\"twitter:data1\" content=\"Jorge Matheus\" \/>\n<script type=\"application\/ld+json\" class=\"yoast-schema-graph\">{\"@context\":\"https:\/\/schema.org\",\"@graph\":[{\"@type\":\"Article\",\"@id\":\"https:\/\/infoecos.com.ar\/index.php\/el-frente-de-todos-trenque-lauquen-senalo-que-habra-clases-de-manera-no-presencial-estos-dias\/#article\",\"isPartOf\":{\"@id\":\"https:\/\/infoecos.com.ar\/index.php\/el-frente-de-todos-trenque-lauquen-senalo-que-habra-clases-de-manera-no-presencial-estos-dias\/\"},\"author\":{\"name\":\"Jorge Matheus\",\"@id\":\"https:\/\/infoecos.com.ar\/#\/schema\/person\/8f5ace5ce73b4b4aac4b7245aee6f191\"},\"headline\":\"El Frente de Todos Trenque Lauquen se\u00f1al\u00f3 que habr\u00e1 clases de manera no presencial, estos d\u00edas\",\"datePublished\":\"2021-05-26T03:34:52+00:00\",\"dateModified\":\"2021-05-26T03:34:54+00:00\",\"mainEntityOfPage\":{\"@id\":\"https:\/\/infoecos.com.ar\/index.php\/el-frente-de-todos-trenque-lauquen-senalo-que-habra-clases-de-manera-no-presencial-estos-dias\/\"},\"wordCount\":93,\"publisher\":{\"@id\":\"https:\/\/infoecos.com.ar\/#organization\"},\"image\":{\"@id\":\"https:\/\/infoecos.com.ar\/index.php\/el-frente-de-todos-trenque-lauquen-senalo-que-habra-clases-de-manera-no-presencial-estos-dias\/#primaryimage\"},\"thumbnailUrl\":\"https:\/\/infoecos.com.ar\/wp-content\/uploads\/2021\/05\/fdtescuelas.jpg\",\"keywords\":[\"COMUNICACI\u00d3N DIFUNDIDA EL MARTES\"],\"articleSection\":[\"C2 N4\"],\"inLanguage\":\"es\"},{\"@type\":\"WebPage\",\"@id\":\"https:\/\/infoecos.com.ar\/index.php\/el-frente-de-todos-trenque-lauquen-senalo-que-habra-clases-de-manera-no-presencial-estos-dias\/\",\"url\":\"https:\/\/infoecos.com.ar\/index.php\/el-frente-de-todos-trenque-lauquen-senalo-que-habra-clases-de-manera-no-presencial-estos-dias\/\",\"name\":\"El Frente de Todos Trenque Lauquen se\u00f1al\u00f3 que habr\u00e1 clases de manera no presencial, estos d\u00edas - Infoecos\",\"isPartOf\":{\"@id\":\"https:\/\/infoecos.com.ar\/#website\"},\"primaryImageOfPage\":{\"@id\":\"https:\/\/infoecos.com.ar\/index.php\/el-frente-de-todos-trenque-lauquen-senalo-que-habra-clases-de-manera-no-presencial-estos-dias\/#primaryimage\"},\"image\":{\"@id\":\"https:\/\/infoecos.com.ar\/index.php\/el-frente-de-todos-trenque-lauquen-senalo-que-habra-clases-de-manera-no-presencial-estos-dias\/#primaryimage\"},\"thumbnailUrl\":\"https:\/\/infoecos.com.ar\/wp-content\/uploads\/2021\/05\/fdtescuelas.jpg\",\"datePublished\":\"2021-05-26T03:34:52+00:00\",\"dateModified\":\"2021-05-26T03:34:54+00:00\",\"breadcrumb\":{\"@id\":\"https:\/\/infoecos.com.ar\/index.php\/el-frente-de-todos-trenque-lauquen-senalo-que-habra-clases-de-manera-no-presencial-estos-dias\/#breadcrumb\"},\"inLanguage\":\"es\",\"potentialAction\":[{\"@type\":\"ReadAction\",\"target\":[\"https:\/\/infoecos.com.ar\/index.php\/el-frente-de-todos-trenque-lauquen-senalo-que-habra-clases-de-manera-no-presencial-estos-dias\/\"]}]},{\"@type\":\"ImageObject\",\"inLanguage\":\"es\",\"@id\":\"https:\/\/infoecos.com.ar\/index.php\/el-frente-de-todos-trenque-lauquen-senalo-que-habra-clases-de-manera-no-presencial-estos-dias\/#primaryimage\",\"url\":\"https:\/\/infoecos.com.ar\/wp-content\/uploads\/2021\/05\/fdtescuelas.jpg\",\"contentUrl\":\"https:\/\/infoecos.com.ar\/wp-content\/uploads\/2021\/05\/fdtescuelas.jpg\",\"width\":1280,\"height\":1280},{\"@type\":\"BreadcrumbList\",\"@id\":\"https:\/\/infoecos.com.ar\/index.php\/el-frente-de-todos-trenque-lauquen-senalo-que-habra-clases-de-manera-no-presencial-estos-dias\/#breadcrumb\",\"itemListElement\":[{\"@type\":\"ListItem\",\"position\":1,\"name\":\"Portada\",\"item\":\"https:\/\/infoecos.com.ar\/\"},{\"@type\":\"ListItem\",\"position\":2,\"name\":\"El Frente de Todos Trenque Lauquen se\u00f1al\u00f3 que habr\u00e1 clases de manera no presencial, estos d\u00edas\"}]},{\"@type\":\"WebSite\",\"@id\":\"https:\/\/infoecos.com.ar\/#website\",\"url\":\"https:\/\/infoecos.com.ar\/\",\"name\":\"Infoecos\",\"description\":\"Noticias de trenque lauquen y la zona\",\"publisher\":{\"@id\":\"https:\/\/infoecos.com.ar\/#organization\"},\"alternateName\":\"Noticias\",\"potentialAction\":[{\"@type\":\"SearchAction\",\"target\":{\"@type\":\"EntryPoint\",\"urlTemplate\":\"https:\/\/infoecos.com.ar\/?s={search_term_string}\"},\"query-input\":{\"@type\":\"PropertyValueSpecification\",\"valueRequired\":true,\"valueName\":\"search_term_string\"}}],\"inLanguage\":\"es\"},{\"@type\":\"Organization\",\"@id\":\"https:\/\/infoecos.com.ar\/#organization\",\"name\":\"Infoecos\",\"alternateName\":\"Noticias\",\"url\":\"https:\/\/infoecos.com.ar\/\",\"logo\":{\"@type\":\"ImageObject\",\"inLanguage\":\"es\",\"@id\":\"https:\/\/infoecos.com.ar\/#\/schema\/logo\/image\/\",\"url\":\"https:\/\/infoecos.com.ar\/wp-content\/uploads\/2024\/03\/cropped-logo.png\",\"contentUrl\":\"https:\/\/infoecos.com.ar\/wp-content\/uploads\/2024\/03\/cropped-logo.png\",\"width\":374,\"height\":90,\"caption\":\"Infoecos\"},\"image\":{\"@id\":\"https:\/\/infoecos.com.ar\/#\/schema\/logo\/image\/\"},\"sameAs\":[\"https:\/\/www.facebook.com\/profile.php?id=100063200290284\",\"https:\/\/x.com\/infoecos\"]},{\"@type\":\"Person\",\"@id\":\"https:\/\/infoecos.com.ar\/#\/schema\/person\/8f5ace5ce73b4b4aac4b7245aee6f191\",\"name\":\"Jorge Matheus\",\"url\":\"https:\/\/infoecos.com.ar\/index.php\/author\/jomatheus\/\"}]}<\/script>\n<!-- \/ Yoast SEO plugin. -->","yoast_head_json":{"title":"El Frente de Todos Trenque Lauquen se\u00f1al\u00f3 que habr\u00e1 clases de manera no presencial, estos d\u00edas - Infoecos","robots":{"index":"index","follow":"follow","max-snippet":"max-snippet:-1","max-image-preview":"max-image-preview:large","max-video-preview":"max-video-preview:-1"},"canonical":"https:\/\/infoecos.com.ar\/index.php\/el-frente-de-todos-trenque-lauquen-senalo-que-habra-clases-de-manera-no-presencial-estos-dias\/","og_locale":"es_ES","og_type":"article","og_title":"El Frente de Todos Trenque Lauquen se\u00f1al\u00f3 que habr\u00e1 clases de manera no presencial, estos d\u00edas - Infoecos","og_description":"Agrega que las instituciones educativas abrir\u00e1n sus puertas con dotaciones m\u00ednimas para garantizar: entrega de m\u00f3dulos de alimentos, obras de infraestructura y entrega de material did\u00e1ctico","og_url":"https:\/\/infoecos.com.ar\/index.php\/el-frente-de-todos-trenque-lauquen-senalo-que-habra-clases-de-manera-no-presencial-estos-dias\/","og_site_name":"Infoecos","article_publisher":"https:\/\/www.facebook.com\/profile.php?id=100063200290284","article_published_time":"2021-05-26T03:34:52+00:00","article_modified_time":"2021-05-26T03:34:54+00:00","og_image":[{"width":1280,"height":1280,"url":"https:\/\/infoecos.com.ar\/wp-content\/uploads\/2021\/05\/fdtescuelas.jpg","type":"image\/jpeg"}],"author":"Jorge Matheus","twitter_card":"summary_large_image","twitter_creator":"@infoecos","twitter_site":"@infoecos","twitter_misc":{"Escrito por":"Jorge Matheus"},"schema":{"@context":"https:\/\/schema.org","@graph":[{"@type":"Article","@id":"https:\/\/infoecos.com.ar\/index.php\/el-frente-de-todos-trenque-lauquen-senalo-que-habra-clases-de-manera-no-presencial-estos-dias\/#article","isPartOf":{"@id":"https:\/\/infoecos.com.ar\/index.php\/el-frente-de-todos-trenque-lauquen-senalo-que-habra-clases-de-manera-no-presencial-estos-dias\/"},"author":{"name":"Jorge Matheus","@id":"https:\/\/infoecos.com.ar\/#\/schema\/person\/8f5ace5ce73b4b4aac4b7245aee6f191"},"headline":"El Frente de Todos Trenque Lauquen se\u00f1al\u00f3 que habr\u00e1 clases de manera no presencial, estos d\u00edas","datePublished":"2021-05-26T03:34:52+00:00","dateModified":"2021-05-26T03:34:54+00:00","mainEntityOfPage":{"@id":"https:\/\/infoecos.com.ar\/index.php\/el-frente-de-todos-trenque-lauquen-senalo-que-habra-clases-de-manera-no-presencial-estos-dias\/"},"wordCount":93,"publisher":{"@id":"https:\/\/infoecos.com.ar\/#organization"},"image":{"@id":"https:\/\/infoecos.com.ar\/index.php\/el-frente-de-todos-trenque-lauquen-senalo-que-habra-clases-de-manera-no-presencial-estos-dias\/#primaryimage"},"thumbnailUrl":"https:\/\/infoecos.com.ar\/wp-content\/uploads\/2021\/05\/fdtescuelas.jpg","keywords":["COMUNICACI\u00d3N DIFUNDIDA EL MARTES"],"articleSection":["C2 N4"],"inLanguage":"es"},{"@type":"WebPage","@id":"https:\/\/infoecos.com.ar\/index.php\/el-frente-de-todos-trenque-lauquen-senalo-que-habra-clases-de-manera-no-presencial-estos-dias\/","url":"https:\/\/infoecos.com.ar\/index.php\/el-frente-de-todos-trenque-lauquen-senalo-que-habra-clases-de-manera-no-presencial-estos-dias\/","name":"El Frente de Todos Trenque Lauquen se\u00f1al\u00f3 que habr\u00e1 clases de manera no presencial, estos d\u00edas - Infoecos","isPartOf":{"@id":"https:\/\/infoecos.com.ar\/#website"},"primaryImageOfPage":{"@id":"https:\/\/infoecos.com.ar\/index.php\/el-frente-de-todos-trenque-lauquen-senalo-que-habra-clases-de-manera-no-presencial-estos-dias\/#primaryimage"},"image":{"@id":"https:\/\/infoecos.com.ar\/index.php\/el-frente-de-todos-trenque-lauquen-senalo-que-habra-clases-de-manera-no-presencial-estos-dias\/#primaryimage"},"thumbnailUrl":"https:\/\/infoecos.com.ar\/wp-content\/uploads\/2021\/05\/fdtescuelas.jpg","datePublished":"2021-05-26T03:34:52+00:00","dateModified":"2021-05-26T03:34:54+00:00","breadcrumb":{"@id":"https:\/\/infoecos.com.ar\/index.php\/el-frente-de-todos-trenque-lauquen-senalo-que-habra-clases-de-manera-no-presencial-estos-dias\/#breadcrumb"},"inLanguage":"es","potentialAction":[{"@type":"ReadAction","target":["https:\/\/infoecos.com.ar\/index.php\/el-frente-de-todos-trenque-lauquen-senalo-que-habra-clases-de-manera-no-presencial-estos-dias\/"]}]},{"@type":"ImageObject","inLanguage":"es","@id":"https:\/\/infoecos.com.ar\/index.php\/el-frente-de-todos-trenque-lauquen-senalo-que-habra-clases-de-manera-no-presencial-estos-dias\/#primaryimage","url":"https:\/\/infoecos.com.ar\/wp-content\/uploads\/2021\/05\/fdtescuelas.jpg","contentUrl":"https:\/\/infoecos.com.ar\/wp-content\/uploads\/2021\/05\/fdtescuelas.jpg","width":1280,"height":1280},{"@type":"BreadcrumbList","@id":"https:\/\/infoecos.com.ar\/index.php\/el-frente-de-todos-trenque-lauquen-senalo-que-habra-clases-de-manera-no-presencial-estos-dias\/#breadcrumb","itemListElement":[{"@type":"ListItem","position":1,"name":"Portada","item":"https:\/\/infoecos.com.ar\/"},{"@type":"ListItem","position":2,"name":"El Frente de Todos Trenque Lauquen se\u00f1al\u00f3 que habr\u00e1 clases de manera no presencial, estos d\u00edas"}]},{"@type":"WebSite","@id":"https:\/\/infoecos.com.ar\/#website","url":"https:\/\/infoecos.com.ar\/","name":"Infoecos","description":"Noticias de trenque lauquen y la zona","publisher":{"@id":"https:\/\/infoecos.com.ar\/#organization"},"alternateName":"Noticias","potentialAction":[{"@type":"SearchAction","target":{"@type":"EntryPoint","urlTemplate":"https:\/\/infoecos.com.ar\/?s={search_term_string}"},"query-input":{"@type":"PropertyValueSpecification","valueRequired":true,"valueName":"search_term_string"}}],"inLanguage":"es"},{"@type":"Organization","@id":"https:\/\/infoecos.com.ar\/#organization","name":"Infoecos","alternateName":"Noticias","url":"https:\/\/infoecos.com.ar\/","logo":{"@type":"ImageObject","inLanguage":"es","@id":"https:\/\/infoecos.com.ar\/#\/schema\/logo\/image\/","url":"https:\/\/infoecos.com.ar\/wp-content\/uploads\/2024\/03\/cropped-logo.png","contentUrl":"https:\/\/infoecos.com.ar\/wp-content\/uploads\/2024\/03\/cropped-logo.png","width":374,"height":90,"caption":"Infoecos"},"image":{"@id":"https:\/\/infoecos.com.ar\/#\/schema\/logo\/image\/"},"sameAs":["https:\/\/www.facebook.com\/profile.php?id=100063200290284","https:\/\/x.com\/infoecos"]},{"@type":"Person","@id":"https:\/\/infoecos.com.ar\/#\/schema\/person\/8f5ace5ce73b4b4aac4b7245aee6f191","name":"Jorge Matheus","url":"https:\/\/infoecos.com.ar\/index.php\/author\/jomatheus\/"}]}},"featured_image_urls":{"full":["https:\/\/infoecos.com.ar\/wp-content\/uploads\/2021\/05\/fdtescuelas.jpg",1280,1280,false],"thumbnail":["https:\/\/infoecos.com.ar\/wp-content\/uploads\/2021\/05\/fdtescuelas-150x150.jpg",150,150,true],"medium":["https:\/\/infoecos.com.ar\/wp-content\/uploads\/2021\/05\/fdtescuelas-460x460.jpg",460,460,true],"medium_large":["https:\/\/infoecos.com.ar\/wp-content\/uploads\/2021\/05\/fdtescuelas-768x768.jpg",640,640,true],"large":["https:\/\/infoecos.com.ar\/wp-content\/uploads\/2021\/05\/fdtescuelas-920x920.jpg",640,640,true],"1536x1536":["https:\/\/infoecos.com.ar\/wp-content\/uploads\/2021\/05\/fdtescuelas.jpg",1280,1280,false],"2048x2048":["https:\/\/infoecos.com.ar\/wp-content\/uploads\/2021\/05\/fdtescuelas.jpg",1280,1280,false],"covernews-slider-full":["https:\/\/infoecos.com.ar\/wp-content\/uploads\/2021\/05\/fdtescuelas-1280x1020.jpg",897,715,true],"covernews-slider-center":["https:\/\/infoecos.com.ar\/wp-content\/uploads\/2021\/05\/fdtescuelas-936x897.jpg",522,500,true],"covernews-featured":["https:\/\/infoecos.com.ar\/wp-content\/uploads\/2021\/05\/fdtescuelas-1024x1024.jpg",1024,1024,true],"covernews-medium":["https:\/\/infoecos.com.ar\/wp-content\/uploads\/2021\/05\/fdtescuelas-720x380.jpg",540,285,true],"covernews-medium-square":["https:\/\/infoecos.com.ar\/wp-content\/uploads\/2021\/05\/fdtescuelas-675x450.jpg",375,250,true]},"author_info":{"info":["Jorge Matheus"]},"category_info":"<a href=\"https:\/\/infoecos.com.ar\/index.php\/category\/c2nota4\/\" rel=\"category tag\">C2 N4<\/a>","tag_info":"C2 N4","comment_count":"0","_links":{"self":[{"href":"https:\/\/infoecos.com.ar\/index.php\/wp-json\/wp\/v2\/posts\/78699"}],"collection":[{"href":"https:\/\/infoecos.com.ar\/index.php\/wp-json\/wp\/v2\/posts"}],"about":[{"href":"https:\/\/infoecos.com.ar\/index.php\/wp-json\/wp\/v2\/types\/post"}],"author":[{"embeddable":true,"href":"https:\/\/infoecos.com.ar\/index.php\/wp-json\/wp\/v2\/users\/2"}],"replies":[{"embeddable":true,"href":"https:\/\/infoecos.com.ar\/index.php\/wp-json\/wp\/v2\/comments?post=78699"}],"version-history":[{"count":1,"href":"https:\/\/infoecos.com.ar\/index.php\/wp-json\/wp\/v2\/posts\/78699\/revisions"}],"predecessor-version":[{"id":78701,"href":"https:\/\/infoecos.com.ar\/index.php\/wp-json\/wp\/v2\/posts\/78699\/revisions\/78701"}],"wp:featuredmedia":[{"embeddable":true,"href":"https:\/\/infoecos.com.ar\/index.php\/wp-json\/wp\/v2\/media\/78700"}],"wp:attachment":[{"href":"https:\/\/infoecos.com.ar\/index.php\/wp-json\/wp\/v2\/media?parent=78699"}],"wp:term":[{"taxonomy":"category","embeddable":true,"href":"https:\/\/infoecos.com.ar\/index.php\/wp-json\/wp\/v2\/categories?post=78699"},{"taxonomy":"post_tag","embeddable":true,"href":"https:\/\/infoecos.com.ar\/index.php\/wp-json\/wp\/v2\/tags?post=78699"}],"curies":[{"name":"wp","href":"https:\/\/api.w.org\/{rel}","templated":true}]}}