{"id":78724,"date":"2021-05-26T20:35:36","date_gmt":"2021-05-26T23:35:36","guid":{"rendered":"http:\/\/infoecos.com.ar\/?p=78724"},"modified":"2021-05-26T20:36:11","modified_gmt":"2021-05-26T23:36:11","slug":"desde-este-miercoles-se-flexibilizaron-algunas-medidas-restrictivas-en-pehuajo","status":"publish","type":"post","link":"https:\/\/infoecos.com.ar\/index.php\/desde-este-miercoles-se-flexibilizaron-algunas-medidas-restrictivas-en-pehuajo\/","title":{"rendered":"Desde este mi\u00e9rcoles se flexibilizaron algunas medidas restrictivas en Pehuaj\u00f3"},"content":{"rendered":"\n<p class=\"wp-block-paragraph\">El gobierno municipal de Pehuaj\u00f3 adopt\u00f3 una serie de medidas que tienen vigencia desde este mi\u00e9rcoles que tienden a morigerar los efectos de las restricciones dispuestas por los gobiernos nacional y provincial, y a los que la comuna adhiri\u00f3.<\/p>\n\n\n\n<div class=\"wp-block-image\"><figure class=\"aligncenter size-medium\"><img loading=\"lazy\" decoding=\"async\" width=\"460\" height=\"306\" src=\"http:\/\/infoecos.com.ar\/wp-content\/uploads\/2021\/05\/zurropabloconprensa-460x306.jpeg\" alt=\"\" class=\"wp-image-78725\" srcset=\"https:\/\/infoecos.com.ar\/wp-content\/uploads\/2021\/05\/zurropabloconprensa-460x306.jpeg 460w, https:\/\/infoecos.com.ar\/wp-content\/uploads\/2021\/05\/zurropabloconprensa.jpeg 640w\" sizes=\"auto, (max-width: 460px) 100vw, 460px\" \/><\/figure><\/div>\n\n\n\n<p class=\"wp-block-paragraph\">En conferencia de prensa  el intendente municipal dijo que se  habilitaba a los comercios no esenciales, que pueden trabajar bajo la modalidad delivery, no as\u00ed con atenci\u00f3n al p\u00fablico dentro del local. Tambi\u00e9n se habilit\u00f3 la atenci\u00f3n al p\u00fablico en kioscos. Se habilitaron los shop de compras de estaciones de servicio en plantas urbanas, en este \u00faltimo caso solo con retiro, sin atenci\u00f3n al p\u00fablico dentro del local. <\/p>\n\n\n\n<p class=\"wp-block-paragraph\">\u00abHemos evaluado la situaci\u00f3n, agradezco a todos los comerciantes que me han acercado las inquietudes. Estas habilitaciones las hemos aprobado siempre haciendo un equilibrio entre salud y actividad comercial\u00bb, manifest\u00f3 el mandatario comunal. <\/p>\n\n\n\n<p class=\"wp-block-paragraph\"><\/p>\n","protected":false},"excerpt":{"rendered":"<p>\u00abHemos evaluado la situaci\u00f3n, agradezco a todos los comerciantes que me han acercado las inquietudes. Estas habilitaciones las hemos aprobado siempre haciendo un equilibrio entre salud y actividad comercial\u00bb, manifest\u00f3 el mandatario comunal<\/p>\n","protected":false},"author":2,"featured_media":78725,"comment_status":"closed","ping_status":"open","sticky":false,"template":"","format":"standard","meta":{"footnotes":""},"categories":[29],"tags":[3760],"class_list":["post-78724","post","type-post","status-publish","format-standard","has-post-thumbnail","hentry","category-c2nota1","tag-anuncios-de-pablo-zurro"],"featured_image_urls":{"full":["https:\/\/infoecos.com.ar\/wp-content\/uploads\/2021\/05\/zurropabloconprensa.jpeg",640,426,false],"thumbnail":["https:\/\/infoecos.com.ar\/wp-content\/uploads\/2021\/05\/zurropabloconprensa-150x150.jpeg",150,150,true],"medium":["https:\/\/infoecos.com.ar\/wp-content\/uploads\/2021\/05\/zurropabloconprensa-460x306.jpeg",460,306,true],"medium_large":["https:\/\/infoecos.com.ar\/wp-content\/uploads\/2021\/05\/zurropabloconprensa.jpeg",640,426,false],"large":["https:\/\/infoecos.com.ar\/wp-content\/uploads\/2021\/05\/zurropabloconprensa.jpeg",640,426,false],"1536x1536":["https:\/\/infoecos.com.ar\/wp-content\/uploads\/2021\/05\/zurropabloconprensa.jpeg",640,426,false],"2048x2048":["https:\/\/infoecos.com.ar\/wp-content\/uploads\/2021\/05\/zurropabloconprensa.jpeg",640,426,false],"covernews-slider-full":["https:\/\/infoecos.com.ar\/wp-content\/uploads\/2021\/05\/zurropabloconprensa.jpeg",640,426,false],"covernews-slider-center":["https:\/\/infoecos.com.ar\/wp-content\/uploads\/2021\/05\/zurropabloconprensa.jpeg",640,426,false],"covernews-featured":["https:\/\/infoecos.com.ar\/wp-content\/uploads\/2021\/05\/zurropabloconprensa.jpeg",640,426,false],"covernews-medium":["https:\/\/infoecos.com.ar\/wp-content\/uploads\/2021\/05\/zurropabloconprensa-640x380.jpeg",540,321,true],"covernews-medium-square":["https:\/\/infoecos.com.ar\/wp-content\/uploads\/2021\/05\/zurropabloconprensa.jpeg",376,250,false]},"author_info":{"info":["Jorge Matheus"]},"category_info":"<a href=\"https:\/\/infoecos.com.ar\/index.php\/category\/c2nota1\/\" rel=\"category tag\">C2 nota 1<\/a>","tag_info":"C2 nota 1","comment_count":"0","_links":{"self":[{"href":"https:\/\/infoecos.com.ar\/index.php\/wp-json\/wp\/v2\/posts\/78724","targetHints":{"allow":["GET"]}}],"collection":[{"href":"https:\/\/infoecos.com.ar\/index.php\/wp-json\/wp\/v2\/posts"}],"about":[{"href":"https:\/\/infoecos.com.ar\/index.php\/wp-json\/wp\/v2\/types\/post"}],"author":[{"embeddable":true,"href":"https:\/\/infoecos.com.ar\/index.php\/wp-json\/wp\/v2\/users\/2"}],"replies":[{"embeddable":true,"href":"https:\/\/infoecos.com.ar\/index.php\/wp-json\/wp\/v2\/comments?post=78724"}],"version-history":[{"count":1,"href":"https:\/\/infoecos.com.ar\/index.php\/wp-json\/wp\/v2\/posts\/78724\/revisions"}],"predecessor-version":[{"id":78726,"href":"https:\/\/infoecos.com.ar\/index.php\/wp-json\/wp\/v2\/posts\/78724\/revisions\/78726"}],"wp:featuredmedia":[{"embeddable":true,"href":"https:\/\/infoecos.com.ar\/index.php\/wp-json\/wp\/v2\/media\/78725"}],"wp:attachment":[{"href":"https:\/\/infoecos.com.ar\/index.php\/wp-json\/wp\/v2\/media?parent=78724"}],"wp:term":[{"taxonomy":"category","embeddable":true,"href":"https:\/\/infoecos.com.ar\/index.php\/wp-json\/wp\/v2\/categories?post=78724"},{"taxonomy":"post_tag","embeddable":true,"href":"https:\/\/infoecos.com.ar\/index.php\/wp-json\/wp\/v2\/tags?post=78724"}],"curies":[{"name":"wp","href":"https:\/\/api.w.org\/{rel}","templated":true}]}}