{"id":78730,"date":"2021-05-26T21:24:26","date_gmt":"2021-05-27T00:24:26","guid":{"rendered":"http:\/\/infoecos.com.ar\/?p=78730"},"modified":"2021-05-26T21:24:46","modified_gmt":"2021-05-27T00:24:46","slug":"preocupa-la-situacion-sanitaria-en-el-distrito-de-guamini-se-suman-20-casos-positivos-por-dia","status":"publish","type":"post","link":"https:\/\/infoecos.com.ar\/index.php\/preocupa-la-situacion-sanitaria-en-el-distrito-de-guamini-se-suman-20-casos-positivos-por-dia\/","title":{"rendered":"Preocupa la situaci\u00f3n sanitaria en el distrito de Guamin\u00ed: se suman 20 casos positivos por d\u00eda"},"content":{"rendered":"\n<p class=\"wp-block-paragraph\">Marcada preocupaci\u00f3n en Guamin\u00ed por la forma en que se han multiplicado los casos de coronavirus. En los \u00faltimos 15 d\u00edas cambi\u00f3 de Fase 4 a 3, y desde el viernes a la 2. <\/p>\n\n\n\n<p class=\"wp-block-paragraph\">Se inform\u00f3 a Infoecos que a este mi\u00e9rcoles un tercio de la poblaci\u00f3n se encuentra contagiado de COVID-19 o aislado por contacto estrecho. <\/p>\n\n\n\n<div class=\"wp-block-image\"><figure class=\"aligncenter size-large\"><img loading=\"lazy\" decoding=\"async\" width=\"225\" height=\"225\" src=\"http:\/\/infoecos.com.ar\/wp-content\/uploads\/2021\/05\/hospitalgumini.jpg\" alt=\"\" class=\"wp-image-78731\" srcset=\"https:\/\/infoecos.com.ar\/wp-content\/uploads\/2021\/05\/hospitalgumini.jpg 225w, https:\/\/infoecos.com.ar\/wp-content\/uploads\/2021\/05\/hospitalgumini-150x150.jpg 150w\" sizes=\"auto, (max-width: 225px) 100vw, 225px\" \/><\/figure><\/div>\n\n\n\n<p class=\"wp-block-paragraph\">Son 373 los pacientes activos en el distrito, mientras que la cantidad de personas aisladas es de 795. El total de activos en todo el distrito, asciende a 373 personas. El 66,5% de los contagiados est\u00e1 en la capital del distrito.<\/p>\n\n\n\n<p class=\"wp-block-paragraph\">El lunes y ante el avance de la enfermedad, en el Hospital Municipal armaron camas en el sector destinado a contener la enfermedad por temor a que no alcancen las disponibles.  <\/p>\n\n\n\n<div class=\"wp-block-image\"><figure class=\"aligncenter size-medium\"><img loading=\"lazy\" decoding=\"async\" width=\"460\" height=\"305\" src=\"http:\/\/infoecos.com.ar\/wp-content\/uploads\/2021\/05\/guamini-460x305.jpg\" alt=\"\" class=\"wp-image-78732\" srcset=\"https:\/\/infoecos.com.ar\/wp-content\/uploads\/2021\/05\/guamini-460x305.jpg 460w, https:\/\/infoecos.com.ar\/wp-content\/uploads\/2021\/05\/guamini-768x509.jpg 768w, https:\/\/infoecos.com.ar\/wp-content\/uploads\/2021\/05\/guamini.jpg 800w\" sizes=\"auto, (max-width: 460px) 100vw, 460px\" \/><\/figure><\/div>\n\n\n\n<p class=\"wp-block-paragraph\">En horas de la ma\u00f1ana de este mi\u00e9rcoles se realiz\u00f3 una teleconferencia, donde la secretaria de Salud, doctora Su\u00e1rez, se\u00f1al\u00f3 que \u00abse est\u00e1n sumando alrededor de 20 casos por d\u00eda. Lamentablemente en esta ola de pandemia, tenemos muchos pacientes internados y derivados. La mayor\u00eda de los afectados graves tienen menos de 60 a\u00f1os\u00bb.<\/p>\n\n\n\n<p class=\"wp-block-paragraph\"><\/p>\n\n\n\n<p class=\"wp-block-paragraph\"><\/p>\n","protected":false},"excerpt":{"rendered":"<p>Marcada preocupaci\u00f3n en Guamin\u00ed por la forma en que se han multiplicado los casos de&#8230;<\/p>\n","protected":false},"author":2,"featured_media":78732,"comment_status":"closed","ping_status":"open","sticky":false,"template":"","format":"standard","meta":{"footnotes":""},"categories":[45],"tags":[3762],"class_list":["post-78730","post","type-post","status-publish","format-standard","has-post-thumbnail","hentry","category-c1nota2","tag-373-pacientes-activos-en-el-distrito"],"featured_image_urls":{"full":["https:\/\/infoecos.com.ar\/wp-content\/uploads\/2021\/05\/guamini.jpg",800,530,false],"thumbnail":["https:\/\/infoecos.com.ar\/wp-content\/uploads\/2021\/05\/guamini-150x150.jpg",150,150,true],"medium":["https:\/\/infoecos.com.ar\/wp-content\/uploads\/2021\/05\/guamini-460x305.jpg",460,305,true],"medium_large":["https:\/\/infoecos.com.ar\/wp-content\/uploads\/2021\/05\/guamini-768x509.jpg",640,424,true],"large":["https:\/\/infoecos.com.ar\/wp-content\/uploads\/2021\/05\/guamini.jpg",640,424,false],"1536x1536":["https:\/\/infoecos.com.ar\/wp-content\/uploads\/2021\/05\/guamini.jpg",800,530,false],"2048x2048":["https:\/\/infoecos.com.ar\/wp-content\/uploads\/2021\/05\/guamini.jpg",800,530,false],"covernews-slider-full":["https:\/\/infoecos.com.ar\/wp-content\/uploads\/2021\/05\/guamini.jpg",800,530,false],"covernews-slider-center":["https:\/\/infoecos.com.ar\/wp-content\/uploads\/2021\/05\/guamini.jpg",755,500,false],"covernews-featured":["https:\/\/infoecos.com.ar\/wp-content\/uploads\/2021\/05\/guamini.jpg",800,530,false],"covernews-medium":["https:\/\/infoecos.com.ar\/wp-content\/uploads\/2021\/05\/guamini-720x380.jpg",540,285,true],"covernews-medium-square":["https:\/\/infoecos.com.ar\/wp-content\/uploads\/2021\/05\/guamini-675x450.jpg",375,250,true]},"author_info":{"info":["Jorge Matheus"]},"category_info":"<a href=\"https:\/\/infoecos.com.ar\/index.php\/category\/c1nota2\/\" rel=\"category tag\">C1 N2<\/a>","tag_info":"C1 N2","comment_count":"0","_links":{"self":[{"href":"https:\/\/infoecos.com.ar\/index.php\/wp-json\/wp\/v2\/posts\/78730","targetHints":{"allow":["GET"]}}],"collection":[{"href":"https:\/\/infoecos.com.ar\/index.php\/wp-json\/wp\/v2\/posts"}],"about":[{"href":"https:\/\/infoecos.com.ar\/index.php\/wp-json\/wp\/v2\/types\/post"}],"author":[{"embeddable":true,"href":"https:\/\/infoecos.com.ar\/index.php\/wp-json\/wp\/v2\/users\/2"}],"replies":[{"embeddable":true,"href":"https:\/\/infoecos.com.ar\/index.php\/wp-json\/wp\/v2\/comments?post=78730"}],"version-history":[{"count":1,"href":"https:\/\/infoecos.com.ar\/index.php\/wp-json\/wp\/v2\/posts\/78730\/revisions"}],"predecessor-version":[{"id":78733,"href":"https:\/\/infoecos.com.ar\/index.php\/wp-json\/wp\/v2\/posts\/78730\/revisions\/78733"}],"wp:featuredmedia":[{"embeddable":true,"href":"https:\/\/infoecos.com.ar\/index.php\/wp-json\/wp\/v2\/media\/78732"}],"wp:attachment":[{"href":"https:\/\/infoecos.com.ar\/index.php\/wp-json\/wp\/v2\/media?parent=78730"}],"wp:term":[{"taxonomy":"category","embeddable":true,"href":"https:\/\/infoecos.com.ar\/index.php\/wp-json\/wp\/v2\/categories?post=78730"},{"taxonomy":"post_tag","embeddable":true,"href":"https:\/\/infoecos.com.ar\/index.php\/wp-json\/wp\/v2\/tags?post=78730"}],"curies":[{"name":"wp","href":"https:\/\/api.w.org\/{rel}","templated":true}]}}