{"id":78745,"date":"2021-05-27T00:37:47","date_gmt":"2021-05-27T03:37:47","guid":{"rendered":"http:\/\/infoecos.com.ar\/?p=78745"},"modified":"2021-05-27T01:12:58","modified_gmt":"2021-05-27T04:12:58","slug":"el-bragadense-marcelo-elias-asumio-como-parlamentario-del-mercosur","status":"publish","type":"post","link":"https:\/\/infoecos.com.ar\/index.php\/el-bragadense-marcelo-elias-asumio-como-parlamentario-del-mercosur\/","title":{"rendered":"El bragadense Marcelo El\u00edas asumi\u00f3 como parlamentario del Mercosur"},"content":{"rendered":"\n<p class=\"wp-block-paragraph\">El dirigente bragadense Marcelo El\u00edas asumi\u00f3 este mi\u00e9rcoles como parlamentario del Mercosur, en reemplazo de Osvaldo M\u00e9rcuri, quien falleci\u00f3 en febrero pasado por COVID-19.<\/p>\n\n\n\n<p class=\"wp-block-paragraph\">En ese sentido, El\u00edas sostuvo que&nbsp;\u201cvamos a trabajar por la integraci\u00f3n regional de nuestros pueblos, fortaleciendo la democracia, la rep\u00fablica y el intercambio comercial, para lograr as\u00ed un Mercosur fuerte y competitivo frente al mercado internacional\u201d.<\/p>\n\n\n\n<div class=\"wp-block-image\"><figure class=\"aligncenter size-large\"><img loading=\"lazy\" decoding=\"async\" width=\"622\" height=\"423\" src=\"http:\/\/infoecos.com.ar\/wp-content\/uploads\/2021\/05\/260518e53fgc4209da7b6.jpg\" alt=\"\" class=\"wp-image-78764\" srcset=\"https:\/\/infoecos.com.ar\/wp-content\/uploads\/2021\/05\/260518e53fgc4209da7b6.jpg 622w, https:\/\/infoecos.com.ar\/wp-content\/uploads\/2021\/05\/260518e53fgc4209da7b6-460x313.jpg 460w\" sizes=\"auto, (max-width: 622px) 100vw, 622px\" \/><\/figure><\/div>\n\n\n\n<p class=\"wp-block-paragraph\">El Parlamento del Mercosur es el \u00f3rgano representativo de los intereses de los ciudadanos del Mercosur, bloque constituido por Argentina, Brasil, Paraguay, Uruguay, Venezuela y Bolivia. Cuenta con 186 miembros y es el espacio com\u00fan en el que se refleja el pluralismo y las diversidades de la regi\u00f3n, y que contribuye a la democracia, la participaci\u00f3n, la representatividad, la transparencia y la legitimidad social en el desarrollo del proceso de integraci\u00f3n y de sus normas. Argentina cuenta con 43 parlamentarios ad-honorem que representan al pa\u00eds.<\/p>\n\n\n\n<p class=\"wp-block-paragraph\">\u201cM\u00e1s all\u00e1 de mis obligaciones espec\u00edficas, pretendo utilizar esta herramienta para promover acciones que contribuyan al crecimiento sostenible en lo social, en lo econ\u00f3mico y en lo cultural para Bragado y la regi\u00f3n\u201d, sostuvo el parlamentario, y agreg\u00f3:&nbsp;\u201cEstoy a disposici\u00f3n de los vecinos y vecinas que quieran aportar inquietudes, sugerencias y propuestas\u201d.<\/p>\n\n\n\n<p class=\"wp-block-paragraph\">Marcelo El\u00edas es dirigente del partido pol\u00edtico Acci\u00f3n Para el Desarrollo, perteneciente a Juntos por el Cambio. Fue secretario de Gobierno de Bragado entre 1995 y 1999 y diputado provincial por la UCR entre 1999 y 2007 -siendo jefe de bloque-. En las elecciones presidenciales de 2015 fue propuesto como parlamentario del Mercosur por Cambiemos.<\/p>\n","protected":false},"excerpt":{"rendered":"<p>El Parlamento del Mercosur es el \u00f3rgano representativo de los intereses de los ciudadanos del Mercosur, bloque constituido por Argentina, Brasil, Paraguay, Uruguay, Venezuela y Bolivia<\/p>\n","protected":false},"author":2,"featured_media":78764,"comment_status":"closed","ping_status":"open","sticky":false,"template":"","format":"standard","meta":{"footnotes":""},"categories":[24],"tags":[3765],"class_list":["post-78745","post","type-post","status-publish","format-standard","has-post-thumbnail","hentry","category-c1nota3","tag-aliado-a-juntos-por-el-cambio"],"featured_image_urls":{"full":["https:\/\/infoecos.com.ar\/wp-content\/uploads\/2021\/05\/260518e53fgc4209da7b6.jpg",622,423,false],"thumbnail":["https:\/\/infoecos.com.ar\/wp-content\/uploads\/2021\/05\/260518e53fgc4209da7b6-150x150.jpg",150,150,true],"medium":["https:\/\/infoecos.com.ar\/wp-content\/uploads\/2021\/05\/260518e53fgc4209da7b6-460x313.jpg",460,313,true],"medium_large":["https:\/\/infoecos.com.ar\/wp-content\/uploads\/2021\/05\/260518e53fgc4209da7b6.jpg",622,423,false],"large":["https:\/\/infoecos.com.ar\/wp-content\/uploads\/2021\/05\/260518e53fgc4209da7b6.jpg",622,423,false],"1536x1536":["https:\/\/infoecos.com.ar\/wp-content\/uploads\/2021\/05\/260518e53fgc4209da7b6.jpg",622,423,false],"2048x2048":["https:\/\/infoecos.com.ar\/wp-content\/uploads\/2021\/05\/260518e53fgc4209da7b6.jpg",622,423,false],"covernews-slider-full":["https:\/\/infoecos.com.ar\/wp-content\/uploads\/2021\/05\/260518e53fgc4209da7b6.jpg",622,423,false],"covernews-slider-center":["https:\/\/infoecos.com.ar\/wp-content\/uploads\/2021\/05\/260518e53fgc4209da7b6.jpg",622,423,false],"covernews-featured":["https:\/\/infoecos.com.ar\/wp-content\/uploads\/2021\/05\/260518e53fgc4209da7b6.jpg",622,423,false],"covernews-medium":["https:\/\/infoecos.com.ar\/wp-content\/uploads\/2021\/05\/260518e53fgc4209da7b6-622x380.jpg",540,330,true],"covernews-medium-square":["https:\/\/infoecos.com.ar\/wp-content\/uploads\/2021\/05\/260518e53fgc4209da7b6.jpg",368,250,false]},"author_info":{"info":["Jorge Matheus"]},"category_info":"<a href=\"https:\/\/infoecos.com.ar\/index.php\/category\/c1nota3\/\" rel=\"category tag\">C1 N3<\/a>","tag_info":"C1 N3","comment_count":"0","_links":{"self":[{"href":"https:\/\/infoecos.com.ar\/index.php\/wp-json\/wp\/v2\/posts\/78745","targetHints":{"allow":["GET"]}}],"collection":[{"href":"https:\/\/infoecos.com.ar\/index.php\/wp-json\/wp\/v2\/posts"}],"about":[{"href":"https:\/\/infoecos.com.ar\/index.php\/wp-json\/wp\/v2\/types\/post"}],"author":[{"embeddable":true,"href":"https:\/\/infoecos.com.ar\/index.php\/wp-json\/wp\/v2\/users\/2"}],"replies":[{"embeddable":true,"href":"https:\/\/infoecos.com.ar\/index.php\/wp-json\/wp\/v2\/comments?post=78745"}],"version-history":[{"count":3,"href":"https:\/\/infoecos.com.ar\/index.php\/wp-json\/wp\/v2\/posts\/78745\/revisions"}],"predecessor-version":[{"id":78765,"href":"https:\/\/infoecos.com.ar\/index.php\/wp-json\/wp\/v2\/posts\/78745\/revisions\/78765"}],"wp:featuredmedia":[{"embeddable":true,"href":"https:\/\/infoecos.com.ar\/index.php\/wp-json\/wp\/v2\/media\/78764"}],"wp:attachment":[{"href":"https:\/\/infoecos.com.ar\/index.php\/wp-json\/wp\/v2\/media?parent=78745"}],"wp:term":[{"taxonomy":"category","embeddable":true,"href":"https:\/\/infoecos.com.ar\/index.php\/wp-json\/wp\/v2\/categories?post=78745"},{"taxonomy":"post_tag","embeddable":true,"href":"https:\/\/infoecos.com.ar\/index.php\/wp-json\/wp\/v2\/tags?post=78745"}],"curies":[{"name":"wp","href":"https:\/\/api.w.org\/{rel}","templated":true}]}}