{"id":78752,"date":"2021-05-27T00:53:15","date_gmt":"2021-05-27T03:53:15","guid":{"rendered":"http:\/\/infoecos.com.ar\/?p=78752"},"modified":"2021-05-28T01:21:23","modified_gmt":"2021-05-28T04:21:23","slug":"marcha-a-buen-ritmo-la-construccion-de-18-viviendas-por-el-plan-bonaerense-ii-en-tres-lomas","status":"publish","type":"post","link":"https:\/\/infoecos.com.ar\/index.php\/marcha-a-buen-ritmo-la-construccion-de-18-viviendas-por-el-plan-bonaerense-ii-en-tres-lomas\/","title":{"rendered":"Marcha a buen ritmo la construcci\u00f3n de 18 viviendas por el \u00abPlan Bonaerense II\u00bb en Tres Lomas"},"content":{"rendered":"\n<p class=\"wp-block-paragraph\">Se construyen a buen ritmo 18 viviendas del programa \u201cPlan Bonaerense II\u201d en la ciudad de Tres Lomas. Las obras fueron recorridas este mi\u00e9rcoles por el intendente municipal, Roberto \u00c1lvarez, acompa\u00f1ado por el secretario de Obras P\u00fablicas, Horacio Dahir. <\/p>\n\n\n\n<div class=\"wp-block-image\"><figure class=\"aligncenter size-medium\"><img loading=\"lazy\" decoding=\"async\" width=\"460\" height=\"335\" src=\"http:\/\/infoecos.com.ar\/wp-content\/uploads\/2021\/05\/Viviendas-2-1-460x335.jpg\" alt=\"\" class=\"wp-image-78754\" srcset=\"https:\/\/infoecos.com.ar\/wp-content\/uploads\/2021\/05\/Viviendas-2-1-460x335.jpg 460w, https:\/\/infoecos.com.ar\/wp-content\/uploads\/2021\/05\/Viviendas-2-1-920x669.jpg 920w, https:\/\/infoecos.com.ar\/wp-content\/uploads\/2021\/05\/Viviendas-2-1-768x559.jpg 768w, https:\/\/infoecos.com.ar\/wp-content\/uploads\/2021\/05\/Viviendas-2-1-1536x1117.jpg 1536w, https:\/\/infoecos.com.ar\/wp-content\/uploads\/2021\/05\/Viviendas-2-1-2048x1490.jpg 2048w, https:\/\/infoecos.com.ar\/wp-content\/uploads\/2021\/05\/Viviendas-2-1-1024x745.jpg 1024w\" sizes=\"auto, (max-width: 460px) 100vw, 460px\" \/><\/figure><\/div>\n\n\n\n<p class=\"wp-block-paragraph\">La construcci\u00f3n de estas unidades habitacionales se realiza por administraci\u00f3n municipal, y con mano de obra local.<\/p>\n\n\n\n<p class=\"wp-block-paragraph\">Estas viviendas se suman a las recientemente culminadas, 3 para familias j\u00f3venes, 10 que se construyen con la Caja de Polic\u00eda, 48 cuyo convenio se firmar\u00e1 recientemente con el Instituto de la Vivienda y 28 a construir con PROCREAR. Se sumar\u00e1n a las m\u00e1s de 200 ya construidas. <\/p>\n\n\n\n<div class=\"wp-block-image\"><figure class=\"aligncenter size-medium\"><img loading=\"lazy\" decoding=\"async\" width=\"460\" height=\"337\" src=\"http:\/\/infoecos.com.ar\/wp-content\/uploads\/2021\/05\/Viviendas-3-460x337.jpg\" alt=\"\" class=\"wp-image-78755\" srcset=\"https:\/\/infoecos.com.ar\/wp-content\/uploads\/2021\/05\/Viviendas-3-460x337.jpg 460w, https:\/\/infoecos.com.ar\/wp-content\/uploads\/2021\/05\/Viviendas-3-920x673.jpg 920w, https:\/\/infoecos.com.ar\/wp-content\/uploads\/2021\/05\/Viviendas-3-768x562.jpg 768w, https:\/\/infoecos.com.ar\/wp-content\/uploads\/2021\/05\/Viviendas-3-1536x1124.jpg 1536w, https:\/\/infoecos.com.ar\/wp-content\/uploads\/2021\/05\/Viviendas-3-2048x1499.jpg 2048w, https:\/\/infoecos.com.ar\/wp-content\/uploads\/2021\/05\/Viviendas-3-1024x750.jpg 1024w\" sizes=\"auto, (max-width: 460px) 100vw, 460px\" \/><\/figure><\/div>\n","protected":false},"excerpt":{"rendered":"<p>Las obras fueron recorridas este mi\u00e9rcoles por el intendente municipal, Roberto \u00c1lvarez, acompa\u00f1ado por el secretario de Obras P\u00fablicas, Horacio Dahir<\/p>\n","protected":false},"author":2,"featured_media":78754,"comment_status":"closed","ping_status":"open","sticky":false,"template":"","format":"standard","meta":{"footnotes":""},"categories":[1325],"tags":[3768],"class_list":["post-78752","post","type-post","status-publish","format-standard","has-post-thumbnail","hentry","category-c1nota6","tag-por-administracion-municipal"],"featured_image_urls":{"full":["https:\/\/infoecos.com.ar\/wp-content\/uploads\/2021\/05\/Viviendas-2-1-scaled.jpg",2560,1862,false],"thumbnail":["https:\/\/infoecos.com.ar\/wp-content\/uploads\/2021\/05\/Viviendas-2-1-150x150.jpg",150,150,true],"medium":["https:\/\/infoecos.com.ar\/wp-content\/uploads\/2021\/05\/Viviendas-2-1-460x335.jpg",460,335,true],"medium_large":["https:\/\/infoecos.com.ar\/wp-content\/uploads\/2021\/05\/Viviendas-2-1-768x559.jpg",640,466,true],"large":["https:\/\/infoecos.com.ar\/wp-content\/uploads\/2021\/05\/Viviendas-2-1-920x669.jpg",640,465,true],"1536x1536":["https:\/\/infoecos.com.ar\/wp-content\/uploads\/2021\/05\/Viviendas-2-1-1536x1117.jpg",1536,1117,true],"2048x2048":["https:\/\/infoecos.com.ar\/wp-content\/uploads\/2021\/05\/Viviendas-2-1-2048x1490.jpg",2048,1490,true],"covernews-slider-full":["https:\/\/infoecos.com.ar\/wp-content\/uploads\/2021\/05\/Viviendas-2-1-1536x1020.jpg",1077,715,true],"covernews-slider-center":["https:\/\/infoecos.com.ar\/wp-content\/uploads\/2021\/05\/Viviendas-2-1-936x897.jpg",522,500,true],"covernews-featured":["https:\/\/infoecos.com.ar\/wp-content\/uploads\/2021\/05\/Viviendas-2-1-1024x745.jpg",1024,745,true],"covernews-medium":["https:\/\/infoecos.com.ar\/wp-content\/uploads\/2021\/05\/Viviendas-2-1-720x380.jpg",540,285,true],"covernews-medium-square":["https:\/\/infoecos.com.ar\/wp-content\/uploads\/2021\/05\/Viviendas-2-1-675x450.jpg",375,250,true]},"author_info":{"info":["Jorge Matheus"]},"category_info":"<a href=\"https:\/\/infoecos.com.ar\/index.php\/category\/c1nota6\/\" rel=\"category tag\">C1 nota 6<\/a>","tag_info":"C1 nota 6","comment_count":"0","_links":{"self":[{"href":"https:\/\/infoecos.com.ar\/index.php\/wp-json\/wp\/v2\/posts\/78752","targetHints":{"allow":["GET"]}}],"collection":[{"href":"https:\/\/infoecos.com.ar\/index.php\/wp-json\/wp\/v2\/posts"}],"about":[{"href":"https:\/\/infoecos.com.ar\/index.php\/wp-json\/wp\/v2\/types\/post"}],"author":[{"embeddable":true,"href":"https:\/\/infoecos.com.ar\/index.php\/wp-json\/wp\/v2\/users\/2"}],"replies":[{"embeddable":true,"href":"https:\/\/infoecos.com.ar\/index.php\/wp-json\/wp\/v2\/comments?post=78752"}],"version-history":[{"count":1,"href":"https:\/\/infoecos.com.ar\/index.php\/wp-json\/wp\/v2\/posts\/78752\/revisions"}],"predecessor-version":[{"id":78756,"href":"https:\/\/infoecos.com.ar\/index.php\/wp-json\/wp\/v2\/posts\/78752\/revisions\/78756"}],"wp:featuredmedia":[{"embeddable":true,"href":"https:\/\/infoecos.com.ar\/index.php\/wp-json\/wp\/v2\/media\/78754"}],"wp:attachment":[{"href":"https:\/\/infoecos.com.ar\/index.php\/wp-json\/wp\/v2\/media?parent=78752"}],"wp:term":[{"taxonomy":"category","embeddable":true,"href":"https:\/\/infoecos.com.ar\/index.php\/wp-json\/wp\/v2\/categories?post=78752"},{"taxonomy":"post_tag","embeddable":true,"href":"https:\/\/infoecos.com.ar\/index.php\/wp-json\/wp\/v2\/tags?post=78752"}],"curies":[{"name":"wp","href":"https:\/\/api.w.org\/{rel}","templated":true}]}}