{"id":78759,"date":"2021-05-27T01:03:53","date_gmt":"2021-05-27T04:03:53","guid":{"rendered":"http:\/\/infoecos.com.ar\/?p=78759"},"modified":"2021-05-27T23:58:16","modified_gmt":"2021-05-28T02:58:16","slug":"el-gobierno-acordo-un-aumento-del-35-en-seis-tramos-para-los-empleados-estatales-nacionales","status":"publish","type":"post","link":"https:\/\/infoecos.com.ar\/index.php\/el-gobierno-acordo-un-aumento-del-35-en-seis-tramos-para-los-empleados-estatales-nacionales\/","title":{"rendered":"El Gobierno acord\u00f3 un aumento del 35% en seis tramos para los empleados estatales nacionales"},"content":{"rendered":"\n<p class=\"wp-block-paragraph\">El Gobierno nacional acord\u00f3 un aumento del 35% distribuido en seis tramos para la paritaria 2021-2022 en el marco del convenio colectivo de trabajo para el empleo p\u00fablico nacional, con los sindicatos Uni\u00f3n Personal Civil de la Naci\u00f3n (UPCN) y la Asociaci\u00f3n de Trabajadores del Estado (ATE).<\/p>\n\n\n\n<div class=\"wp-block-image\"><figure class=\"aligncenter size-medium\"><img loading=\"lazy\" decoding=\"async\" width=\"460\" height=\"259\" src=\"http:\/\/infoecos.com.ar\/wp-content\/uploads\/2021\/05\/acuerdoestatales-460x259.jpg\" alt=\"\" class=\"wp-image-78760\" srcset=\"https:\/\/infoecos.com.ar\/wp-content\/uploads\/2021\/05\/acuerdoestatales-460x259.jpg 460w, https:\/\/infoecos.com.ar\/wp-content\/uploads\/2021\/05\/acuerdoestatales-920x518.jpg 920w, https:\/\/infoecos.com.ar\/wp-content\/uploads\/2021\/05\/acuerdoestatales-768x432.jpg 768w, https:\/\/infoecos.com.ar\/wp-content\/uploads\/2021\/05\/acuerdoestatales.jpg 1004w\" sizes=\"auto, (max-width: 460px) 100vw, 460px\" \/><\/figure><\/div>\n\n\n\n<p class=\"wp-block-paragraph\">Seg\u00fan se inform\u00f3 oficialmente, la Secretar\u00eda de Gesti\u00f3n y Empleo P\u00fablico de la Jefatura de Gabinete de Ministros acord\u00f3 con ambos gremios, UPCN y ATE, el aumento de un 35 por ciento para el per\u00edodo paritario junio 202-mayo 2022, de los cuales el 24% se dar\u00e1 dentro de este a\u00f1o mientras que el restante 11% se sumar\u00e1 en enero y febrero.<\/p>\n\n\n\n<p class=\"wp-block-paragraph\">El convenio se rubric\u00f3 con la presencia del Ministro de Trabajo, Claudio Moroni; la secretaria de Gesti\u00f3n y Empleo P\u00fablico, Ana Castellani, y los representantes de ambos sindicatos: Felipe Carrillo por UPCN y Hugo Godoy por ATE.<\/p>\n\n\n\n<p class=\"wp-block-paragraph\">De acuerdo con lo establecido, los tramos del aumento salarial para la administraci\u00f3n p\u00fablica nacional se distribuir\u00e1n de la siguiente manera: 10% en junio, 5% en agosto, 5% en septiembre, 4% en diciembre, 6% en enero y 5% en febrero.<\/p>\n\n\n\n<p class=\"wp-block-paragraph\">Adem\u00e1s, se incrementaron los reintegros por guarder\u00eda y se ampli\u00f3 el universo de trabajadoras y trabajadores que pueden cobrarlos.<\/p>\n","protected":false},"excerpt":{"rendered":"<p>Adem\u00e1s, se incrementaron los reintegros por guarder\u00eda y se ampli\u00f3 el universo de trabajadoras y trabajadores que pueden cobrarlos<\/p>\n","protected":false},"author":2,"featured_media":78760,"comment_status":"closed","ping_status":"open","sticky":false,"template":"","format":"standard","meta":{"footnotes":""},"categories":[1643],"tags":[3770],"class_list":["post-78759","post","type-post","status-publish","format-standard","has-post-thumbnail","hentry","category-inferior16","tag-en-porcentuales-hasta-febrero"],"featured_image_urls":{"full":["https:\/\/infoecos.com.ar\/wp-content\/uploads\/2021\/05\/acuerdoestatales.jpg",1004,565,false],"thumbnail":["https:\/\/infoecos.com.ar\/wp-content\/uploads\/2021\/05\/acuerdoestatales-150x150.jpg",150,150,true],"medium":["https:\/\/infoecos.com.ar\/wp-content\/uploads\/2021\/05\/acuerdoestatales-460x259.jpg",460,259,true],"medium_large":["https:\/\/infoecos.com.ar\/wp-content\/uploads\/2021\/05\/acuerdoestatales-768x432.jpg",640,360,true],"large":["https:\/\/infoecos.com.ar\/wp-content\/uploads\/2021\/05\/acuerdoestatales-920x518.jpg",640,360,true],"1536x1536":["https:\/\/infoecos.com.ar\/wp-content\/uploads\/2021\/05\/acuerdoestatales.jpg",1004,565,false],"2048x2048":["https:\/\/infoecos.com.ar\/wp-content\/uploads\/2021\/05\/acuerdoestatales.jpg",1004,565,false],"covernews-slider-full":["https:\/\/infoecos.com.ar\/wp-content\/uploads\/2021\/05\/acuerdoestatales.jpg",1004,565,false],"covernews-slider-center":["https:\/\/infoecos.com.ar\/wp-content\/uploads\/2021\/05\/acuerdoestatales-936x565.jpg",800,483,true],"covernews-featured":["https:\/\/infoecos.com.ar\/wp-content\/uploads\/2021\/05\/acuerdoestatales.jpg",1004,565,false],"covernews-medium":["https:\/\/infoecos.com.ar\/wp-content\/uploads\/2021\/05\/acuerdoestatales-720x380.jpg",540,285,true],"covernews-medium-square":["https:\/\/infoecos.com.ar\/wp-content\/uploads\/2021\/05\/acuerdoestatales-675x450.jpg",375,250,true]},"author_info":{"info":["Jorge Matheus"]},"category_info":"<a href=\"https:\/\/infoecos.com.ar\/index.php\/category\/inferior16\/\" rel=\"category tag\">Bloque inferior - 16<\/a>","tag_info":"Bloque inferior - 16","comment_count":"0","_links":{"self":[{"href":"https:\/\/infoecos.com.ar\/index.php\/wp-json\/wp\/v2\/posts\/78759","targetHints":{"allow":["GET"]}}],"collection":[{"href":"https:\/\/infoecos.com.ar\/index.php\/wp-json\/wp\/v2\/posts"}],"about":[{"href":"https:\/\/infoecos.com.ar\/index.php\/wp-json\/wp\/v2\/types\/post"}],"author":[{"embeddable":true,"href":"https:\/\/infoecos.com.ar\/index.php\/wp-json\/wp\/v2\/users\/2"}],"replies":[{"embeddable":true,"href":"https:\/\/infoecos.com.ar\/index.php\/wp-json\/wp\/v2\/comments?post=78759"}],"version-history":[{"count":1,"href":"https:\/\/infoecos.com.ar\/index.php\/wp-json\/wp\/v2\/posts\/78759\/revisions"}],"predecessor-version":[{"id":78761,"href":"https:\/\/infoecos.com.ar\/index.php\/wp-json\/wp\/v2\/posts\/78759\/revisions\/78761"}],"wp:featuredmedia":[{"embeddable":true,"href":"https:\/\/infoecos.com.ar\/index.php\/wp-json\/wp\/v2\/media\/78760"}],"wp:attachment":[{"href":"https:\/\/infoecos.com.ar\/index.php\/wp-json\/wp\/v2\/media?parent=78759"}],"wp:term":[{"taxonomy":"category","embeddable":true,"href":"https:\/\/infoecos.com.ar\/index.php\/wp-json\/wp\/v2\/categories?post=78759"},{"taxonomy":"post_tag","embeddable":true,"href":"https:\/\/infoecos.com.ar\/index.php\/wp-json\/wp\/v2\/tags?post=78759"}],"curies":[{"name":"wp","href":"https:\/\/api.w.org\/{rel}","templated":true}]}}