{"id":78768,"date":"2021-05-27T01:25:05","date_gmt":"2021-05-27T04:25:05","guid":{"rendered":"http:\/\/infoecos.com.ar\/?p=78768"},"modified":"2021-05-27T01:31:30","modified_gmt":"2021-05-27T04:31:30","slug":"el-frente-de-todos-bonaerense-apela-a-la-plataforma-change-org-para-lograr-se-aprueba-el-proyecto-de-zonas-frias","status":"publish","type":"post","link":"https:\/\/infoecos.com.ar\/index.php\/el-frente-de-todos-bonaerense-apela-a-la-plataforma-change-org-para-lograr-se-aprueba-el-proyecto-de-zonas-frias\/","title":{"rendered":"El Frente de Todos bonaerense apela a la plataforma Change.org para lograr se apruebe el proyecto de \u00abZonas Fr\u00edas\u00bb"},"content":{"rendered":"\n<p>El Frente de Todos bonaerense lanz\u00f3 una convocatoria en la plataforma Change.org, para los 54 distritos que buscan ser incluidos en el proyecto de ley que ampl\u00eda las \u201czonas fr\u00edas\u201d del pa\u00eds.<\/p>\n\n\n\n<p>La iniciativa beneficiar\u00e1 a 3 millones de familias, que pasar\u00e1n a pagar el m\u00e1s barato, como sucede en la Patagonia.<br>Legisladores nacionales y provinciales y dirigentes del Frente de Todos en general lanzaron una convocatoria de adhesiones para que el Congreso de la Naci\u00f3n apruebe el proyecto de ley que reducir\u00eda entre un 30% y 50% la tarifa de gas en unas 50 localidades bonaerenses de bajas temperaturas.<\/p>\n\n\n\n<div class=\"wp-block-image\"><figure class=\"aligncenter size-medium\"><img decoding=\"async\" src=\"http:\/\/infoecos.com.ar\/wp-content\/uploads\/gas-1-1-460x307.jpg\" alt=\"\" class=\"wp-image-48425\"\/><figcaption>Gas <\/figcaption><\/figure><\/div>\n\n\n\n<p>Seg\u00fan los impulsores de la propuesta, la iniciativa planteada \u201cda respuesta a una demanda hist\u00f3rica\u201d y \u201crepresenta un resguardo sustancial para la econom\u00eda de millones de familias bonaerenses\u201d.<\/p>\n\n\n\n<p>Si la idea prospera, los usuarios residenciales pagar\u00edan un 70% de la factura actual y aquellos beneficiaros de asignaciones o planes sociales, un 50%.<\/p>\n\n\n\n<p>La petici\u00f3n, publicada en la plataforma Change.org, explica que en el proyecto final \u201cse contempla a aquellos que est\u00e1n conectados a la red de gas natural como a quienes utilizan garrafas\u201d. El aval puede ser rubricado de manera online a trav\u00e9s del enlace: http:\/\/chng.it\/C78kHnjTbw. A este mi\u00e9rcoles, ya se hab\u00edan anotado 24 mil personas.<\/p>\n\n\n\n<p>El proyecto de ley beneficiar\u00e1 a 3 millones de familias y prev\u00e9 la inclusi\u00f3n de 54 distritos de la Provincia de Buenos Aires.<\/p>\n","protected":false},"excerpt":{"rendered":"<p>Seg\u00fan los impulsores de la propuesta, la iniciativa planteada \u201cda respuesta a una demanda hist\u00f3rica\u201d y \u201crepresenta un resguardo sustancial para la econom\u00eda de millones de familias bonaerenses\u201d<\/p>\n","protected":false},"author":2,"featured_media":43890,"comment_status":"closed","ping_status":"open","sticky":false,"template":"","format":"standard","meta":{"footnotes":""},"categories":[1326],"tags":[594],"class_list":["post-78768","post","type-post","status-publish","format-standard","has-post-thumbnail","hentry","category-c2nota6","tag-servicios-publicos"],"yoast_head":"<!-- This site is optimized with the Yoast SEO plugin v23.4 - https:\/\/yoast.com\/wordpress\/plugins\/seo\/ -->\n<title>El Frente de Todos bonaerense apela a la plataforma Change.org para lograr se apruebe el proyecto de &quot;Zonas Fr\u00edas&quot; - Infoecos<\/title>\n<meta name=\"robots\" content=\"index, follow, max-snippet:-1, max-image-preview:large, max-video-preview:-1\" \/>\n<link rel=\"canonical\" href=\"https:\/\/infoecos.com.ar\/index.php\/el-frente-de-todos-bonaerense-apela-a-la-plataforma-change-org-para-lograr-se-aprueba-el-proyecto-de-zonas-frias\/\" \/>\n<meta property=\"og:locale\" content=\"es_ES\" \/>\n<meta property=\"og:type\" content=\"article\" \/>\n<meta property=\"og:title\" content=\"El Frente de Todos bonaerense apela a la plataforma Change.org para lograr se apruebe el proyecto de &quot;Zonas Fr\u00edas&quot; - Infoecos\" \/>\n<meta property=\"og:description\" content=\"Seg\u00fan los impulsores de la propuesta, la iniciativa planteada \u201cda respuesta a una demanda hist\u00f3rica\u201d y \u201crepresenta un resguardo sustancial para la econom\u00eda de millones de familias bonaerenses\u201d\" \/>\n<meta property=\"og:url\" content=\"https:\/\/infoecos.com.ar\/index.php\/el-frente-de-todos-bonaerense-apela-a-la-plataforma-change-org-para-lograr-se-aprueba-el-proyecto-de-zonas-frias\/\" \/>\n<meta property=\"og:site_name\" content=\"Infoecos\" \/>\n<meta property=\"article:publisher\" content=\"https:\/\/www.facebook.com\/profile.php?id=100063200290284\" \/>\n<meta property=\"article:published_time\" content=\"2021-05-27T04:25:05+00:00\" \/>\n<meta property=\"article:modified_time\" content=\"2021-05-27T04:31:30+00:00\" \/>\n<meta property=\"og:image\" content=\"https:\/\/infoecos.com.ar\/wp-content\/uploads\/1475066332_168175_1475068250_noticia_normal.jpg\" \/>\n\t<meta property=\"og:image:width\" content=\"980\" \/>\n\t<meta property=\"og:image:height\" content=\"505\" \/>\n\t<meta property=\"og:image:type\" content=\"image\/jpeg\" \/>\n<meta name=\"author\" content=\"Jorge Matheus\" \/>\n<meta name=\"twitter:card\" content=\"summary_large_image\" \/>\n<meta name=\"twitter:creator\" content=\"@infoecos\" \/>\n<meta name=\"twitter:site\" content=\"@infoecos\" \/>\n<meta name=\"twitter:label1\" content=\"Escrito por\" \/>\n\t<meta name=\"twitter:data1\" content=\"Jorge Matheus\" \/>\n\t<meta name=\"twitter:label2\" content=\"Tiempo de lectura\" \/>\n\t<meta name=\"twitter:data2\" content=\"1 minuto\" \/>\n<script type=\"application\/ld+json\" class=\"yoast-schema-graph\">{\"@context\":\"https:\/\/schema.org\",\"@graph\":[{\"@type\":\"Article\",\"@id\":\"https:\/\/infoecos.com.ar\/index.php\/el-frente-de-todos-bonaerense-apela-a-la-plataforma-change-org-para-lograr-se-aprueba-el-proyecto-de-zonas-frias\/#article\",\"isPartOf\":{\"@id\":\"https:\/\/infoecos.com.ar\/index.php\/el-frente-de-todos-bonaerense-apela-a-la-plataforma-change-org-para-lograr-se-aprueba-el-proyecto-de-zonas-frias\/\"},\"author\":{\"name\":\"Jorge Matheus\",\"@id\":\"https:\/\/infoecos.com.ar\/#\/schema\/person\/8f5ace5ce73b4b4aac4b7245aee6f191\"},\"headline\":\"El Frente de Todos bonaerense apela a la plataforma Change.org para lograr se apruebe el proyecto de \u00abZonas Fr\u00edas\u00bb\",\"datePublished\":\"2021-05-27T04:25:05+00:00\",\"dateModified\":\"2021-05-27T04:31:30+00:00\",\"mainEntityOfPage\":{\"@id\":\"https:\/\/infoecos.com.ar\/index.php\/el-frente-de-todos-bonaerense-apela-a-la-plataforma-change-org-para-lograr-se-aprueba-el-proyecto-de-zonas-frias\/\"},\"wordCount\":264,\"publisher\":{\"@id\":\"https:\/\/infoecos.com.ar\/#organization\"},\"image\":{\"@id\":\"https:\/\/infoecos.com.ar\/index.php\/el-frente-de-todos-bonaerense-apela-a-la-plataforma-change-org-para-lograr-se-aprueba-el-proyecto-de-zonas-frias\/#primaryimage\"},\"thumbnailUrl\":\"\",\"keywords\":[\"SERVICIOS P\u00daBLICOS\"],\"articleSection\":[\"C2 N6\"],\"inLanguage\":\"es\"},{\"@type\":\"WebPage\",\"@id\":\"https:\/\/infoecos.com.ar\/index.php\/el-frente-de-todos-bonaerense-apela-a-la-plataforma-change-org-para-lograr-se-aprueba-el-proyecto-de-zonas-frias\/\",\"url\":\"https:\/\/infoecos.com.ar\/index.php\/el-frente-de-todos-bonaerense-apela-a-la-plataforma-change-org-para-lograr-se-aprueba-el-proyecto-de-zonas-frias\/\",\"name\":\"El Frente de Todos bonaerense apela a la plataforma Change.org para lograr se apruebe el proyecto de \\\"Zonas Fr\u00edas\\\" - Infoecos\",\"isPartOf\":{\"@id\":\"https:\/\/infoecos.com.ar\/#website\"},\"primaryImageOfPage\":{\"@id\":\"https:\/\/infoecos.com.ar\/index.php\/el-frente-de-todos-bonaerense-apela-a-la-plataforma-change-org-para-lograr-se-aprueba-el-proyecto-de-zonas-frias\/#primaryimage\"},\"image\":{\"@id\":\"https:\/\/infoecos.com.ar\/index.php\/el-frente-de-todos-bonaerense-apela-a-la-plataforma-change-org-para-lograr-se-aprueba-el-proyecto-de-zonas-frias\/#primaryimage\"},\"thumbnailUrl\":\"\",\"datePublished\":\"2021-05-27T04:25:05+00:00\",\"dateModified\":\"2021-05-27T04:31:30+00:00\",\"breadcrumb\":{\"@id\":\"https:\/\/infoecos.com.ar\/index.php\/el-frente-de-todos-bonaerense-apela-a-la-plataforma-change-org-para-lograr-se-aprueba-el-proyecto-de-zonas-frias\/#breadcrumb\"},\"inLanguage\":\"es\",\"potentialAction\":[{\"@type\":\"ReadAction\",\"target\":[\"https:\/\/infoecos.com.ar\/index.php\/el-frente-de-todos-bonaerense-apela-a-la-plataforma-change-org-para-lograr-se-aprueba-el-proyecto-de-zonas-frias\/\"]}]},{\"@type\":\"ImageObject\",\"inLanguage\":\"es\",\"@id\":\"https:\/\/infoecos.com.ar\/index.php\/el-frente-de-todos-bonaerense-apela-a-la-plataforma-change-org-para-lograr-se-aprueba-el-proyecto-de-zonas-frias\/#primaryimage\",\"url\":\"\",\"contentUrl\":\"\"},{\"@type\":\"BreadcrumbList\",\"@id\":\"https:\/\/infoecos.com.ar\/index.php\/el-frente-de-todos-bonaerense-apela-a-la-plataforma-change-org-para-lograr-se-aprueba-el-proyecto-de-zonas-frias\/#breadcrumb\",\"itemListElement\":[{\"@type\":\"ListItem\",\"position\":1,\"name\":\"Portada\",\"item\":\"https:\/\/infoecos.com.ar\/\"},{\"@type\":\"ListItem\",\"position\":2,\"name\":\"El Frente de Todos bonaerense apela a la plataforma Change.org para lograr se apruebe el proyecto de \u00abZonas Fr\u00edas\u00bb\"}]},{\"@type\":\"WebSite\",\"@id\":\"https:\/\/infoecos.com.ar\/#website\",\"url\":\"https:\/\/infoecos.com.ar\/\",\"name\":\"Infoecos\",\"description\":\"Noticias de trenque lauquen y la zona\",\"publisher\":{\"@id\":\"https:\/\/infoecos.com.ar\/#organization\"},\"alternateName\":\"Noticias\",\"potentialAction\":[{\"@type\":\"SearchAction\",\"target\":{\"@type\":\"EntryPoint\",\"urlTemplate\":\"https:\/\/infoecos.com.ar\/?s={search_term_string}\"},\"query-input\":{\"@type\":\"PropertyValueSpecification\",\"valueRequired\":true,\"valueName\":\"search_term_string\"}}],\"inLanguage\":\"es\"},{\"@type\":\"Organization\",\"@id\":\"https:\/\/infoecos.com.ar\/#organization\",\"name\":\"Infoecos\",\"alternateName\":\"Noticias\",\"url\":\"https:\/\/infoecos.com.ar\/\",\"logo\":{\"@type\":\"ImageObject\",\"inLanguage\":\"es\",\"@id\":\"https:\/\/infoecos.com.ar\/#\/schema\/logo\/image\/\",\"url\":\"https:\/\/infoecos.com.ar\/wp-content\/uploads\/2024\/03\/cropped-logo.png\",\"contentUrl\":\"https:\/\/infoecos.com.ar\/wp-content\/uploads\/2024\/03\/cropped-logo.png\",\"width\":374,\"height\":90,\"caption\":\"Infoecos\"},\"image\":{\"@id\":\"https:\/\/infoecos.com.ar\/#\/schema\/logo\/image\/\"},\"sameAs\":[\"https:\/\/www.facebook.com\/profile.php?id=100063200290284\",\"https:\/\/x.com\/infoecos\"]},{\"@type\":\"Person\",\"@id\":\"https:\/\/infoecos.com.ar\/#\/schema\/person\/8f5ace5ce73b4b4aac4b7245aee6f191\",\"name\":\"Jorge Matheus\",\"url\":\"https:\/\/infoecos.com.ar\/index.php\/author\/jomatheus\/\"}]}<\/script>\n<!-- \/ Yoast SEO plugin. -->","yoast_head_json":{"title":"El Frente de Todos bonaerense apela a la plataforma Change.org para lograr se apruebe el proyecto de \"Zonas Fr\u00edas\" - Infoecos","robots":{"index":"index","follow":"follow","max-snippet":"max-snippet:-1","max-image-preview":"max-image-preview:large","max-video-preview":"max-video-preview:-1"},"canonical":"https:\/\/infoecos.com.ar\/index.php\/el-frente-de-todos-bonaerense-apela-a-la-plataforma-change-org-para-lograr-se-aprueba-el-proyecto-de-zonas-frias\/","og_locale":"es_ES","og_type":"article","og_title":"El Frente de Todos bonaerense apela a la plataforma Change.org para lograr se apruebe el proyecto de \"Zonas Fr\u00edas\" - Infoecos","og_description":"Seg\u00fan los impulsores de la propuesta, la iniciativa planteada \u201cda respuesta a una demanda hist\u00f3rica\u201d y \u201crepresenta un resguardo sustancial para la econom\u00eda de millones de familias bonaerenses\u201d","og_url":"https:\/\/infoecos.com.ar\/index.php\/el-frente-de-todos-bonaerense-apela-a-la-plataforma-change-org-para-lograr-se-aprueba-el-proyecto-de-zonas-frias\/","og_site_name":"Infoecos","article_publisher":"https:\/\/www.facebook.com\/profile.php?id=100063200290284","article_published_time":"2021-05-27T04:25:05+00:00","article_modified_time":"2021-05-27T04:31:30+00:00","og_image":[{"width":980,"height":505,"url":"https:\/\/infoecos.com.ar\/wp-content\/uploads\/1475066332_168175_1475068250_noticia_normal.jpg","type":"image\/jpeg"}],"author":"Jorge Matheus","twitter_card":"summary_large_image","twitter_creator":"@infoecos","twitter_site":"@infoecos","twitter_misc":{"Escrito por":"Jorge Matheus","Tiempo de lectura":"1 minuto"},"schema":{"@context":"https:\/\/schema.org","@graph":[{"@type":"Article","@id":"https:\/\/infoecos.com.ar\/index.php\/el-frente-de-todos-bonaerense-apela-a-la-plataforma-change-org-para-lograr-se-aprueba-el-proyecto-de-zonas-frias\/#article","isPartOf":{"@id":"https:\/\/infoecos.com.ar\/index.php\/el-frente-de-todos-bonaerense-apela-a-la-plataforma-change-org-para-lograr-se-aprueba-el-proyecto-de-zonas-frias\/"},"author":{"name":"Jorge Matheus","@id":"https:\/\/infoecos.com.ar\/#\/schema\/person\/8f5ace5ce73b4b4aac4b7245aee6f191"},"headline":"El Frente de Todos bonaerense apela a la plataforma Change.org para lograr se apruebe el proyecto de \u00abZonas Fr\u00edas\u00bb","datePublished":"2021-05-27T04:25:05+00:00","dateModified":"2021-05-27T04:31:30+00:00","mainEntityOfPage":{"@id":"https:\/\/infoecos.com.ar\/index.php\/el-frente-de-todos-bonaerense-apela-a-la-plataforma-change-org-para-lograr-se-aprueba-el-proyecto-de-zonas-frias\/"},"wordCount":264,"publisher":{"@id":"https:\/\/infoecos.com.ar\/#organization"},"image":{"@id":"https:\/\/infoecos.com.ar\/index.php\/el-frente-de-todos-bonaerense-apela-a-la-plataforma-change-org-para-lograr-se-aprueba-el-proyecto-de-zonas-frias\/#primaryimage"},"thumbnailUrl":"","keywords":["SERVICIOS P\u00daBLICOS"],"articleSection":["C2 N6"],"inLanguage":"es"},{"@type":"WebPage","@id":"https:\/\/infoecos.com.ar\/index.php\/el-frente-de-todos-bonaerense-apela-a-la-plataforma-change-org-para-lograr-se-aprueba-el-proyecto-de-zonas-frias\/","url":"https:\/\/infoecos.com.ar\/index.php\/el-frente-de-todos-bonaerense-apela-a-la-plataforma-change-org-para-lograr-se-aprueba-el-proyecto-de-zonas-frias\/","name":"El Frente de Todos bonaerense apela a la plataforma Change.org para lograr se apruebe el proyecto de \"Zonas Fr\u00edas\" - Infoecos","isPartOf":{"@id":"https:\/\/infoecos.com.ar\/#website"},"primaryImageOfPage":{"@id":"https:\/\/infoecos.com.ar\/index.php\/el-frente-de-todos-bonaerense-apela-a-la-plataforma-change-org-para-lograr-se-aprueba-el-proyecto-de-zonas-frias\/#primaryimage"},"image":{"@id":"https:\/\/infoecos.com.ar\/index.php\/el-frente-de-todos-bonaerense-apela-a-la-plataforma-change-org-para-lograr-se-aprueba-el-proyecto-de-zonas-frias\/#primaryimage"},"thumbnailUrl":"","datePublished":"2021-05-27T04:25:05+00:00","dateModified":"2021-05-27T04:31:30+00:00","breadcrumb":{"@id":"https:\/\/infoecos.com.ar\/index.php\/el-frente-de-todos-bonaerense-apela-a-la-plataforma-change-org-para-lograr-se-aprueba-el-proyecto-de-zonas-frias\/#breadcrumb"},"inLanguage":"es","potentialAction":[{"@type":"ReadAction","target":["https:\/\/infoecos.com.ar\/index.php\/el-frente-de-todos-bonaerense-apela-a-la-plataforma-change-org-para-lograr-se-aprueba-el-proyecto-de-zonas-frias\/"]}]},{"@type":"ImageObject","inLanguage":"es","@id":"https:\/\/infoecos.com.ar\/index.php\/el-frente-de-todos-bonaerense-apela-a-la-plataforma-change-org-para-lograr-se-aprueba-el-proyecto-de-zonas-frias\/#primaryimage","url":"","contentUrl":""},{"@type":"BreadcrumbList","@id":"https:\/\/infoecos.com.ar\/index.php\/el-frente-de-todos-bonaerense-apela-a-la-plataforma-change-org-para-lograr-se-aprueba-el-proyecto-de-zonas-frias\/#breadcrumb","itemListElement":[{"@type":"ListItem","position":1,"name":"Portada","item":"https:\/\/infoecos.com.ar\/"},{"@type":"ListItem","position":2,"name":"El Frente de Todos bonaerense apela a la plataforma Change.org para lograr se apruebe el proyecto de \u00abZonas Fr\u00edas\u00bb"}]},{"@type":"WebSite","@id":"https:\/\/infoecos.com.ar\/#website","url":"https:\/\/infoecos.com.ar\/","name":"Infoecos","description":"Noticias de trenque lauquen y la zona","publisher":{"@id":"https:\/\/infoecos.com.ar\/#organization"},"alternateName":"Noticias","potentialAction":[{"@type":"SearchAction","target":{"@type":"EntryPoint","urlTemplate":"https:\/\/infoecos.com.ar\/?s={search_term_string}"},"query-input":{"@type":"PropertyValueSpecification","valueRequired":true,"valueName":"search_term_string"}}],"inLanguage":"es"},{"@type":"Organization","@id":"https:\/\/infoecos.com.ar\/#organization","name":"Infoecos","alternateName":"Noticias","url":"https:\/\/infoecos.com.ar\/","logo":{"@type":"ImageObject","inLanguage":"es","@id":"https:\/\/infoecos.com.ar\/#\/schema\/logo\/image\/","url":"https:\/\/infoecos.com.ar\/wp-content\/uploads\/2024\/03\/cropped-logo.png","contentUrl":"https:\/\/infoecos.com.ar\/wp-content\/uploads\/2024\/03\/cropped-logo.png","width":374,"height":90,"caption":"Infoecos"},"image":{"@id":"https:\/\/infoecos.com.ar\/#\/schema\/logo\/image\/"},"sameAs":["https:\/\/www.facebook.com\/profile.php?id=100063200290284","https:\/\/x.com\/infoecos"]},{"@type":"Person","@id":"https:\/\/infoecos.com.ar\/#\/schema\/person\/8f5ace5ce73b4b4aac4b7245aee6f191","name":"Jorge Matheus","url":"https:\/\/infoecos.com.ar\/index.php\/author\/jomatheus\/"}]}},"featured_image_urls":{"full":"","thumbnail":"","medium":"","medium_large":"","large":"","1536x1536":"","2048x2048":"","covernews-slider-full":"","covernews-slider-center":"","covernews-featured":"","covernews-medium":"","covernews-medium-square":""},"author_info":{"info":["Jorge Matheus"]},"category_info":"<a href=\"https:\/\/infoecos.com.ar\/index.php\/category\/c2nota6\/\" rel=\"category tag\">C2 N6<\/a>","tag_info":"C2 N6","comment_count":"0","_links":{"self":[{"href":"https:\/\/infoecos.com.ar\/index.php\/wp-json\/wp\/v2\/posts\/78768"}],"collection":[{"href":"https:\/\/infoecos.com.ar\/index.php\/wp-json\/wp\/v2\/posts"}],"about":[{"href":"https:\/\/infoecos.com.ar\/index.php\/wp-json\/wp\/v2\/types\/post"}],"author":[{"embeddable":true,"href":"https:\/\/infoecos.com.ar\/index.php\/wp-json\/wp\/v2\/users\/2"}],"replies":[{"embeddable":true,"href":"https:\/\/infoecos.com.ar\/index.php\/wp-json\/wp\/v2\/comments?post=78768"}],"version-history":[{"count":2,"href":"https:\/\/infoecos.com.ar\/index.php\/wp-json\/wp\/v2\/posts\/78768\/revisions"}],"predecessor-version":[{"id":78771,"href":"https:\/\/infoecos.com.ar\/index.php\/wp-json\/wp\/v2\/posts\/78768\/revisions\/78771"}],"wp:featuredmedia":[{"embeddable":true,"href":"https:\/\/infoecos.com.ar\/index.php\/wp-json\/"}],"wp:attachment":[{"href":"https:\/\/infoecos.com.ar\/index.php\/wp-json\/wp\/v2\/media?parent=78768"}],"wp:term":[{"taxonomy":"category","embeddable":true,"href":"https:\/\/infoecos.com.ar\/index.php\/wp-json\/wp\/v2\/categories?post=78768"},{"taxonomy":"post_tag","embeddable":true,"href":"https:\/\/infoecos.com.ar\/index.php\/wp-json\/wp\/v2\/tags?post=78768"}],"curies":[{"name":"wp","href":"https:\/\/api.w.org\/{rel}","templated":true}]}}