{"id":78786,"date":"2021-05-27T16:31:45","date_gmt":"2021-05-27T19:31:45","guid":{"rendered":"http:\/\/infoecos.com.ar\/?p=78786"},"modified":"2021-05-27T16:31:52","modified_gmt":"2021-05-27T19:31:52","slug":"girodias-cumple-este-viernes-sus-110-anos-y-lo-celebra-en-forma-virtual","status":"publish","type":"post","link":"https:\/\/infoecos.com.ar\/index.php\/girodias-cumple-este-viernes-sus-110-anos-y-lo-celebra-en-forma-virtual\/","title":{"rendered":"Girod\u00edas cumple este viernes sus 110 a\u00f1os y lo celebra en forma virtual"},"content":{"rendered":"\n<p class=\"wp-block-paragraph\">La localidad de Girod\u00edas celebrar\u00e1 este viernes su 110\u00b0 aniversario a trav\u00e9s de la modalidad virtual debido a la situaci\u00f3n sanitaria provocada por la pandemia de Covid-19 y las nuevas restricciones establecidas.<\/p>\n\n\n\n<p class=\"wp-block-paragraph\">Por segundo a\u00f1o consecutivo, la comunidad no podr\u00e1 festejar con la realizaci\u00f3n de las actividades tradicionales que la Municipalidad, vecinos e instituciones acostumbran a preparar para esta fecha.<\/p>\n\n\n\n<div class=\"wp-block-image\"><figure class=\"aligncenter size-medium\"><img loading=\"lazy\" decoding=\"async\" width=\"460\" height=\"345\" src=\"http:\/\/infoecos.com.ar\/wp-content\/uploads\/2021\/05\/Girodias-460x345.jpg\" alt=\"\" class=\"wp-image-78787\" srcset=\"https:\/\/infoecos.com.ar\/wp-content\/uploads\/2021\/05\/Girodias-460x345.jpg 460w, https:\/\/infoecos.com.ar\/wp-content\/uploads\/2021\/05\/Girodias-920x690.jpg 920w, https:\/\/infoecos.com.ar\/wp-content\/uploads\/2021\/05\/Girodias-768x576.jpg 768w, https:\/\/infoecos.com.ar\/wp-content\/uploads\/2021\/05\/Girodias-1024x768.jpg 1024w, https:\/\/infoecos.com.ar\/wp-content\/uploads\/2021\/05\/Girodias.jpg 1032w\" sizes=\"auto, (max-width: 460px) 100vw, 460px\" \/><\/figure><\/div>\n\n\n\n<p class=\"wp-block-paragraph\">No obstante, los vecinos y la Sub Delegaci\u00f3n tienen varios proyectos en marcha, entre ellos el de&nbsp; \u201cTurismo Rural\u201d en el que trabajan junto al grupo Crecer.<\/p>\n\n\n\n<p class=\"wp-block-paragraph\">\u201cSon 110 a\u00f1os, y lamentablemente no lo vamos a poder festejar como est\u00e1bamos acostumbrados, desde muy temprano con los vecinos, autoridades y las visitas, era un gran movimiento y eso se extra\u00f1a much\u00edsimo\u201d, coment\u00f3 la delegada de Girod\u00edas, Mirta Folco, para agregar que \u201csi bien no podremos juntarnos, siempre hay distintas formas de festejar\u201d.<\/p>\n\n\n\n<p class=\"wp-block-paragraph\">En este marco Folco destac\u00f3 la posibilidad que brinda la virtualidad porque \u201cva a permitir que nos vea mucha gente, as\u00ed que bien temprano, junto a los tres empleados municipales de la Delegaci\u00f3n, vamos a izar la bandera nacional\u201d.<\/p>\n\n\n\n<p class=\"wp-block-paragraph\">Asimismo, dijo que a pesar del contexto \u201cnosotros seguimos trabajando, no queremos aflojar y tenemos muchos proyectos\u201d, y en este sentido adelant\u00f3 que \u201cestamos trabajando con el grupo Crecer para hacer turismo rural en los distintos pueblos, entre ellos Girod\u00edas, porque hay gente que viene de afuera a la que le gusta mucho el sector rural\u201d.<\/p>\n\n\n\n<p class=\"wp-block-paragraph\">Acerca del proyecto, Folco adelant\u00f3 que \u201chemos hecho un circuito interesante y ahora estamos acomodando todo, como la capilla, vamos a poner ceibos en la rambla, a pintar los edificios y estamos haciendo carteler\u00eda para colocar en todas las casas viejas, todo donado por la gente a trav\u00e9s del grupo Crecer\u201d.<\/p>\n\n\n\n<p class=\"wp-block-paragraph\">Al respecto se\u00f1al\u00f3 que \u201cellos ven cosas que nosotros no nos d\u00e1bamos cuenta que ten\u00edamos, porque uno se acostumbra a verlas y no les da la importancia que tienen\u201d.<\/p>\n\n\n\n<p class=\"wp-block-paragraph\">\u201cEstamos arreglando la cantina del club con fondos provenientes del programa de Reactivaci\u00f3n de la Cultura y el Turismo y con apoyo del Municipio, tambi\u00e9n se va a pintar la salita y estamos trabajando en armado de un Museo, entre otras actividades\u201d, coment\u00f3 Folco<\/p>\n\n\n\n<div class=\"wp-block-image\"><figure class=\"aligncenter size-medium\"><img loading=\"lazy\" decoding=\"async\" width=\"460\" height=\"409\" src=\"http:\/\/infoecos.com.ar\/wp-content\/uploads\/2021\/05\/Girodias-1-460x409.jpg\" alt=\"\" class=\"wp-image-78788\" srcset=\"https:\/\/infoecos.com.ar\/wp-content\/uploads\/2021\/05\/Girodias-1-460x409.jpg 460w, https:\/\/infoecos.com.ar\/wp-content\/uploads\/2021\/05\/Girodias-1-768x683.jpg 768w, https:\/\/infoecos.com.ar\/wp-content\/uploads\/2021\/05\/Girodias-1.jpg 778w\" sizes=\"auto, (max-width: 460px) 100vw, 460px\" \/><\/figure><\/div>\n\n\n\n<p class=\"wp-block-paragraph\">Adem\u00e1s, dijo que \u201cla Escuela Municipal, que cumple 46 a\u00f1os el 1\u00b0 de junio, prepar\u00f3 un libro \u201cUn Momento, un Recuerdo\u201d que tendr\u00e1 an\u00e9cdotas, relatos e historias de la localidad y los vecinos podr\u00e1n acercarse durante el transcurso del a\u00f1o para volcar en el mismo sus testimonios y as\u00ed evitar que se pierdan\u201d.<\/p>\n","protected":false},"excerpt":{"rendered":"<p>\u201cSon 110 a\u00f1os, y lamentablemente no lo vamos a poder festejar como est\u00e1bamos acostumbrados, desde muy temprano con los vecinos, autoridades y las visitas, era un gran movimiento y eso se extra\u00f1a much\u00edsimo\u201d, coment\u00f3 la delegada de Girod\u00edas, Mirta Folco, para agregar que \u201csi bien no podremos juntarnos, siempre hay distintas formas de festejar\u201d<\/p>\n","protected":false},"author":2,"featured_media":78787,"comment_status":"closed","ping_status":"open","sticky":false,"template":"","format":"standard","meta":{"footnotes":""},"categories":[1613],"tags":[3686],"class_list":["post-78786","post","type-post","status-publish","format-standard","has-post-thumbnail","hentry","category-noticia-secundaria","tag-por-las-restricciones-vigentes"],"featured_image_urls":{"full":["https:\/\/infoecos.com.ar\/wp-content\/uploads\/2021\/05\/Girodias.jpg",1032,774,false],"thumbnail":["https:\/\/infoecos.com.ar\/wp-content\/uploads\/2021\/05\/Girodias-150x150.jpg",150,150,true],"medium":["https:\/\/infoecos.com.ar\/wp-content\/uploads\/2021\/05\/Girodias-460x345.jpg",460,345,true],"medium_large":["https:\/\/infoecos.com.ar\/wp-content\/uploads\/2021\/05\/Girodias-768x576.jpg",640,480,true],"large":["https:\/\/infoecos.com.ar\/wp-content\/uploads\/2021\/05\/Girodias-920x690.jpg",640,480,true],"1536x1536":["https:\/\/infoecos.com.ar\/wp-content\/uploads\/2021\/05\/Girodias.jpg",1032,774,false],"2048x2048":["https:\/\/infoecos.com.ar\/wp-content\/uploads\/2021\/05\/Girodias.jpg",1032,774,false],"covernews-slider-full":["https:\/\/infoecos.com.ar\/wp-content\/uploads\/2021\/05\/Girodias.jpg",953,715,false],"covernews-slider-center":["https:\/\/infoecos.com.ar\/wp-content\/uploads\/2021\/05\/Girodias-936x774.jpg",605,500,true],"covernews-featured":["https:\/\/infoecos.com.ar\/wp-content\/uploads\/2021\/05\/Girodias-1024x768.jpg",1024,768,true],"covernews-medium":["https:\/\/infoecos.com.ar\/wp-content\/uploads\/2021\/05\/Girodias-720x380.jpg",540,285,true],"covernews-medium-square":["https:\/\/infoecos.com.ar\/wp-content\/uploads\/2021\/05\/Girodias-675x450.jpg",375,250,true]},"author_info":{"info":["Jorge Matheus"]},"category_info":"<a href=\"https:\/\/infoecos.com.ar\/index.php\/category\/noticia-secundaria\/\" rel=\"category tag\">Noticia Secundaria<\/a>","tag_info":"Noticia Secundaria","comment_count":"0","_links":{"self":[{"href":"https:\/\/infoecos.com.ar\/index.php\/wp-json\/wp\/v2\/posts\/78786","targetHints":{"allow":["GET"]}}],"collection":[{"href":"https:\/\/infoecos.com.ar\/index.php\/wp-json\/wp\/v2\/posts"}],"about":[{"href":"https:\/\/infoecos.com.ar\/index.php\/wp-json\/wp\/v2\/types\/post"}],"author":[{"embeddable":true,"href":"https:\/\/infoecos.com.ar\/index.php\/wp-json\/wp\/v2\/users\/2"}],"replies":[{"embeddable":true,"href":"https:\/\/infoecos.com.ar\/index.php\/wp-json\/wp\/v2\/comments?post=78786"}],"version-history":[{"count":1,"href":"https:\/\/infoecos.com.ar\/index.php\/wp-json\/wp\/v2\/posts\/78786\/revisions"}],"predecessor-version":[{"id":78789,"href":"https:\/\/infoecos.com.ar\/index.php\/wp-json\/wp\/v2\/posts\/78786\/revisions\/78789"}],"wp:featuredmedia":[{"embeddable":true,"href":"https:\/\/infoecos.com.ar\/index.php\/wp-json\/wp\/v2\/media\/78787"}],"wp:attachment":[{"href":"https:\/\/infoecos.com.ar\/index.php\/wp-json\/wp\/v2\/media?parent=78786"}],"wp:term":[{"taxonomy":"category","embeddable":true,"href":"https:\/\/infoecos.com.ar\/index.php\/wp-json\/wp\/v2\/categories?post=78786"},{"taxonomy":"post_tag","embeddable":true,"href":"https:\/\/infoecos.com.ar\/index.php\/wp-json\/wp\/v2\/tags?post=78786"}],"curies":[{"name":"wp","href":"https:\/\/api.w.org\/{rel}","templated":true}]}}