{"id":78790,"date":"2021-05-27T16:46:46","date_gmt":"2021-05-27T19:46:46","guid":{"rendered":"http:\/\/infoecos.com.ar\/?p=78790"},"modified":"2021-05-27T16:46:51","modified_gmt":"2021-05-27T19:46:51","slug":"la-provincia-de-buenos-aires-en-dos-semanas-comenzara-a-vacunar-a-personas-de-18-a-40-anos-con-comorbilidades","status":"publish","type":"post","link":"https:\/\/infoecos.com.ar\/index.php\/la-provincia-de-buenos-aires-en-dos-semanas-comenzara-a-vacunar-a-personas-de-18-a-40-anos-con-comorbilidades\/","title":{"rendered":"La provincia de Buenos Aires, en dos semanas, comenzar\u00e1 a vacunar a personas de 18 a 40 a\u00f1os con comorbilidades"},"content":{"rendered":"\n<p>El ministro de Salud bonaerense, Daniel Gollan, anunci\u00f3 este jueves que, dentro de dos semanas, la provincia de Buenos Aires comenzar\u00e1 a vacunar a \u00abpersonas de 18 a 40 a\u00f1os con comorbilidades\u00bb.<\/p>\n\n\n\n<p>As\u00ed lo expres\u00f3 en declaraciones radiales, en las que indic\u00f3 que, una vez que se termine con la inmunizaci\u00f3n de las personas mayores de 40 a\u00f1os con comorbilidades, \u00abla semana que viene\u00bb, comenzar\u00e1n con la siguiente etapa que abarcar\u00e1 a quienes van de los 18 a los 40 a\u00f1os con comorbilidades.<\/p>\n\n\n\n<figure class=\"wp-block-embed is-type-rich is-provider-twitter wp-block-embed-twitter\"><div class=\"wp-block-embed__wrapper\">\nhttps:\/\/twitter.com\/DrDanielGollan\/status\/1397721645880688643\n<\/div><\/figure>\n\n\n\n<p><strong>\u00abEst\u00e1n entrando una enorme cantidad de vacunas y la semana que viene vamos a terminar con el hito dos, que es (la inmunizaci\u00f3n de) los mayores de 40 a\u00f1os con comorbilidades\u00bb<\/strong>, sostuvo Gollan y a\u00f1adi\u00f3:&nbsp;<strong>\u00abLuego, vamos a empezar a vacunar personas de 18 a 40 a\u00f1os con comorbilidades\u00bb.<\/strong><\/p>\n\n\n\n<p>Por otro lado, el funcionario bonaerense asegur\u00f3 que\u00a0<strong>el impacto de las medidas de restricci\u00f3n adoptadas por el Gobierno nacional para mitigar los contagios de coronavirus comenzar\u00e1n a notarse \u00abdentro de dos o tres d\u00edas\u00bb.<\/strong><\/p>\n\n\n\n<p>\u00abTuvimos dos d\u00edas de feriado, donde las cifras (de contagios) son menores. Comparadas con el lunes y martes anterior, ayer tuvimos un descenso bastante importante de casos, pero se puede deber al feriado\u00bb, dijo el funcionario en las declaraciones que formul\u00f3 esta ma\u00f1ana.<\/p>\n\n\n\n<p>En ese marco, plante\u00f3 que&nbsp;<strong>este mi\u00e9rcoles se registraron 1.699 casos menos que el mi\u00e9rcoles anterior<\/strong>, un dato al que calific\u00f3 de \u00abpositivo\u00bb, y remarc\u00f3 que se espera \u00abque sea el inicio del descenso\u00bb.<\/p>\n\n\n\n<p>Con todo, Gollan destac\u00f3 que&nbsp;<strong>desde el Gobierno son \u00abcautelosos\u00bb respecto del resultado de las medida<\/strong>s y se\u00f1al\u00f3 que si bien \u00ab<strong>hay una distensi\u00f3n en la situaci\u00f3n de las camas\u00bb, \u00e9sta es \u00abrelativa\u00bb porque se debe a que \u00ablas camas que se liberan de terapia intensiva son por fallecimiento de los pacientes\u00bb.<\/strong><\/p>\n","protected":false},"excerpt":{"rendered":"<p>As\u00ed lo expres\u00f3 en declaraciones radiales, en las que indic\u00f3 que, una vez que se termine con la inmunizaci\u00f3n de las personas mayores de 40 a\u00f1os con comorbilidades<\/p>\n","protected":false},"author":2,"featured_media":77887,"comment_status":"closed","ping_status":"open","sticky":false,"template":"","format":"standard","meta":{"footnotes":""},"categories":[28],"tags":[2737],"class_list":["post-78790","post","type-post","status-publish","format-standard","has-post-thumbnail","hentry","category-c1nota1","tag-lo-anuncio-el-ministro-de-salud"],"yoast_head":"<!-- This site is optimized with the Yoast SEO plugin v23.4 - https:\/\/yoast.com\/wordpress\/plugins\/seo\/ -->\n<title>La provincia de Buenos Aires, en dos semanas, comenzar\u00e1 a vacunar a personas de 18 a 40 a\u00f1os con comorbilidades - Infoecos<\/title>\n<meta name=\"robots\" content=\"index, follow, max-snippet:-1, max-image-preview:large, max-video-preview:-1\" \/>\n<link rel=\"canonical\" href=\"https:\/\/infoecos.com.ar\/index.php\/la-provincia-de-buenos-aires-en-dos-semanas-comenzara-a-vacunar-a-personas-de-18-a-40-anos-con-comorbilidades\/\" \/>\n<meta property=\"og:locale\" content=\"es_ES\" \/>\n<meta property=\"og:type\" content=\"article\" \/>\n<meta property=\"og:title\" content=\"La provincia de Buenos Aires, en dos semanas, comenzar\u00e1 a vacunar a personas de 18 a 40 a\u00f1os con comorbilidades - Infoecos\" \/>\n<meta property=\"og:description\" content=\"As\u00ed lo expres\u00f3 en declaraciones radiales, en las que indic\u00f3 que, una vez que se termine con la inmunizaci\u00f3n de las personas mayores de 40 a\u00f1os con comorbilidades\" \/>\n<meta property=\"og:url\" content=\"https:\/\/infoecos.com.ar\/index.php\/la-provincia-de-buenos-aires-en-dos-semanas-comenzara-a-vacunar-a-personas-de-18-a-40-anos-con-comorbilidades\/\" \/>\n<meta property=\"og:site_name\" content=\"Infoecos\" \/>\n<meta property=\"article:publisher\" content=\"https:\/\/www.facebook.com\/profile.php?id=100063200290284\" \/>\n<meta property=\"article:published_time\" content=\"2021-05-27T19:46:46+00:00\" \/>\n<meta property=\"article:modified_time\" content=\"2021-05-27T19:46:51+00:00\" \/>\n<meta property=\"og:image\" content=\"https:\/\/infoecos.com.ar\/wp-content\/uploads\/2021\/05\/vacunacionpehuajo.jpg\" \/>\n\t<meta property=\"og:image:width\" content=\"640\" \/>\n\t<meta property=\"og:image:height\" content=\"426\" \/>\n\t<meta property=\"og:image:type\" content=\"image\/jpeg\" \/>\n<meta name=\"author\" content=\"Jorge Matheus\" \/>\n<meta name=\"twitter:card\" content=\"summary_large_image\" \/>\n<meta name=\"twitter:creator\" content=\"@infoecos\" \/>\n<meta name=\"twitter:site\" content=\"@infoecos\" \/>\n<meta name=\"twitter:label1\" content=\"Escrito por\" \/>\n\t<meta name=\"twitter:data1\" content=\"Jorge Matheus\" \/>\n\t<meta name=\"twitter:label2\" content=\"Tiempo de lectura\" \/>\n\t<meta name=\"twitter:data2\" content=\"2 minutos\" \/>\n<script type=\"application\/ld+json\" class=\"yoast-schema-graph\">{\"@context\":\"https:\/\/schema.org\",\"@graph\":[{\"@type\":\"Article\",\"@id\":\"https:\/\/infoecos.com.ar\/index.php\/la-provincia-de-buenos-aires-en-dos-semanas-comenzara-a-vacunar-a-personas-de-18-a-40-anos-con-comorbilidades\/#article\",\"isPartOf\":{\"@id\":\"https:\/\/infoecos.com.ar\/index.php\/la-provincia-de-buenos-aires-en-dos-semanas-comenzara-a-vacunar-a-personas-de-18-a-40-anos-con-comorbilidades\/\"},\"author\":{\"name\":\"Jorge Matheus\",\"@id\":\"https:\/\/infoecos.com.ar\/#\/schema\/person\/8f5ace5ce73b4b4aac4b7245aee6f191\"},\"headline\":\"La provincia de Buenos Aires, en dos semanas, comenzar\u00e1 a vacunar a personas de 18 a 40 a\u00f1os con comorbilidades\",\"datePublished\":\"2021-05-27T19:46:46+00:00\",\"dateModified\":\"2021-05-27T19:46:51+00:00\",\"mainEntityOfPage\":{\"@id\":\"https:\/\/infoecos.com.ar\/index.php\/la-provincia-de-buenos-aires-en-dos-semanas-comenzara-a-vacunar-a-personas-de-18-a-40-anos-con-comorbilidades\/\"},\"wordCount\":334,\"publisher\":{\"@id\":\"https:\/\/infoecos.com.ar\/#organization\"},\"image\":{\"@id\":\"https:\/\/infoecos.com.ar\/index.php\/la-provincia-de-buenos-aires-en-dos-semanas-comenzara-a-vacunar-a-personas-de-18-a-40-anos-con-comorbilidades\/#primaryimage\"},\"thumbnailUrl\":\"https:\/\/infoecos.com.ar\/wp-content\/uploads\/2021\/05\/vacunacionpehuajo.jpg\",\"keywords\":[\"LO ANUNCI\u00d3 EL MINISTRO DE SALUD\"],\"articleSection\":[\"C1 N1\"],\"inLanguage\":\"es\"},{\"@type\":\"WebPage\",\"@id\":\"https:\/\/infoecos.com.ar\/index.php\/la-provincia-de-buenos-aires-en-dos-semanas-comenzara-a-vacunar-a-personas-de-18-a-40-anos-con-comorbilidades\/\",\"url\":\"https:\/\/infoecos.com.ar\/index.php\/la-provincia-de-buenos-aires-en-dos-semanas-comenzara-a-vacunar-a-personas-de-18-a-40-anos-con-comorbilidades\/\",\"name\":\"La provincia de Buenos Aires, en dos semanas, comenzar\u00e1 a vacunar a personas de 18 a 40 a\u00f1os con comorbilidades - Infoecos\",\"isPartOf\":{\"@id\":\"https:\/\/infoecos.com.ar\/#website\"},\"primaryImageOfPage\":{\"@id\":\"https:\/\/infoecos.com.ar\/index.php\/la-provincia-de-buenos-aires-en-dos-semanas-comenzara-a-vacunar-a-personas-de-18-a-40-anos-con-comorbilidades\/#primaryimage\"},\"image\":{\"@id\":\"https:\/\/infoecos.com.ar\/index.php\/la-provincia-de-buenos-aires-en-dos-semanas-comenzara-a-vacunar-a-personas-de-18-a-40-anos-con-comorbilidades\/#primaryimage\"},\"thumbnailUrl\":\"https:\/\/infoecos.com.ar\/wp-content\/uploads\/2021\/05\/vacunacionpehuajo.jpg\",\"datePublished\":\"2021-05-27T19:46:46+00:00\",\"dateModified\":\"2021-05-27T19:46:51+00:00\",\"breadcrumb\":{\"@id\":\"https:\/\/infoecos.com.ar\/index.php\/la-provincia-de-buenos-aires-en-dos-semanas-comenzara-a-vacunar-a-personas-de-18-a-40-anos-con-comorbilidades\/#breadcrumb\"},\"inLanguage\":\"es\",\"potentialAction\":[{\"@type\":\"ReadAction\",\"target\":[\"https:\/\/infoecos.com.ar\/index.php\/la-provincia-de-buenos-aires-en-dos-semanas-comenzara-a-vacunar-a-personas-de-18-a-40-anos-con-comorbilidades\/\"]}]},{\"@type\":\"ImageObject\",\"inLanguage\":\"es\",\"@id\":\"https:\/\/infoecos.com.ar\/index.php\/la-provincia-de-buenos-aires-en-dos-semanas-comenzara-a-vacunar-a-personas-de-18-a-40-anos-con-comorbilidades\/#primaryimage\",\"url\":\"https:\/\/infoecos.com.ar\/wp-content\/uploads\/2021\/05\/vacunacionpehuajo.jpg\",\"contentUrl\":\"https:\/\/infoecos.com.ar\/wp-content\/uploads\/2021\/05\/vacunacionpehuajo.jpg\",\"width\":640,\"height\":426},{\"@type\":\"BreadcrumbList\",\"@id\":\"https:\/\/infoecos.com.ar\/index.php\/la-provincia-de-buenos-aires-en-dos-semanas-comenzara-a-vacunar-a-personas-de-18-a-40-anos-con-comorbilidades\/#breadcrumb\",\"itemListElement\":[{\"@type\":\"ListItem\",\"position\":1,\"name\":\"Portada\",\"item\":\"https:\/\/infoecos.com.ar\/\"},{\"@type\":\"ListItem\",\"position\":2,\"name\":\"La provincia de Buenos Aires, en dos semanas, comenzar\u00e1 a vacunar a personas de 18 a 40 a\u00f1os con comorbilidades\"}]},{\"@type\":\"WebSite\",\"@id\":\"https:\/\/infoecos.com.ar\/#website\",\"url\":\"https:\/\/infoecos.com.ar\/\",\"name\":\"Infoecos\",\"description\":\"Noticias de trenque lauquen y la zona\",\"publisher\":{\"@id\":\"https:\/\/infoecos.com.ar\/#organization\"},\"alternateName\":\"Noticias\",\"potentialAction\":[{\"@type\":\"SearchAction\",\"target\":{\"@type\":\"EntryPoint\",\"urlTemplate\":\"https:\/\/infoecos.com.ar\/?s={search_term_string}\"},\"query-input\":{\"@type\":\"PropertyValueSpecification\",\"valueRequired\":true,\"valueName\":\"search_term_string\"}}],\"inLanguage\":\"es\"},{\"@type\":\"Organization\",\"@id\":\"https:\/\/infoecos.com.ar\/#organization\",\"name\":\"Infoecos\",\"alternateName\":\"Noticias\",\"url\":\"https:\/\/infoecos.com.ar\/\",\"logo\":{\"@type\":\"ImageObject\",\"inLanguage\":\"es\",\"@id\":\"https:\/\/infoecos.com.ar\/#\/schema\/logo\/image\/\",\"url\":\"https:\/\/infoecos.com.ar\/wp-content\/uploads\/2024\/03\/cropped-logo.png\",\"contentUrl\":\"https:\/\/infoecos.com.ar\/wp-content\/uploads\/2024\/03\/cropped-logo.png\",\"width\":374,\"height\":90,\"caption\":\"Infoecos\"},\"image\":{\"@id\":\"https:\/\/infoecos.com.ar\/#\/schema\/logo\/image\/\"},\"sameAs\":[\"https:\/\/www.facebook.com\/profile.php?id=100063200290284\",\"https:\/\/x.com\/infoecos\"]},{\"@type\":\"Person\",\"@id\":\"https:\/\/infoecos.com.ar\/#\/schema\/person\/8f5ace5ce73b4b4aac4b7245aee6f191\",\"name\":\"Jorge Matheus\",\"url\":\"https:\/\/infoecos.com.ar\/index.php\/author\/jomatheus\/\"}]}<\/script>\n<!-- \/ Yoast SEO plugin. -->","yoast_head_json":{"title":"La provincia de Buenos Aires, en dos semanas, comenzar\u00e1 a vacunar a personas de 18 a 40 a\u00f1os con comorbilidades - Infoecos","robots":{"index":"index","follow":"follow","max-snippet":"max-snippet:-1","max-image-preview":"max-image-preview:large","max-video-preview":"max-video-preview:-1"},"canonical":"https:\/\/infoecos.com.ar\/index.php\/la-provincia-de-buenos-aires-en-dos-semanas-comenzara-a-vacunar-a-personas-de-18-a-40-anos-con-comorbilidades\/","og_locale":"es_ES","og_type":"article","og_title":"La provincia de Buenos Aires, en dos semanas, comenzar\u00e1 a vacunar a personas de 18 a 40 a\u00f1os con comorbilidades - Infoecos","og_description":"As\u00ed lo expres\u00f3 en declaraciones radiales, en las que indic\u00f3 que, una vez que se termine con la inmunizaci\u00f3n de las personas mayores de 40 a\u00f1os con comorbilidades","og_url":"https:\/\/infoecos.com.ar\/index.php\/la-provincia-de-buenos-aires-en-dos-semanas-comenzara-a-vacunar-a-personas-de-18-a-40-anos-con-comorbilidades\/","og_site_name":"Infoecos","article_publisher":"https:\/\/www.facebook.com\/profile.php?id=100063200290284","article_published_time":"2021-05-27T19:46:46+00:00","article_modified_time":"2021-05-27T19:46:51+00:00","og_image":[{"width":640,"height":426,"url":"https:\/\/infoecos.com.ar\/wp-content\/uploads\/2021\/05\/vacunacionpehuajo.jpg","type":"image\/jpeg"}],"author":"Jorge Matheus","twitter_card":"summary_large_image","twitter_creator":"@infoecos","twitter_site":"@infoecos","twitter_misc":{"Escrito por":"Jorge Matheus","Tiempo de lectura":"2 minutos"},"schema":{"@context":"https:\/\/schema.org","@graph":[{"@type":"Article","@id":"https:\/\/infoecos.com.ar\/index.php\/la-provincia-de-buenos-aires-en-dos-semanas-comenzara-a-vacunar-a-personas-de-18-a-40-anos-con-comorbilidades\/#article","isPartOf":{"@id":"https:\/\/infoecos.com.ar\/index.php\/la-provincia-de-buenos-aires-en-dos-semanas-comenzara-a-vacunar-a-personas-de-18-a-40-anos-con-comorbilidades\/"},"author":{"name":"Jorge Matheus","@id":"https:\/\/infoecos.com.ar\/#\/schema\/person\/8f5ace5ce73b4b4aac4b7245aee6f191"},"headline":"La provincia de Buenos Aires, en dos semanas, comenzar\u00e1 a vacunar a personas de 18 a 40 a\u00f1os con comorbilidades","datePublished":"2021-05-27T19:46:46+00:00","dateModified":"2021-05-27T19:46:51+00:00","mainEntityOfPage":{"@id":"https:\/\/infoecos.com.ar\/index.php\/la-provincia-de-buenos-aires-en-dos-semanas-comenzara-a-vacunar-a-personas-de-18-a-40-anos-con-comorbilidades\/"},"wordCount":334,"publisher":{"@id":"https:\/\/infoecos.com.ar\/#organization"},"image":{"@id":"https:\/\/infoecos.com.ar\/index.php\/la-provincia-de-buenos-aires-en-dos-semanas-comenzara-a-vacunar-a-personas-de-18-a-40-anos-con-comorbilidades\/#primaryimage"},"thumbnailUrl":"https:\/\/infoecos.com.ar\/wp-content\/uploads\/2021\/05\/vacunacionpehuajo.jpg","keywords":["LO ANUNCI\u00d3 EL MINISTRO DE SALUD"],"articleSection":["C1 N1"],"inLanguage":"es"},{"@type":"WebPage","@id":"https:\/\/infoecos.com.ar\/index.php\/la-provincia-de-buenos-aires-en-dos-semanas-comenzara-a-vacunar-a-personas-de-18-a-40-anos-con-comorbilidades\/","url":"https:\/\/infoecos.com.ar\/index.php\/la-provincia-de-buenos-aires-en-dos-semanas-comenzara-a-vacunar-a-personas-de-18-a-40-anos-con-comorbilidades\/","name":"La provincia de Buenos Aires, en dos semanas, comenzar\u00e1 a vacunar a personas de 18 a 40 a\u00f1os con comorbilidades - Infoecos","isPartOf":{"@id":"https:\/\/infoecos.com.ar\/#website"},"primaryImageOfPage":{"@id":"https:\/\/infoecos.com.ar\/index.php\/la-provincia-de-buenos-aires-en-dos-semanas-comenzara-a-vacunar-a-personas-de-18-a-40-anos-con-comorbilidades\/#primaryimage"},"image":{"@id":"https:\/\/infoecos.com.ar\/index.php\/la-provincia-de-buenos-aires-en-dos-semanas-comenzara-a-vacunar-a-personas-de-18-a-40-anos-con-comorbilidades\/#primaryimage"},"thumbnailUrl":"https:\/\/infoecos.com.ar\/wp-content\/uploads\/2021\/05\/vacunacionpehuajo.jpg","datePublished":"2021-05-27T19:46:46+00:00","dateModified":"2021-05-27T19:46:51+00:00","breadcrumb":{"@id":"https:\/\/infoecos.com.ar\/index.php\/la-provincia-de-buenos-aires-en-dos-semanas-comenzara-a-vacunar-a-personas-de-18-a-40-anos-con-comorbilidades\/#breadcrumb"},"inLanguage":"es","potentialAction":[{"@type":"ReadAction","target":["https:\/\/infoecos.com.ar\/index.php\/la-provincia-de-buenos-aires-en-dos-semanas-comenzara-a-vacunar-a-personas-de-18-a-40-anos-con-comorbilidades\/"]}]},{"@type":"ImageObject","inLanguage":"es","@id":"https:\/\/infoecos.com.ar\/index.php\/la-provincia-de-buenos-aires-en-dos-semanas-comenzara-a-vacunar-a-personas-de-18-a-40-anos-con-comorbilidades\/#primaryimage","url":"https:\/\/infoecos.com.ar\/wp-content\/uploads\/2021\/05\/vacunacionpehuajo.jpg","contentUrl":"https:\/\/infoecos.com.ar\/wp-content\/uploads\/2021\/05\/vacunacionpehuajo.jpg","width":640,"height":426},{"@type":"BreadcrumbList","@id":"https:\/\/infoecos.com.ar\/index.php\/la-provincia-de-buenos-aires-en-dos-semanas-comenzara-a-vacunar-a-personas-de-18-a-40-anos-con-comorbilidades\/#breadcrumb","itemListElement":[{"@type":"ListItem","position":1,"name":"Portada","item":"https:\/\/infoecos.com.ar\/"},{"@type":"ListItem","position":2,"name":"La provincia de Buenos Aires, en dos semanas, comenzar\u00e1 a vacunar a personas de 18 a 40 a\u00f1os con comorbilidades"}]},{"@type":"WebSite","@id":"https:\/\/infoecos.com.ar\/#website","url":"https:\/\/infoecos.com.ar\/","name":"Infoecos","description":"Noticias de trenque lauquen y la zona","publisher":{"@id":"https:\/\/infoecos.com.ar\/#organization"},"alternateName":"Noticias","potentialAction":[{"@type":"SearchAction","target":{"@type":"EntryPoint","urlTemplate":"https:\/\/infoecos.com.ar\/?s={search_term_string}"},"query-input":{"@type":"PropertyValueSpecification","valueRequired":true,"valueName":"search_term_string"}}],"inLanguage":"es"},{"@type":"Organization","@id":"https:\/\/infoecos.com.ar\/#organization","name":"Infoecos","alternateName":"Noticias","url":"https:\/\/infoecos.com.ar\/","logo":{"@type":"ImageObject","inLanguage":"es","@id":"https:\/\/infoecos.com.ar\/#\/schema\/logo\/image\/","url":"https:\/\/infoecos.com.ar\/wp-content\/uploads\/2024\/03\/cropped-logo.png","contentUrl":"https:\/\/infoecos.com.ar\/wp-content\/uploads\/2024\/03\/cropped-logo.png","width":374,"height":90,"caption":"Infoecos"},"image":{"@id":"https:\/\/infoecos.com.ar\/#\/schema\/logo\/image\/"},"sameAs":["https:\/\/www.facebook.com\/profile.php?id=100063200290284","https:\/\/x.com\/infoecos"]},{"@type":"Person","@id":"https:\/\/infoecos.com.ar\/#\/schema\/person\/8f5ace5ce73b4b4aac4b7245aee6f191","name":"Jorge Matheus","url":"https:\/\/infoecos.com.ar\/index.php\/author\/jomatheus\/"}]}},"featured_image_urls":{"full":["https:\/\/infoecos.com.ar\/wp-content\/uploads\/2021\/05\/vacunacionpehuajo.jpg",640,426,false],"thumbnail":["https:\/\/infoecos.com.ar\/wp-content\/uploads\/2021\/05\/vacunacionpehuajo-150x150.jpg",150,150,true],"medium":["https:\/\/infoecos.com.ar\/wp-content\/uploads\/2021\/05\/vacunacionpehuajo-460x306.jpg",460,306,true],"medium_large":["https:\/\/infoecos.com.ar\/wp-content\/uploads\/2021\/05\/vacunacionpehuajo.jpg",640,426,false],"large":["https:\/\/infoecos.com.ar\/wp-content\/uploads\/2021\/05\/vacunacionpehuajo.jpg",640,426,false],"1536x1536":["https:\/\/infoecos.com.ar\/wp-content\/uploads\/2021\/05\/vacunacionpehuajo.jpg",640,426,false],"2048x2048":["https:\/\/infoecos.com.ar\/wp-content\/uploads\/2021\/05\/vacunacionpehuajo.jpg",640,426,false],"covernews-slider-full":["https:\/\/infoecos.com.ar\/wp-content\/uploads\/2021\/05\/vacunacionpehuajo.jpg",640,426,false],"covernews-slider-center":["https:\/\/infoecos.com.ar\/wp-content\/uploads\/2021\/05\/vacunacionpehuajo.jpg",640,426,false],"covernews-featured":["https:\/\/infoecos.com.ar\/wp-content\/uploads\/2021\/05\/vacunacionpehuajo.jpg",640,426,false],"covernews-medium":["https:\/\/infoecos.com.ar\/wp-content\/uploads\/2021\/05\/vacunacionpehuajo-640x380.jpg",540,321,true],"covernews-medium-square":["https:\/\/infoecos.com.ar\/wp-content\/uploads\/2021\/05\/vacunacionpehuajo.jpg",376,250,false]},"author_info":{"info":["Jorge Matheus"]},"category_info":"<a href=\"https:\/\/infoecos.com.ar\/index.php\/category\/c1nota1\/\" rel=\"category tag\">C1 N1<\/a>","tag_info":"C1 N1","comment_count":"0","_links":{"self":[{"href":"https:\/\/infoecos.com.ar\/index.php\/wp-json\/wp\/v2\/posts\/78790"}],"collection":[{"href":"https:\/\/infoecos.com.ar\/index.php\/wp-json\/wp\/v2\/posts"}],"about":[{"href":"https:\/\/infoecos.com.ar\/index.php\/wp-json\/wp\/v2\/types\/post"}],"author":[{"embeddable":true,"href":"https:\/\/infoecos.com.ar\/index.php\/wp-json\/wp\/v2\/users\/2"}],"replies":[{"embeddable":true,"href":"https:\/\/infoecos.com.ar\/index.php\/wp-json\/wp\/v2\/comments?post=78790"}],"version-history":[{"count":1,"href":"https:\/\/infoecos.com.ar\/index.php\/wp-json\/wp\/v2\/posts\/78790\/revisions"}],"predecessor-version":[{"id":78791,"href":"https:\/\/infoecos.com.ar\/index.php\/wp-json\/wp\/v2\/posts\/78790\/revisions\/78791"}],"wp:featuredmedia":[{"embeddable":true,"href":"https:\/\/infoecos.com.ar\/index.php\/wp-json\/wp\/v2\/media\/77887"}],"wp:attachment":[{"href":"https:\/\/infoecos.com.ar\/index.php\/wp-json\/wp\/v2\/media?parent=78790"}],"wp:term":[{"taxonomy":"category","embeddable":true,"href":"https:\/\/infoecos.com.ar\/index.php\/wp-json\/wp\/v2\/categories?post=78790"},{"taxonomy":"post_tag","embeddable":true,"href":"https:\/\/infoecos.com.ar\/index.php\/wp-json\/wp\/v2\/tags?post=78790"}],"curies":[{"name":"wp","href":"https:\/\/api.w.org\/{rel}","templated":true}]}}