{"id":78792,"date":"2021-05-27T23:25:33","date_gmt":"2021-05-28T02:25:33","guid":{"rendered":"http:\/\/infoecos.com.ar\/?p=78792"},"modified":"2021-05-27T23:25:37","modified_gmt":"2021-05-28T02:25:37","slug":"otras-551-personas-murieron-y-41-080-fueron-reportadas-con-coronavirus-en-las-ultimas-24-horas-en-la-argentina","status":"publish","type":"post","link":"https:\/\/infoecos.com.ar\/index.php\/otras-551-personas-murieron-y-41-080-fueron-reportadas-con-coronavirus-en-las-ultimas-24-horas-en-la-argentina\/","title":{"rendered":"Otras 551 personas murieron y 41.080 fueron reportadas con coronavirus en las \u00faltimas 24 horas en la Argentina"},"content":{"rendered":"\n<p class=\"wp-block-paragraph\">Otras 551 personas murieron y 41.080 fueron reportadas con coronavirus en las \u00faltimas 24 horas en la Argentina, en tanto el ministro de Ciencia y Tecnolog\u00eda, Roberto Salvarezza, estim\u00f3 que \u00abpara fines de junio se va a cumplir con el primer hito con 12 millones de vacunados\u00bb contra la Covid-19.<\/p>\n\n\n\n<div class=\"wp-block-image\"><figure class=\"aligncenter size-medium\"><img loading=\"lazy\" decoding=\"async\" width=\"460\" height=\"259\" src=\"http:\/\/infoecos.com.ar\/wp-content\/uploads\/coro-te-460x259.jpg\" alt=\"\" class=\"wp-image-59624\" srcset=\"https:\/\/infoecos.com.ar\/wp-content\/uploads\/coro-te-460x259.jpg 460w, https:\/\/infoecos.com.ar\/wp-content\/uploads\/coro-te-920x518.jpg 920w, https:\/\/infoecos.com.ar\/wp-content\/uploads\/coro-te-768x432.jpg 768w, https:\/\/infoecos.com.ar\/wp-content\/uploads\/coro-te.jpg 1004w\" sizes=\"auto, (max-width: 460px) 100vw, 460px\" \/><figcaption>Coronavirus<\/figcaption><\/figure><\/div>\n\n\n\n<p class=\"wp-block-paragraph\">Con los fallecimientos y contagios reportados este jueves,&nbsp;<strong>suman 76.135 los fallecidos registrados oficialmente a nivel nacional y 3.663.215 los contagiados desde el inicio de la pandemia<\/strong>, inform\u00f3 el Ministerio de Salud.<\/p>\n\n\n\n<p class=\"wp-block-paragraph\">La cartera sanitaria indic\u00f3 que&nbsp;<strong>son 6.802 los internados en unidades de terapia intensiva, con un porcentaje de ocupaci\u00f3n de camas de adultos de 76,2% en el pa\u00eds y del 77,5% en el \u00c1rea Metropolitana Buenos Aires<\/strong>.<\/p>\n\n\n\n<p class=\"wp-block-paragraph\">Seg\u00fan el Monitor P\u00fablico de Vacunaci\u00f3n actualizado a las 18,&nbsp;<strong>el total de inoculados asciende a 11.633.233, de los cuales 9.0663.128 recibieron una dosis y 2.570.105 las dos<\/strong>, mientras que las vacunas distribuidas a las jurisdicciones llegan a 14.193.954.<\/p>\n\n\n\n<p class=\"wp-block-paragraph\">De los 3.663.215 contagiados, 3.219.474 recibi\u00f3 el alta y 367.606 son casos confirmados activos.<\/p>\n\n\n\n<p class=\"wp-block-paragraph\">El reporte consign\u00f3 que fallecieron 319 hombres y 224 mujeres, mientras que 2 personas de la provincia de Buenos Aires, 1 de Entre R\u00edos, 1 de Formosa, 1 de Neuqu\u00e9n y 2 de San Juan fueron reportadas sin dato de sexo.<\/p>\n\n\n\n<p class=\"wp-block-paragraph\">El Ministerio agreg\u00f3 que se realizaron en las \u00faltimas 24 horas 121.115 testeos y 13.571.645 desde el inicio del brote.<\/p>\n\n\n\n<div class=\"wp-block-image\"><figure class=\"aligncenter size-large\"><img loading=\"lazy\" decoding=\"async\" width=\"493\" height=\"920\" src=\"http:\/\/infoecos.com.ar\/wp-content\/uploads\/2021\/05\/reportejueves1-493x920.jpg\" alt=\"\" class=\"wp-image-78793\" srcset=\"https:\/\/infoecos.com.ar\/wp-content\/uploads\/2021\/05\/reportejueves1-493x920.jpg 493w, https:\/\/infoecos.com.ar\/wp-content\/uploads\/2021\/05\/reportejueves1-247x460.jpg 247w, https:\/\/infoecos.com.ar\/wp-content\/uploads\/2021\/05\/reportejueves1-768x1432.jpg 768w, https:\/\/infoecos.com.ar\/wp-content\/uploads\/2021\/05\/reportejueves1-824x1536.jpg 824w, https:\/\/infoecos.com.ar\/wp-content\/uploads\/2021\/05\/reportejueves1.jpg 1004w\" sizes=\"auto, (max-width: 493px) 100vw, 493px\" \/><\/figure><\/div>\n","protected":false},"excerpt":{"rendered":"<p>El reporte consign\u00f3 que fallecieron 319 hombres y 224 mujeres, mientras que 2 personas de la provincia de Buenos Aires, 1 de Entre R\u00edos, 1 de Formosa, 1 de Neuqu\u00e9n y 2 de San Juan fueron reportadas sin dato de sexo<\/p>\n","protected":false},"author":2,"featured_media":69986,"comment_status":"closed","ping_status":"open","sticky":false,"template":"","format":"standard","meta":{"footnotes":""},"categories":[25],"tags":[156],"class_list":["post-78792","post","type-post","status-publish","format-standard","has-post-thumbnail","hentry","category-c3nota1","tag-salud"],"featured_image_urls":{"full":["https:\/\/infoecos.com.ar\/wp-content\/uploads\/2020\/10\/coronavirustelam.jpg",1004,565,false],"thumbnail":["https:\/\/infoecos.com.ar\/wp-content\/uploads\/2020\/10\/coronavirustelam-150x150.jpg",150,150,true],"medium":["https:\/\/infoecos.com.ar\/wp-content\/uploads\/2020\/10\/coronavirustelam-460x259.jpg",460,259,true],"medium_large":["https:\/\/infoecos.com.ar\/wp-content\/uploads\/2020\/10\/coronavirustelam-768x432.jpg",640,360,true],"large":["https:\/\/infoecos.com.ar\/wp-content\/uploads\/2020\/10\/coronavirustelam-920x518.jpg",640,360,true],"1536x1536":["https:\/\/infoecos.com.ar\/wp-content\/uploads\/2020\/10\/coronavirustelam.jpg",1004,565,false],"2048x2048":["https:\/\/infoecos.com.ar\/wp-content\/uploads\/2020\/10\/coronavirustelam.jpg",1004,565,false],"covernews-slider-full":["https:\/\/infoecos.com.ar\/wp-content\/uploads\/2020\/10\/coronavirustelam.jpg",1004,565,false],"covernews-slider-center":["https:\/\/infoecos.com.ar\/wp-content\/uploads\/2020\/10\/coronavirustelam-936x565.jpg",800,483,true],"covernews-featured":["https:\/\/infoecos.com.ar\/wp-content\/uploads\/2020\/10\/coronavirustelam.jpg",1004,565,false],"covernews-medium":["https:\/\/infoecos.com.ar\/wp-content\/uploads\/2020\/10\/coronavirustelam-720x380.jpg",540,285,true],"covernews-medium-square":["https:\/\/infoecos.com.ar\/wp-content\/uploads\/2020\/10\/coronavirustelam-675x450.jpg",375,250,true]},"author_info":{"info":["Jorge Matheus"]},"category_info":"<a href=\"https:\/\/infoecos.com.ar\/index.php\/category\/c3nota1\/\" rel=\"category tag\">C3 N1<\/a>","tag_info":"C3 N1","comment_count":"0","_links":{"self":[{"href":"https:\/\/infoecos.com.ar\/index.php\/wp-json\/wp\/v2\/posts\/78792","targetHints":{"allow":["GET"]}}],"collection":[{"href":"https:\/\/infoecos.com.ar\/index.php\/wp-json\/wp\/v2\/posts"}],"about":[{"href":"https:\/\/infoecos.com.ar\/index.php\/wp-json\/wp\/v2\/types\/post"}],"author":[{"embeddable":true,"href":"https:\/\/infoecos.com.ar\/index.php\/wp-json\/wp\/v2\/users\/2"}],"replies":[{"embeddable":true,"href":"https:\/\/infoecos.com.ar\/index.php\/wp-json\/wp\/v2\/comments?post=78792"}],"version-history":[{"count":1,"href":"https:\/\/infoecos.com.ar\/index.php\/wp-json\/wp\/v2\/posts\/78792\/revisions"}],"predecessor-version":[{"id":78794,"href":"https:\/\/infoecos.com.ar\/index.php\/wp-json\/wp\/v2\/posts\/78792\/revisions\/78794"}],"wp:featuredmedia":[{"embeddable":true,"href":"https:\/\/infoecos.com.ar\/index.php\/wp-json\/wp\/v2\/media\/69986"}],"wp:attachment":[{"href":"https:\/\/infoecos.com.ar\/index.php\/wp-json\/wp\/v2\/media?parent=78792"}],"wp:term":[{"taxonomy":"category","embeddable":true,"href":"https:\/\/infoecos.com.ar\/index.php\/wp-json\/wp\/v2\/categories?post=78792"},{"taxonomy":"post_tag","embeddable":true,"href":"https:\/\/infoecos.com.ar\/index.php\/wp-json\/wp\/v2\/tags?post=78792"}],"curies":[{"name":"wp","href":"https:\/\/api.w.org\/{rel}","templated":true}]}}