{"id":78801,"date":"2021-05-28T00:07:16","date_gmt":"2021-05-28T03:07:16","guid":{"rendered":"http:\/\/infoecos.com.ar\/?p=78801"},"modified":"2021-05-28T00:07:19","modified_gmt":"2021-05-28T03:07:19","slug":"los-municipios-que-sigan-en-alarma-epidemiologica-deberan-continuar-con-las-clases-virtuales","status":"publish","type":"post","link":"https:\/\/infoecos.com.ar\/index.php\/los-municipios-que-sigan-en-alarma-epidemiologica-deberan-continuar-con-las-clases-virtuales\/","title":{"rendered":"Los municipios que sigan en \u00abalarma epidemiol\u00f3gica\u00bb deber\u00e1n continuar con las clases virtuales"},"content":{"rendered":"\n<p>El jefe de Gabinete de la Naci\u00f3n, Santiago Cafiero\u00a0, afirm\u00f3 que los lugares que sigan en\u00a0\u00abalarma epidemiol\u00f3gica\u00bbpor la cantidad de casos de\u00a0coronavirus, deber\u00e1n continuar con las\u00a0clases virtuales\u00a0a partir del\u00a0lunes 31.<\/p>\n\n\n\n<p>En este sentido, desde el lunes, d\u00eda en que finalizan los nueve d\u00edas de confinamiento estricto, la mayor\u00eda de los\u00a0municipios bonaerenses\u00a0y de otras ciudades del pa\u00eds, como la\u00a0Ciudad de Buenos Aires, seguir\u00e1n con las escuelas cerradas.<\/p>\n\n\n\n<div class=\"wp-block-image\"><figure class=\"aligncenter size-large\"><img loading=\"lazy\" decoding=\"async\" width=\"600\" height=\"337\" src=\"http:\/\/infoecos.com.ar\/wp-content\/uploads\/2021\/01\/cafierosantiago.jpg\" alt=\"\" class=\"wp-image-72378\" srcset=\"https:\/\/infoecos.com.ar\/wp-content\/uploads\/2021\/01\/cafierosantiago.jpg 600w, https:\/\/infoecos.com.ar\/wp-content\/uploads\/2021\/01\/cafierosantiago-460x258.jpg 460w\" sizes=\"(max-width: 600px) 100vw, 600px\" \/><\/figure><\/div>\n\n\n\n<p>En referencia a la situaci\u00f3n, la directora General de Cultura y Educaci\u00f3n provincial,\u00a0<strong>Agustina Vila<\/strong>, adelant\u00f3 que desde el lunes \u201cen algunos distritos habr\u00e1 clases presenciales y en otros no\u201d.<\/p>\n\n\n\n<p>\u201cHasta la semana pasada hab\u00eda 80 distritos que se encontraban en situaci\u00f3n epidemiol\u00f3gica para dar clases presenciales.\u00a0Desde el viernes (por hoy) sabremos qu\u00e9 distritos est\u00e1n en fase 3, 4 y 5 para poder tener clases presenciales\u201d, indic\u00f3 la funcionaria.<\/p>\n\n\n\n<p>Seg\u00fan la campa\u00f1a que iniciaron los docentes bonaerenses para visibilizar que en la provincia se realizan clases virtuales, solamente en\u00a0Benito Ju\u00e1rez, Monte Hermoso, Pila, San Cayetano y Tordillo\u00a0mantienen la presencialidad.<\/p>\n","protected":false},"excerpt":{"rendered":"<p>En referencia a la situaci\u00f3n, la directora General de Cultura y Educaci\u00f3n provincial, Agustina Vila, adelant\u00f3 que desde el lunes \u201cen algunos distritos habr\u00e1 clases presenciales y en otros no\u201d<\/p>\n","protected":false},"author":2,"featured_media":72378,"comment_status":"closed","ping_status":"open","sticky":false,"template":"","format":"standard","meta":{"footnotes":""},"categories":[47],"tags":[3775],"class_list":["post-78801","post","type-post","status-publish","format-standard","has-post-thumbnail","hentry","category-c3nota2","tag-declaraciones-de-cafiero-y-vila"],"yoast_head":"<!-- This site is optimized with the Yoast SEO plugin v23.4 - https:\/\/yoast.com\/wordpress\/plugins\/seo\/ -->\n<title>Los municipios que sigan en &quot;alarma epidemiol\u00f3gica&quot; deber\u00e1n continuar con las clases virtuales - Infoecos<\/title>\n<meta name=\"robots\" content=\"index, follow, max-snippet:-1, max-image-preview:large, max-video-preview:-1\" \/>\n<link rel=\"canonical\" href=\"https:\/\/infoecos.com.ar\/index.php\/los-municipios-que-sigan-en-alarma-epidemiologica-deberan-continuar-con-las-clases-virtuales\/\" \/>\n<meta property=\"og:locale\" content=\"es_ES\" \/>\n<meta property=\"og:type\" content=\"article\" \/>\n<meta property=\"og:title\" content=\"Los municipios que sigan en &quot;alarma epidemiol\u00f3gica&quot; deber\u00e1n continuar con las clases virtuales - Infoecos\" \/>\n<meta property=\"og:description\" content=\"En referencia a la situaci\u00f3n, la directora General de Cultura y Educaci\u00f3n provincial, Agustina Vila, adelant\u00f3 que desde el lunes \u201cen algunos distritos habr\u00e1 clases presenciales y en otros no\u201d\" \/>\n<meta property=\"og:url\" content=\"https:\/\/infoecos.com.ar\/index.php\/los-municipios-que-sigan-en-alarma-epidemiologica-deberan-continuar-con-las-clases-virtuales\/\" \/>\n<meta property=\"og:site_name\" content=\"Infoecos\" \/>\n<meta property=\"article:publisher\" content=\"https:\/\/www.facebook.com\/profile.php?id=100063200290284\" \/>\n<meta property=\"article:published_time\" content=\"2021-05-28T03:07:16+00:00\" \/>\n<meta property=\"article:modified_time\" content=\"2021-05-28T03:07:19+00:00\" \/>\n<meta property=\"og:image\" content=\"https:\/\/infoecos.com.ar\/wp-content\/uploads\/2021\/01\/cafierosantiago.jpg\" \/>\n\t<meta property=\"og:image:width\" content=\"600\" \/>\n\t<meta property=\"og:image:height\" content=\"337\" \/>\n\t<meta property=\"og:image:type\" content=\"image\/jpeg\" \/>\n<meta name=\"author\" content=\"Jorge Matheus\" \/>\n<meta name=\"twitter:card\" content=\"summary_large_image\" \/>\n<meta name=\"twitter:creator\" content=\"@infoecos\" \/>\n<meta name=\"twitter:site\" content=\"@infoecos\" \/>\n<meta name=\"twitter:label1\" content=\"Escrito por\" \/>\n\t<meta name=\"twitter:data1\" content=\"Jorge Matheus\" \/>\n\t<meta name=\"twitter:label2\" content=\"Tiempo de lectura\" \/>\n\t<meta name=\"twitter:data2\" content=\"1 minuto\" \/>\n<script type=\"application\/ld+json\" class=\"yoast-schema-graph\">{\"@context\":\"https:\/\/schema.org\",\"@graph\":[{\"@type\":\"Article\",\"@id\":\"https:\/\/infoecos.com.ar\/index.php\/los-municipios-que-sigan-en-alarma-epidemiologica-deberan-continuar-con-las-clases-virtuales\/#article\",\"isPartOf\":{\"@id\":\"https:\/\/infoecos.com.ar\/index.php\/los-municipios-que-sigan-en-alarma-epidemiologica-deberan-continuar-con-las-clases-virtuales\/\"},\"author\":{\"name\":\"Jorge Matheus\",\"@id\":\"https:\/\/infoecos.com.ar\/#\/schema\/person\/8f5ace5ce73b4b4aac4b7245aee6f191\"},\"headline\":\"Los municipios que sigan en \u00abalarma epidemiol\u00f3gica\u00bb deber\u00e1n continuar con las clases virtuales\",\"datePublished\":\"2021-05-28T03:07:16+00:00\",\"dateModified\":\"2021-05-28T03:07:19+00:00\",\"mainEntityOfPage\":{\"@id\":\"https:\/\/infoecos.com.ar\/index.php\/los-municipios-que-sigan-en-alarma-epidemiologica-deberan-continuar-con-las-clases-virtuales\/\"},\"wordCount\":204,\"publisher\":{\"@id\":\"https:\/\/infoecos.com.ar\/#organization\"},\"image\":{\"@id\":\"https:\/\/infoecos.com.ar\/index.php\/los-municipios-que-sigan-en-alarma-epidemiologica-deberan-continuar-con-las-clases-virtuales\/#primaryimage\"},\"thumbnailUrl\":\"https:\/\/infoecos.com.ar\/wp-content\/uploads\/2021\/01\/cafierosantiago.jpg\",\"keywords\":[\"DECLARACIONES DE CAFIERO Y VILA\"],\"articleSection\":[\"C3 N2\"],\"inLanguage\":\"es\"},{\"@type\":\"WebPage\",\"@id\":\"https:\/\/infoecos.com.ar\/index.php\/los-municipios-que-sigan-en-alarma-epidemiologica-deberan-continuar-con-las-clases-virtuales\/\",\"url\":\"https:\/\/infoecos.com.ar\/index.php\/los-municipios-que-sigan-en-alarma-epidemiologica-deberan-continuar-con-las-clases-virtuales\/\",\"name\":\"Los municipios que sigan en \\\"alarma epidemiol\u00f3gica\\\" deber\u00e1n continuar con las clases virtuales - Infoecos\",\"isPartOf\":{\"@id\":\"https:\/\/infoecos.com.ar\/#website\"},\"primaryImageOfPage\":{\"@id\":\"https:\/\/infoecos.com.ar\/index.php\/los-municipios-que-sigan-en-alarma-epidemiologica-deberan-continuar-con-las-clases-virtuales\/#primaryimage\"},\"image\":{\"@id\":\"https:\/\/infoecos.com.ar\/index.php\/los-municipios-que-sigan-en-alarma-epidemiologica-deberan-continuar-con-las-clases-virtuales\/#primaryimage\"},\"thumbnailUrl\":\"https:\/\/infoecos.com.ar\/wp-content\/uploads\/2021\/01\/cafierosantiago.jpg\",\"datePublished\":\"2021-05-28T03:07:16+00:00\",\"dateModified\":\"2021-05-28T03:07:19+00:00\",\"breadcrumb\":{\"@id\":\"https:\/\/infoecos.com.ar\/index.php\/los-municipios-que-sigan-en-alarma-epidemiologica-deberan-continuar-con-las-clases-virtuales\/#breadcrumb\"},\"inLanguage\":\"es\",\"potentialAction\":[{\"@type\":\"ReadAction\",\"target\":[\"https:\/\/infoecos.com.ar\/index.php\/los-municipios-que-sigan-en-alarma-epidemiologica-deberan-continuar-con-las-clases-virtuales\/\"]}]},{\"@type\":\"ImageObject\",\"inLanguage\":\"es\",\"@id\":\"https:\/\/infoecos.com.ar\/index.php\/los-municipios-que-sigan-en-alarma-epidemiologica-deberan-continuar-con-las-clases-virtuales\/#primaryimage\",\"url\":\"https:\/\/infoecos.com.ar\/wp-content\/uploads\/2021\/01\/cafierosantiago.jpg\",\"contentUrl\":\"https:\/\/infoecos.com.ar\/wp-content\/uploads\/2021\/01\/cafierosantiago.jpg\",\"width\":600,\"height\":337},{\"@type\":\"BreadcrumbList\",\"@id\":\"https:\/\/infoecos.com.ar\/index.php\/los-municipios-que-sigan-en-alarma-epidemiologica-deberan-continuar-con-las-clases-virtuales\/#breadcrumb\",\"itemListElement\":[{\"@type\":\"ListItem\",\"position\":1,\"name\":\"Portada\",\"item\":\"https:\/\/infoecos.com.ar\/\"},{\"@type\":\"ListItem\",\"position\":2,\"name\":\"Los municipios que sigan en \u00abalarma epidemiol\u00f3gica\u00bb deber\u00e1n continuar con las clases virtuales\"}]},{\"@type\":\"WebSite\",\"@id\":\"https:\/\/infoecos.com.ar\/#website\",\"url\":\"https:\/\/infoecos.com.ar\/\",\"name\":\"Infoecos\",\"description\":\"Noticias de trenque lauquen y la zona\",\"publisher\":{\"@id\":\"https:\/\/infoecos.com.ar\/#organization\"},\"alternateName\":\"Noticias\",\"potentialAction\":[{\"@type\":\"SearchAction\",\"target\":{\"@type\":\"EntryPoint\",\"urlTemplate\":\"https:\/\/infoecos.com.ar\/?s={search_term_string}\"},\"query-input\":{\"@type\":\"PropertyValueSpecification\",\"valueRequired\":true,\"valueName\":\"search_term_string\"}}],\"inLanguage\":\"es\"},{\"@type\":\"Organization\",\"@id\":\"https:\/\/infoecos.com.ar\/#organization\",\"name\":\"Infoecos\",\"alternateName\":\"Noticias\",\"url\":\"https:\/\/infoecos.com.ar\/\",\"logo\":{\"@type\":\"ImageObject\",\"inLanguage\":\"es\",\"@id\":\"https:\/\/infoecos.com.ar\/#\/schema\/logo\/image\/\",\"url\":\"https:\/\/infoecos.com.ar\/wp-content\/uploads\/2024\/03\/cropped-logo.png\",\"contentUrl\":\"https:\/\/infoecos.com.ar\/wp-content\/uploads\/2024\/03\/cropped-logo.png\",\"width\":374,\"height\":90,\"caption\":\"Infoecos\"},\"image\":{\"@id\":\"https:\/\/infoecos.com.ar\/#\/schema\/logo\/image\/\"},\"sameAs\":[\"https:\/\/www.facebook.com\/profile.php?id=100063200290284\",\"https:\/\/x.com\/infoecos\"]},{\"@type\":\"Person\",\"@id\":\"https:\/\/infoecos.com.ar\/#\/schema\/person\/8f5ace5ce73b4b4aac4b7245aee6f191\",\"name\":\"Jorge Matheus\",\"url\":\"https:\/\/infoecos.com.ar\/index.php\/author\/jomatheus\/\"}]}<\/script>\n<!-- \/ Yoast SEO plugin. -->","yoast_head_json":{"title":"Los municipios que sigan en \"alarma epidemiol\u00f3gica\" deber\u00e1n continuar con las clases virtuales - Infoecos","robots":{"index":"index","follow":"follow","max-snippet":"max-snippet:-1","max-image-preview":"max-image-preview:large","max-video-preview":"max-video-preview:-1"},"canonical":"https:\/\/infoecos.com.ar\/index.php\/los-municipios-que-sigan-en-alarma-epidemiologica-deberan-continuar-con-las-clases-virtuales\/","og_locale":"es_ES","og_type":"article","og_title":"Los municipios que sigan en \"alarma epidemiol\u00f3gica\" deber\u00e1n continuar con las clases virtuales - Infoecos","og_description":"En referencia a la situaci\u00f3n, la directora General de Cultura y Educaci\u00f3n provincial, Agustina Vila, adelant\u00f3 que desde el lunes \u201cen algunos distritos habr\u00e1 clases presenciales y en otros no\u201d","og_url":"https:\/\/infoecos.com.ar\/index.php\/los-municipios-que-sigan-en-alarma-epidemiologica-deberan-continuar-con-las-clases-virtuales\/","og_site_name":"Infoecos","article_publisher":"https:\/\/www.facebook.com\/profile.php?id=100063200290284","article_published_time":"2021-05-28T03:07:16+00:00","article_modified_time":"2021-05-28T03:07:19+00:00","og_image":[{"width":600,"height":337,"url":"https:\/\/infoecos.com.ar\/wp-content\/uploads\/2021\/01\/cafierosantiago.jpg","type":"image\/jpeg"}],"author":"Jorge Matheus","twitter_card":"summary_large_image","twitter_creator":"@infoecos","twitter_site":"@infoecos","twitter_misc":{"Escrito por":"Jorge Matheus","Tiempo de lectura":"1 minuto"},"schema":{"@context":"https:\/\/schema.org","@graph":[{"@type":"Article","@id":"https:\/\/infoecos.com.ar\/index.php\/los-municipios-que-sigan-en-alarma-epidemiologica-deberan-continuar-con-las-clases-virtuales\/#article","isPartOf":{"@id":"https:\/\/infoecos.com.ar\/index.php\/los-municipios-que-sigan-en-alarma-epidemiologica-deberan-continuar-con-las-clases-virtuales\/"},"author":{"name":"Jorge Matheus","@id":"https:\/\/infoecos.com.ar\/#\/schema\/person\/8f5ace5ce73b4b4aac4b7245aee6f191"},"headline":"Los municipios que sigan en \u00abalarma epidemiol\u00f3gica\u00bb deber\u00e1n continuar con las clases virtuales","datePublished":"2021-05-28T03:07:16+00:00","dateModified":"2021-05-28T03:07:19+00:00","mainEntityOfPage":{"@id":"https:\/\/infoecos.com.ar\/index.php\/los-municipios-que-sigan-en-alarma-epidemiologica-deberan-continuar-con-las-clases-virtuales\/"},"wordCount":204,"publisher":{"@id":"https:\/\/infoecos.com.ar\/#organization"},"image":{"@id":"https:\/\/infoecos.com.ar\/index.php\/los-municipios-que-sigan-en-alarma-epidemiologica-deberan-continuar-con-las-clases-virtuales\/#primaryimage"},"thumbnailUrl":"https:\/\/infoecos.com.ar\/wp-content\/uploads\/2021\/01\/cafierosantiago.jpg","keywords":["DECLARACIONES DE CAFIERO Y VILA"],"articleSection":["C3 N2"],"inLanguage":"es"},{"@type":"WebPage","@id":"https:\/\/infoecos.com.ar\/index.php\/los-municipios-que-sigan-en-alarma-epidemiologica-deberan-continuar-con-las-clases-virtuales\/","url":"https:\/\/infoecos.com.ar\/index.php\/los-municipios-que-sigan-en-alarma-epidemiologica-deberan-continuar-con-las-clases-virtuales\/","name":"Los municipios que sigan en \"alarma epidemiol\u00f3gica\" deber\u00e1n continuar con las clases virtuales - Infoecos","isPartOf":{"@id":"https:\/\/infoecos.com.ar\/#website"},"primaryImageOfPage":{"@id":"https:\/\/infoecos.com.ar\/index.php\/los-municipios-que-sigan-en-alarma-epidemiologica-deberan-continuar-con-las-clases-virtuales\/#primaryimage"},"image":{"@id":"https:\/\/infoecos.com.ar\/index.php\/los-municipios-que-sigan-en-alarma-epidemiologica-deberan-continuar-con-las-clases-virtuales\/#primaryimage"},"thumbnailUrl":"https:\/\/infoecos.com.ar\/wp-content\/uploads\/2021\/01\/cafierosantiago.jpg","datePublished":"2021-05-28T03:07:16+00:00","dateModified":"2021-05-28T03:07:19+00:00","breadcrumb":{"@id":"https:\/\/infoecos.com.ar\/index.php\/los-municipios-que-sigan-en-alarma-epidemiologica-deberan-continuar-con-las-clases-virtuales\/#breadcrumb"},"inLanguage":"es","potentialAction":[{"@type":"ReadAction","target":["https:\/\/infoecos.com.ar\/index.php\/los-municipios-que-sigan-en-alarma-epidemiologica-deberan-continuar-con-las-clases-virtuales\/"]}]},{"@type":"ImageObject","inLanguage":"es","@id":"https:\/\/infoecos.com.ar\/index.php\/los-municipios-que-sigan-en-alarma-epidemiologica-deberan-continuar-con-las-clases-virtuales\/#primaryimage","url":"https:\/\/infoecos.com.ar\/wp-content\/uploads\/2021\/01\/cafierosantiago.jpg","contentUrl":"https:\/\/infoecos.com.ar\/wp-content\/uploads\/2021\/01\/cafierosantiago.jpg","width":600,"height":337},{"@type":"BreadcrumbList","@id":"https:\/\/infoecos.com.ar\/index.php\/los-municipios-que-sigan-en-alarma-epidemiologica-deberan-continuar-con-las-clases-virtuales\/#breadcrumb","itemListElement":[{"@type":"ListItem","position":1,"name":"Portada","item":"https:\/\/infoecos.com.ar\/"},{"@type":"ListItem","position":2,"name":"Los municipios que sigan en \u00abalarma epidemiol\u00f3gica\u00bb deber\u00e1n continuar con las clases virtuales"}]},{"@type":"WebSite","@id":"https:\/\/infoecos.com.ar\/#website","url":"https:\/\/infoecos.com.ar\/","name":"Infoecos","description":"Noticias de trenque lauquen y la zona","publisher":{"@id":"https:\/\/infoecos.com.ar\/#organization"},"alternateName":"Noticias","potentialAction":[{"@type":"SearchAction","target":{"@type":"EntryPoint","urlTemplate":"https:\/\/infoecos.com.ar\/?s={search_term_string}"},"query-input":{"@type":"PropertyValueSpecification","valueRequired":true,"valueName":"search_term_string"}}],"inLanguage":"es"},{"@type":"Organization","@id":"https:\/\/infoecos.com.ar\/#organization","name":"Infoecos","alternateName":"Noticias","url":"https:\/\/infoecos.com.ar\/","logo":{"@type":"ImageObject","inLanguage":"es","@id":"https:\/\/infoecos.com.ar\/#\/schema\/logo\/image\/","url":"https:\/\/infoecos.com.ar\/wp-content\/uploads\/2024\/03\/cropped-logo.png","contentUrl":"https:\/\/infoecos.com.ar\/wp-content\/uploads\/2024\/03\/cropped-logo.png","width":374,"height":90,"caption":"Infoecos"},"image":{"@id":"https:\/\/infoecos.com.ar\/#\/schema\/logo\/image\/"},"sameAs":["https:\/\/www.facebook.com\/profile.php?id=100063200290284","https:\/\/x.com\/infoecos"]},{"@type":"Person","@id":"https:\/\/infoecos.com.ar\/#\/schema\/person\/8f5ace5ce73b4b4aac4b7245aee6f191","name":"Jorge Matheus","url":"https:\/\/infoecos.com.ar\/index.php\/author\/jomatheus\/"}]}},"featured_image_urls":{"full":["https:\/\/infoecos.com.ar\/wp-content\/uploads\/2021\/01\/cafierosantiago.jpg",600,337,false],"thumbnail":["https:\/\/infoecos.com.ar\/wp-content\/uploads\/2021\/01\/cafierosantiago-150x150.jpg",150,150,true],"medium":["https:\/\/infoecos.com.ar\/wp-content\/uploads\/2021\/01\/cafierosantiago-460x258.jpg",460,258,true],"medium_large":["https:\/\/infoecos.com.ar\/wp-content\/uploads\/2021\/01\/cafierosantiago.jpg",600,337,false],"large":["https:\/\/infoecos.com.ar\/wp-content\/uploads\/2021\/01\/cafierosantiago.jpg",600,337,false],"1536x1536":["https:\/\/infoecos.com.ar\/wp-content\/uploads\/2021\/01\/cafierosantiago.jpg",600,337,false],"2048x2048":["https:\/\/infoecos.com.ar\/wp-content\/uploads\/2021\/01\/cafierosantiago.jpg",600,337,false],"covernews-slider-full":["https:\/\/infoecos.com.ar\/wp-content\/uploads\/2021\/01\/cafierosantiago.jpg",600,337,false],"covernews-slider-center":["https:\/\/infoecos.com.ar\/wp-content\/uploads\/2021\/01\/cafierosantiago.jpg",600,337,false],"covernews-featured":["https:\/\/infoecos.com.ar\/wp-content\/uploads\/2021\/01\/cafierosantiago.jpg",600,337,false],"covernews-medium":["https:\/\/infoecos.com.ar\/wp-content\/uploads\/2021\/01\/cafierosantiago.jpg",540,303,false],"covernews-medium-square":["https:\/\/infoecos.com.ar\/wp-content\/uploads\/2021\/01\/cafierosantiago.jpg",400,225,false]},"author_info":{"info":["Jorge Matheus"]},"category_info":"<a href=\"https:\/\/infoecos.com.ar\/index.php\/category\/c3nota2\/\" rel=\"category tag\">C3 N2<\/a>","tag_info":"C3 N2","comment_count":"0","_links":{"self":[{"href":"https:\/\/infoecos.com.ar\/index.php\/wp-json\/wp\/v2\/posts\/78801"}],"collection":[{"href":"https:\/\/infoecos.com.ar\/index.php\/wp-json\/wp\/v2\/posts"}],"about":[{"href":"https:\/\/infoecos.com.ar\/index.php\/wp-json\/wp\/v2\/types\/post"}],"author":[{"embeddable":true,"href":"https:\/\/infoecos.com.ar\/index.php\/wp-json\/wp\/v2\/users\/2"}],"replies":[{"embeddable":true,"href":"https:\/\/infoecos.com.ar\/index.php\/wp-json\/wp\/v2\/comments?post=78801"}],"version-history":[{"count":1,"href":"https:\/\/infoecos.com.ar\/index.php\/wp-json\/wp\/v2\/posts\/78801\/revisions"}],"predecessor-version":[{"id":78802,"href":"https:\/\/infoecos.com.ar\/index.php\/wp-json\/wp\/v2\/posts\/78801\/revisions\/78802"}],"wp:featuredmedia":[{"embeddable":true,"href":"https:\/\/infoecos.com.ar\/index.php\/wp-json\/wp\/v2\/media\/72378"}],"wp:attachment":[{"href":"https:\/\/infoecos.com.ar\/index.php\/wp-json\/wp\/v2\/media?parent=78801"}],"wp:term":[{"taxonomy":"category","embeddable":true,"href":"https:\/\/infoecos.com.ar\/index.php\/wp-json\/wp\/v2\/categories?post=78801"},{"taxonomy":"post_tag","embeddable":true,"href":"https:\/\/infoecos.com.ar\/index.php\/wp-json\/wp\/v2\/tags?post=78801"}],"curies":[{"name":"wp","href":"https:\/\/api.w.org\/{rel}","templated":true}]}}