{"id":78805,"date":"2021-05-28T00:34:51","date_gmt":"2021-05-28T03:34:51","guid":{"rendered":"http:\/\/infoecos.com.ar\/?p=78805"},"modified":"2021-05-28T00:34:54","modified_gmt":"2021-05-28T03:34:54","slug":"pehuajo-baja-a-fase-2-lo-comunico-el-intendente-pablo-zurro","status":"publish","type":"post","link":"https:\/\/infoecos.com.ar\/index.php\/pehuajo-baja-a-fase-2-lo-comunico-el-intendente-pablo-zurro\/","title":{"rendered":"Pehuaj\u00f3 baja a Fase 2: lo comunic\u00f3 el intendente Pablo Zurro"},"content":{"rendered":"\n<p>El intendente municipal de Pehuaj\u00f3, Pablo Zurro, comunic\u00f3 este jueves que el distrito baja a Fase 2 ya que en las \u00faltimas semanas se han registrado 1085 casos.<\/p>\n\n\n\n<p>El mandatario comunal explic\u00f3 \u00abque es importante que toda la poblaci\u00f3n sepa que tenemos el 60% de las camas de terapia intensiva ocupadas. Y el 98% de camas comunes de internaci\u00f3n por covid ocupadas. La situaci\u00f3n a la que nos enfrentamos con la pandemia por coronavirus es compleja y d\u00eda a d\u00eda, trabajamos para sobreponernos\u00bb.<\/p>\n\n\n\n<div class=\"wp-block-image\"><figure class=\"aligncenter size-medium\"><img loading=\"lazy\" decoding=\"async\" width=\"460\" height=\"307\" src=\"http:\/\/infoecos.com.ar\/wp-content\/uploads\/2021\/03\/zurropablo-460x307.jpg\" alt=\"\" class=\"wp-image-75416\" srcset=\"https:\/\/infoecos.com.ar\/wp-content\/uploads\/2021\/03\/zurropablo-460x307.jpg 460w, https:\/\/infoecos.com.ar\/wp-content\/uploads\/2021\/03\/zurropablo-920x613.jpg 920w, https:\/\/infoecos.com.ar\/wp-content\/uploads\/2021\/03\/zurropablo-768x512.jpg 768w, https:\/\/infoecos.com.ar\/wp-content\/uploads\/2021\/03\/zurropablo-1024x682.jpg 1024w, https:\/\/infoecos.com.ar\/wp-content\/uploads\/2021\/03\/zurropablo-675x450.jpg 675w, https:\/\/infoecos.com.ar\/wp-content\/uploads\/2021\/03\/zurropablo.jpg 1280w\" sizes=\"(max-width: 460px) 100vw, 460px\" \/><\/figure><\/div>\n\n\n\n<p>Zurro anticip\u00f3 que hoy \u00abse aplicar\u00e1n 400 segundas dosis de la vacuna Covishield de laboratorios Astrazeneca y que este fin de semana recibiremos una importante cantidad de primeras dosis para avanzar en diferentes grupos. Resulta indispensable que aquellos que se inscribieron est\u00e9n atentos a las notificaciones por las v\u00edas ya difundidas desde el comienzo de la campa\u00f1a\u00bb.<\/p>\n\n\n\n<p>Adelant\u00f3 que \u00ablas medidas de fase 2 entrar\u00edan en vigencia a partir del lunes 31 de mayo. Ya me he comunicado con mis funcionarios. El d\u00eda domingo vamos a hacer un comunicado detallado. Para ello estamos trabajando con provincia de Buenos Aires, porque nosotros sabemos lo que implica una fase 2, pero estamos estudiando todas las variantes dentro de la fase mencionada que permitan alg\u00fan tipo de apertura. No se olviden, esto se lo digo a los gimnasios a los comerciantes, a todos los comerciantes con quienes tengo una comunicaci\u00f3n abierta, que pueden hablar conmigo, que estoy predispuesto para conversar. Saben que tengo empat\u00eda, que s\u00e9 lo que nos est\u00e1 pasando y se lo que est\u00e1 pasando en Pehuaj\u00f3 con tantos fallecidos, con tantos aislados, y con tantos contagiados de covid-19\u00bb.<\/p>\n","protected":false},"excerpt":{"rendered":"<p>Zurro anticip\u00f3 que hoy \u00abse aplicar\u00e1n 400 segundas dosis de la vacuna Covishield de laboratorios Astrazeneca y que este fin de semana recibiremos una importante cantidad de primeras dosis\u00bb<\/p>\n","protected":false},"author":2,"featured_media":75094,"comment_status":"closed","ping_status":"open","sticky":false,"template":"","format":"standard","meta":{"footnotes":""},"categories":[48],"tags":[3776],"class_list":["post-78805","post","type-post","status-publish","format-standard","has-post-thumbnail","hentry","category-c2nota3","tag-1085-casos-en-las-ultimas-semanas"],"yoast_head":"<!-- This site is optimized with the Yoast SEO plugin v23.4 - https:\/\/yoast.com\/wordpress\/plugins\/seo\/ -->\n<title>Pehuaj\u00f3 baja a Fase 2: lo comunic\u00f3 el intendente Pablo Zurro - Infoecos<\/title>\n<meta name=\"robots\" content=\"index, follow, max-snippet:-1, max-image-preview:large, max-video-preview:-1\" \/>\n<link rel=\"canonical\" href=\"https:\/\/infoecos.com.ar\/index.php\/pehuajo-baja-a-fase-2-lo-comunico-el-intendente-pablo-zurro\/\" \/>\n<meta property=\"og:locale\" content=\"es_ES\" \/>\n<meta property=\"og:type\" content=\"article\" \/>\n<meta property=\"og:title\" content=\"Pehuaj\u00f3 baja a Fase 2: lo comunic\u00f3 el intendente Pablo Zurro - Infoecos\" \/>\n<meta property=\"og:description\" content=\"Zurro anticip\u00f3 que hoy &quot;se aplicar\u00e1n 400 segundas dosis de la vacuna Covishield de laboratorios Astrazeneca y que este fin de semana recibiremos una importante cantidad de primeras dosis&quot;\" \/>\n<meta property=\"og:url\" content=\"https:\/\/infoecos.com.ar\/index.php\/pehuajo-baja-a-fase-2-lo-comunico-el-intendente-pablo-zurro\/\" \/>\n<meta property=\"og:site_name\" content=\"Infoecos\" \/>\n<meta property=\"article:publisher\" content=\"https:\/\/www.facebook.com\/profile.php?id=100063200290284\" \/>\n<meta property=\"article:published_time\" content=\"2021-05-28T03:34:51+00:00\" \/>\n<meta property=\"article:modified_time\" content=\"2021-05-28T03:34:54+00:00\" \/>\n<meta property=\"og:image\" content=\"https:\/\/infoecos.com.ar\/wp-content\/uploads\/2021\/03\/zurropabloypichetto.jpg\" \/>\n\t<meta property=\"og:image:width\" content=\"366\" \/>\n\t<meta property=\"og:image:height\" content=\"206\" \/>\n\t<meta property=\"og:image:type\" content=\"image\/jpeg\" \/>\n<meta name=\"author\" content=\"Jorge Matheus\" \/>\n<meta name=\"twitter:card\" content=\"summary_large_image\" \/>\n<meta name=\"twitter:creator\" content=\"@infoecos\" \/>\n<meta name=\"twitter:site\" content=\"@infoecos\" \/>\n<meta name=\"twitter:label1\" content=\"Escrito por\" \/>\n\t<meta name=\"twitter:data1\" content=\"Jorge Matheus\" \/>\n\t<meta name=\"twitter:label2\" content=\"Tiempo de lectura\" \/>\n\t<meta name=\"twitter:data2\" content=\"1 minuto\" \/>\n<script type=\"application\/ld+json\" class=\"yoast-schema-graph\">{\"@context\":\"https:\/\/schema.org\",\"@graph\":[{\"@type\":\"Article\",\"@id\":\"https:\/\/infoecos.com.ar\/index.php\/pehuajo-baja-a-fase-2-lo-comunico-el-intendente-pablo-zurro\/#article\",\"isPartOf\":{\"@id\":\"https:\/\/infoecos.com.ar\/index.php\/pehuajo-baja-a-fase-2-lo-comunico-el-intendente-pablo-zurro\/\"},\"author\":{\"name\":\"Jorge Matheus\",\"@id\":\"https:\/\/infoecos.com.ar\/#\/schema\/person\/8f5ace5ce73b4b4aac4b7245aee6f191\"},\"headline\":\"Pehuaj\u00f3 baja a Fase 2: lo comunic\u00f3 el intendente Pablo Zurro\",\"datePublished\":\"2021-05-28T03:34:51+00:00\",\"dateModified\":\"2021-05-28T03:34:54+00:00\",\"mainEntityOfPage\":{\"@id\":\"https:\/\/infoecos.com.ar\/index.php\/pehuajo-baja-a-fase-2-lo-comunico-el-intendente-pablo-zurro\/\"},\"wordCount\":287,\"publisher\":{\"@id\":\"https:\/\/infoecos.com.ar\/#organization\"},\"image\":{\"@id\":\"https:\/\/infoecos.com.ar\/index.php\/pehuajo-baja-a-fase-2-lo-comunico-el-intendente-pablo-zurro\/#primaryimage\"},\"thumbnailUrl\":\"https:\/\/infoecos.com.ar\/wp-content\/uploads\/2021\/03\/zurropabloypichetto.jpg\",\"keywords\":[\"1085 CASOS EN LAS \u00daLTIMAS SEMANAS\"],\"articleSection\":[\"C2 N3\"],\"inLanguage\":\"es\"},{\"@type\":\"WebPage\",\"@id\":\"https:\/\/infoecos.com.ar\/index.php\/pehuajo-baja-a-fase-2-lo-comunico-el-intendente-pablo-zurro\/\",\"url\":\"https:\/\/infoecos.com.ar\/index.php\/pehuajo-baja-a-fase-2-lo-comunico-el-intendente-pablo-zurro\/\",\"name\":\"Pehuaj\u00f3 baja a Fase 2: lo comunic\u00f3 el intendente Pablo Zurro - Infoecos\",\"isPartOf\":{\"@id\":\"https:\/\/infoecos.com.ar\/#website\"},\"primaryImageOfPage\":{\"@id\":\"https:\/\/infoecos.com.ar\/index.php\/pehuajo-baja-a-fase-2-lo-comunico-el-intendente-pablo-zurro\/#primaryimage\"},\"image\":{\"@id\":\"https:\/\/infoecos.com.ar\/index.php\/pehuajo-baja-a-fase-2-lo-comunico-el-intendente-pablo-zurro\/#primaryimage\"},\"thumbnailUrl\":\"https:\/\/infoecos.com.ar\/wp-content\/uploads\/2021\/03\/zurropabloypichetto.jpg\",\"datePublished\":\"2021-05-28T03:34:51+00:00\",\"dateModified\":\"2021-05-28T03:34:54+00:00\",\"breadcrumb\":{\"@id\":\"https:\/\/infoecos.com.ar\/index.php\/pehuajo-baja-a-fase-2-lo-comunico-el-intendente-pablo-zurro\/#breadcrumb\"},\"inLanguage\":\"es\",\"potentialAction\":[{\"@type\":\"ReadAction\",\"target\":[\"https:\/\/infoecos.com.ar\/index.php\/pehuajo-baja-a-fase-2-lo-comunico-el-intendente-pablo-zurro\/\"]}]},{\"@type\":\"ImageObject\",\"inLanguage\":\"es\",\"@id\":\"https:\/\/infoecos.com.ar\/index.php\/pehuajo-baja-a-fase-2-lo-comunico-el-intendente-pablo-zurro\/#primaryimage\",\"url\":\"https:\/\/infoecos.com.ar\/wp-content\/uploads\/2021\/03\/zurropabloypichetto.jpg\",\"contentUrl\":\"https:\/\/infoecos.com.ar\/wp-content\/uploads\/2021\/03\/zurropabloypichetto.jpg\",\"width\":366,\"height\":206},{\"@type\":\"BreadcrumbList\",\"@id\":\"https:\/\/infoecos.com.ar\/index.php\/pehuajo-baja-a-fase-2-lo-comunico-el-intendente-pablo-zurro\/#breadcrumb\",\"itemListElement\":[{\"@type\":\"ListItem\",\"position\":1,\"name\":\"Portada\",\"item\":\"https:\/\/infoecos.com.ar\/\"},{\"@type\":\"ListItem\",\"position\":2,\"name\":\"Pehuaj\u00f3 baja a Fase 2: lo comunic\u00f3 el intendente Pablo Zurro\"}]},{\"@type\":\"WebSite\",\"@id\":\"https:\/\/infoecos.com.ar\/#website\",\"url\":\"https:\/\/infoecos.com.ar\/\",\"name\":\"Infoecos\",\"description\":\"Noticias de trenque lauquen y la zona\",\"publisher\":{\"@id\":\"https:\/\/infoecos.com.ar\/#organization\"},\"alternateName\":\"Noticias\",\"potentialAction\":[{\"@type\":\"SearchAction\",\"target\":{\"@type\":\"EntryPoint\",\"urlTemplate\":\"https:\/\/infoecos.com.ar\/?s={search_term_string}\"},\"query-input\":{\"@type\":\"PropertyValueSpecification\",\"valueRequired\":true,\"valueName\":\"search_term_string\"}}],\"inLanguage\":\"es\"},{\"@type\":\"Organization\",\"@id\":\"https:\/\/infoecos.com.ar\/#organization\",\"name\":\"Infoecos\",\"alternateName\":\"Noticias\",\"url\":\"https:\/\/infoecos.com.ar\/\",\"logo\":{\"@type\":\"ImageObject\",\"inLanguage\":\"es\",\"@id\":\"https:\/\/infoecos.com.ar\/#\/schema\/logo\/image\/\",\"url\":\"https:\/\/infoecos.com.ar\/wp-content\/uploads\/2024\/03\/cropped-logo.png\",\"contentUrl\":\"https:\/\/infoecos.com.ar\/wp-content\/uploads\/2024\/03\/cropped-logo.png\",\"width\":374,\"height\":90,\"caption\":\"Infoecos\"},\"image\":{\"@id\":\"https:\/\/infoecos.com.ar\/#\/schema\/logo\/image\/\"},\"sameAs\":[\"https:\/\/www.facebook.com\/profile.php?id=100063200290284\",\"https:\/\/x.com\/infoecos\"]},{\"@type\":\"Person\",\"@id\":\"https:\/\/infoecos.com.ar\/#\/schema\/person\/8f5ace5ce73b4b4aac4b7245aee6f191\",\"name\":\"Jorge Matheus\",\"url\":\"https:\/\/infoecos.com.ar\/index.php\/author\/jomatheus\/\"}]}<\/script>\n<!-- \/ Yoast SEO plugin. -->","yoast_head_json":{"title":"Pehuaj\u00f3 baja a Fase 2: lo comunic\u00f3 el intendente Pablo Zurro - Infoecos","robots":{"index":"index","follow":"follow","max-snippet":"max-snippet:-1","max-image-preview":"max-image-preview:large","max-video-preview":"max-video-preview:-1"},"canonical":"https:\/\/infoecos.com.ar\/index.php\/pehuajo-baja-a-fase-2-lo-comunico-el-intendente-pablo-zurro\/","og_locale":"es_ES","og_type":"article","og_title":"Pehuaj\u00f3 baja a Fase 2: lo comunic\u00f3 el intendente Pablo Zurro - Infoecos","og_description":"Zurro anticip\u00f3 que hoy \"se aplicar\u00e1n 400 segundas dosis de la vacuna Covishield de laboratorios Astrazeneca y que este fin de semana recibiremos una importante cantidad de primeras dosis\"","og_url":"https:\/\/infoecos.com.ar\/index.php\/pehuajo-baja-a-fase-2-lo-comunico-el-intendente-pablo-zurro\/","og_site_name":"Infoecos","article_publisher":"https:\/\/www.facebook.com\/profile.php?id=100063200290284","article_published_time":"2021-05-28T03:34:51+00:00","article_modified_time":"2021-05-28T03:34:54+00:00","og_image":[{"width":366,"height":206,"url":"https:\/\/infoecos.com.ar\/wp-content\/uploads\/2021\/03\/zurropabloypichetto.jpg","type":"image\/jpeg"}],"author":"Jorge Matheus","twitter_card":"summary_large_image","twitter_creator":"@infoecos","twitter_site":"@infoecos","twitter_misc":{"Escrito por":"Jorge Matheus","Tiempo de lectura":"1 minuto"},"schema":{"@context":"https:\/\/schema.org","@graph":[{"@type":"Article","@id":"https:\/\/infoecos.com.ar\/index.php\/pehuajo-baja-a-fase-2-lo-comunico-el-intendente-pablo-zurro\/#article","isPartOf":{"@id":"https:\/\/infoecos.com.ar\/index.php\/pehuajo-baja-a-fase-2-lo-comunico-el-intendente-pablo-zurro\/"},"author":{"name":"Jorge Matheus","@id":"https:\/\/infoecos.com.ar\/#\/schema\/person\/8f5ace5ce73b4b4aac4b7245aee6f191"},"headline":"Pehuaj\u00f3 baja a Fase 2: lo comunic\u00f3 el intendente Pablo Zurro","datePublished":"2021-05-28T03:34:51+00:00","dateModified":"2021-05-28T03:34:54+00:00","mainEntityOfPage":{"@id":"https:\/\/infoecos.com.ar\/index.php\/pehuajo-baja-a-fase-2-lo-comunico-el-intendente-pablo-zurro\/"},"wordCount":287,"publisher":{"@id":"https:\/\/infoecos.com.ar\/#organization"},"image":{"@id":"https:\/\/infoecos.com.ar\/index.php\/pehuajo-baja-a-fase-2-lo-comunico-el-intendente-pablo-zurro\/#primaryimage"},"thumbnailUrl":"https:\/\/infoecos.com.ar\/wp-content\/uploads\/2021\/03\/zurropabloypichetto.jpg","keywords":["1085 CASOS EN LAS \u00daLTIMAS SEMANAS"],"articleSection":["C2 N3"],"inLanguage":"es"},{"@type":"WebPage","@id":"https:\/\/infoecos.com.ar\/index.php\/pehuajo-baja-a-fase-2-lo-comunico-el-intendente-pablo-zurro\/","url":"https:\/\/infoecos.com.ar\/index.php\/pehuajo-baja-a-fase-2-lo-comunico-el-intendente-pablo-zurro\/","name":"Pehuaj\u00f3 baja a Fase 2: lo comunic\u00f3 el intendente Pablo Zurro - Infoecos","isPartOf":{"@id":"https:\/\/infoecos.com.ar\/#website"},"primaryImageOfPage":{"@id":"https:\/\/infoecos.com.ar\/index.php\/pehuajo-baja-a-fase-2-lo-comunico-el-intendente-pablo-zurro\/#primaryimage"},"image":{"@id":"https:\/\/infoecos.com.ar\/index.php\/pehuajo-baja-a-fase-2-lo-comunico-el-intendente-pablo-zurro\/#primaryimage"},"thumbnailUrl":"https:\/\/infoecos.com.ar\/wp-content\/uploads\/2021\/03\/zurropabloypichetto.jpg","datePublished":"2021-05-28T03:34:51+00:00","dateModified":"2021-05-28T03:34:54+00:00","breadcrumb":{"@id":"https:\/\/infoecos.com.ar\/index.php\/pehuajo-baja-a-fase-2-lo-comunico-el-intendente-pablo-zurro\/#breadcrumb"},"inLanguage":"es","potentialAction":[{"@type":"ReadAction","target":["https:\/\/infoecos.com.ar\/index.php\/pehuajo-baja-a-fase-2-lo-comunico-el-intendente-pablo-zurro\/"]}]},{"@type":"ImageObject","inLanguage":"es","@id":"https:\/\/infoecos.com.ar\/index.php\/pehuajo-baja-a-fase-2-lo-comunico-el-intendente-pablo-zurro\/#primaryimage","url":"https:\/\/infoecos.com.ar\/wp-content\/uploads\/2021\/03\/zurropabloypichetto.jpg","contentUrl":"https:\/\/infoecos.com.ar\/wp-content\/uploads\/2021\/03\/zurropabloypichetto.jpg","width":366,"height":206},{"@type":"BreadcrumbList","@id":"https:\/\/infoecos.com.ar\/index.php\/pehuajo-baja-a-fase-2-lo-comunico-el-intendente-pablo-zurro\/#breadcrumb","itemListElement":[{"@type":"ListItem","position":1,"name":"Portada","item":"https:\/\/infoecos.com.ar\/"},{"@type":"ListItem","position":2,"name":"Pehuaj\u00f3 baja a Fase 2: lo comunic\u00f3 el intendente Pablo Zurro"}]},{"@type":"WebSite","@id":"https:\/\/infoecos.com.ar\/#website","url":"https:\/\/infoecos.com.ar\/","name":"Infoecos","description":"Noticias de trenque lauquen y la zona","publisher":{"@id":"https:\/\/infoecos.com.ar\/#organization"},"alternateName":"Noticias","potentialAction":[{"@type":"SearchAction","target":{"@type":"EntryPoint","urlTemplate":"https:\/\/infoecos.com.ar\/?s={search_term_string}"},"query-input":{"@type":"PropertyValueSpecification","valueRequired":true,"valueName":"search_term_string"}}],"inLanguage":"es"},{"@type":"Organization","@id":"https:\/\/infoecos.com.ar\/#organization","name":"Infoecos","alternateName":"Noticias","url":"https:\/\/infoecos.com.ar\/","logo":{"@type":"ImageObject","inLanguage":"es","@id":"https:\/\/infoecos.com.ar\/#\/schema\/logo\/image\/","url":"https:\/\/infoecos.com.ar\/wp-content\/uploads\/2024\/03\/cropped-logo.png","contentUrl":"https:\/\/infoecos.com.ar\/wp-content\/uploads\/2024\/03\/cropped-logo.png","width":374,"height":90,"caption":"Infoecos"},"image":{"@id":"https:\/\/infoecos.com.ar\/#\/schema\/logo\/image\/"},"sameAs":["https:\/\/www.facebook.com\/profile.php?id=100063200290284","https:\/\/x.com\/infoecos"]},{"@type":"Person","@id":"https:\/\/infoecos.com.ar\/#\/schema\/person\/8f5ace5ce73b4b4aac4b7245aee6f191","name":"Jorge Matheus","url":"https:\/\/infoecos.com.ar\/index.php\/author\/jomatheus\/"}]}},"featured_image_urls":{"full":["https:\/\/infoecos.com.ar\/wp-content\/uploads\/2021\/03\/zurropabloypichetto.jpg",366,206,false],"thumbnail":["https:\/\/infoecos.com.ar\/wp-content\/uploads\/2021\/03\/zurropabloypichetto-150x150.jpg",150,150,true],"medium":["https:\/\/infoecos.com.ar\/wp-content\/uploads\/2021\/03\/zurropabloypichetto.jpg",366,206,false],"medium_large":["https:\/\/infoecos.com.ar\/wp-content\/uploads\/2021\/03\/zurropabloypichetto.jpg",366,206,false],"large":["https:\/\/infoecos.com.ar\/wp-content\/uploads\/2021\/03\/zurropabloypichetto.jpg",366,206,false],"1536x1536":["https:\/\/infoecos.com.ar\/wp-content\/uploads\/2021\/03\/zurropabloypichetto.jpg",366,206,false],"2048x2048":["https:\/\/infoecos.com.ar\/wp-content\/uploads\/2021\/03\/zurropabloypichetto.jpg",366,206,false],"covernews-slider-full":["https:\/\/infoecos.com.ar\/wp-content\/uploads\/2021\/03\/zurropabloypichetto.jpg",366,206,false],"covernews-slider-center":["https:\/\/infoecos.com.ar\/wp-content\/uploads\/2021\/03\/zurropabloypichetto.jpg",366,206,false],"covernews-featured":["https:\/\/infoecos.com.ar\/wp-content\/uploads\/2021\/03\/zurropabloypichetto.jpg",366,206,false],"covernews-medium":["https:\/\/infoecos.com.ar\/wp-content\/uploads\/2021\/03\/zurropabloypichetto.jpg",366,206,false],"covernews-medium-square":["https:\/\/infoecos.com.ar\/wp-content\/uploads\/2021\/03\/zurropabloypichetto.jpg",366,206,false]},"author_info":{"info":["Jorge Matheus"]},"category_info":"<a href=\"https:\/\/infoecos.com.ar\/index.php\/category\/c2nota3\/\" rel=\"category tag\">C2 N3<\/a>","tag_info":"C2 N3","comment_count":"0","_links":{"self":[{"href":"https:\/\/infoecos.com.ar\/index.php\/wp-json\/wp\/v2\/posts\/78805"}],"collection":[{"href":"https:\/\/infoecos.com.ar\/index.php\/wp-json\/wp\/v2\/posts"}],"about":[{"href":"https:\/\/infoecos.com.ar\/index.php\/wp-json\/wp\/v2\/types\/post"}],"author":[{"embeddable":true,"href":"https:\/\/infoecos.com.ar\/index.php\/wp-json\/wp\/v2\/users\/2"}],"replies":[{"embeddable":true,"href":"https:\/\/infoecos.com.ar\/index.php\/wp-json\/wp\/v2\/comments?post=78805"}],"version-history":[{"count":1,"href":"https:\/\/infoecos.com.ar\/index.php\/wp-json\/wp\/v2\/posts\/78805\/revisions"}],"predecessor-version":[{"id":78806,"href":"https:\/\/infoecos.com.ar\/index.php\/wp-json\/wp\/v2\/posts\/78805\/revisions\/78806"}],"wp:featuredmedia":[{"embeddable":true,"href":"https:\/\/infoecos.com.ar\/index.php\/wp-json\/wp\/v2\/media\/75094"}],"wp:attachment":[{"href":"https:\/\/infoecos.com.ar\/index.php\/wp-json\/wp\/v2\/media?parent=78805"}],"wp:term":[{"taxonomy":"category","embeddable":true,"href":"https:\/\/infoecos.com.ar\/index.php\/wp-json\/wp\/v2\/categories?post=78805"},{"taxonomy":"post_tag","embeddable":true,"href":"https:\/\/infoecos.com.ar\/index.php\/wp-json\/wp\/v2\/tags?post=78805"}],"curies":[{"name":"wp","href":"https:\/\/api.w.org\/{rel}","templated":true}]}}