{"id":78820,"date":"2021-05-28T01:20:09","date_gmt":"2021-05-28T04:20:09","guid":{"rendered":"http:\/\/infoecos.com.ar\/?p=78820"},"modified":"2021-05-28T01:20:11","modified_gmt":"2021-05-28T04:20:11","slug":"fernandez-vamos-a-levantar-el-cierre-cuando-tengamos-el-tema-resuelto","status":"publish","type":"post","link":"https:\/\/infoecos.com.ar\/index.php\/fernandez-vamos-a-levantar-el-cierre-cuando-tengamos-el-tema-resuelto\/","title":{"rendered":"Fern\u00e1ndez: \u00abVamos a levantar el cierre cuando tengamos el tema resuelto\u00bb"},"content":{"rendered":"\n<p class=\"wp-block-paragraph\">El presidente Alberto Fern\u00e1ndez anunci\u00f3 que&nbsp;<strong><a href=\"https:\/\/www.telam.com.ar\/notas\/202105\/554848-exportacion-carne-abastecimiento.html\" target=\"_blank\" rel=\"noreferrer noopener\">las exportaciones de carnes<\/a><\/strong>&nbsp;retornar\u00e1n cuando el Gobierno tenga \u00abresuelto el tema\u00bb porque \u00abno puede faltar comida en la mesa de los argentinos\u00bb.<\/p>\n\n\n\n<div class=\"wp-block-image\"><figure class=\"aligncenter size-medium\"><img loading=\"lazy\" decoding=\"async\" width=\"460\" height=\"259\" src=\"http:\/\/infoecos.com.ar\/wp-content\/uploads\/2021\/04\/albertofernandezxtenres-460x259.jpg\" alt=\"\" class=\"wp-image-77560\" srcset=\"https:\/\/infoecos.com.ar\/wp-content\/uploads\/2021\/04\/albertofernandezxtenres-460x259.jpg 460w, https:\/\/infoecos.com.ar\/wp-content\/uploads\/2021\/04\/albertofernandezxtenres-920x518.jpg 920w, https:\/\/infoecos.com.ar\/wp-content\/uploads\/2021\/04\/albertofernandezxtenres-768x432.jpg 768w, https:\/\/infoecos.com.ar\/wp-content\/uploads\/2021\/04\/albertofernandezxtenres.jpg 1004w\" sizes=\"auto, (max-width: 460px) 100vw, 460px\" \/><\/figure><\/div>\n\n\n\n<p class=\"wp-block-paragraph\">\u00abVamos a levantar el cierre cuando tengamos resuelto este tema\u00bb, dijo el Presidente en una entrevista por Youtube, porque \u00abentre los exportadores y la gente, elijo la gente\u00bb.<\/p>\n\n\n\n<p class=\"wp-block-paragraph\">\u00abEsper\u00e9 a&nbsp;<strong><a href=\"https:\/\/www.telam.com.ar\/notas\/202105\/555576-conversaciones-gobierno-privados-exportaciones-carne.html\" target=\"_blank\" rel=\"noreferrer noopener\">los exportadores<\/a><\/strong>&nbsp;todo lo que ten\u00eda que esperar, pero no puede faltar comida en la mesa de los argentinos\u00bb, remarc\u00f3.<\/p>\n\n\n\n<p class=\"wp-block-paragraph\">Fern\u00e1ndez&nbsp;<strong>indic\u00f3 que a partir del 1 de enero pr\u00f3ximo el Gobierno exigir\u00e1 que los productores \u00abvendan la carne trozada, por ejemplo el lomo por un lado y el asado por el otro\u00bb<\/strong>.<\/p>\n\n\n\n<p class=\"wp-block-paragraph\">\u00abSi se exporta el 30% de lo que se produce tenemos un problema enorme con los precios internos, y entonces si no se exporta habr\u00e1 m\u00e1s ofertas y los precios tender\u00e1n a bajar, de acuerdo a la l\u00f3gica del mercado\u00bb, explic\u00f3.<\/p>\n\n\n\n<p class=\"wp-block-paragraph\">El mandatario se\u00f1al\u00f3 que \u00abnunca hicieron nada los productores frigor\u00edficos, con precios internacionales similares al precio local\u00bb, y se pregunt\u00f3 \u00abpor qu\u00e9 los argentinos tienen que pagarlo\u00bb de la misma manera.<\/p>\n","protected":false},"excerpt":{"rendered":"<p>\u00abEsper\u00e9 a los exportadores todo lo que ten\u00eda que esperar, pero no puede faltar comida en la mesa de los argentinos\u00bb, remarc\u00f3 el presidente de la Naci\u00f3n<\/p>\n","protected":false},"author":2,"featured_media":78445,"comment_status":"closed","ping_status":"open","sticky":false,"template":"","format":"standard","meta":{"footnotes":""},"categories":[1341],"tags":[3778],"class_list":["post-78820","post","type-post","status-publish","format-standard","has-post-thumbnail","hentry","category-c1nota7","tag-exportaciones-de-carnes"],"featured_image_urls":{"full":["https:\/\/infoecos.com.ar\/wp-content\/uploads\/2021\/05\/fernandezanuncios.jpg",1004,565,false],"thumbnail":["https:\/\/infoecos.com.ar\/wp-content\/uploads\/2021\/05\/fernandezanuncios-150x150.jpg",150,150,true],"medium":["https:\/\/infoecos.com.ar\/wp-content\/uploads\/2021\/05\/fernandezanuncios-460x259.jpg",460,259,true],"medium_large":["https:\/\/infoecos.com.ar\/wp-content\/uploads\/2021\/05\/fernandezanuncios-768x432.jpg",640,360,true],"large":["https:\/\/infoecos.com.ar\/wp-content\/uploads\/2021\/05\/fernandezanuncios-920x518.jpg",640,360,true],"1536x1536":["https:\/\/infoecos.com.ar\/wp-content\/uploads\/2021\/05\/fernandezanuncios.jpg",1004,565,false],"2048x2048":["https:\/\/infoecos.com.ar\/wp-content\/uploads\/2021\/05\/fernandezanuncios.jpg",1004,565,false],"covernews-slider-full":["https:\/\/infoecos.com.ar\/wp-content\/uploads\/2021\/05\/fernandezanuncios.jpg",1004,565,false],"covernews-slider-center":["https:\/\/infoecos.com.ar\/wp-content\/uploads\/2021\/05\/fernandezanuncios-936x565.jpg",800,483,true],"covernews-featured":["https:\/\/infoecos.com.ar\/wp-content\/uploads\/2021\/05\/fernandezanuncios.jpg",1004,565,false],"covernews-medium":["https:\/\/infoecos.com.ar\/wp-content\/uploads\/2021\/05\/fernandezanuncios-720x380.jpg",540,285,true],"covernews-medium-square":["https:\/\/infoecos.com.ar\/wp-content\/uploads\/2021\/05\/fernandezanuncios-675x450.jpg",375,250,true]},"author_info":{"info":["Jorge Matheus"]},"category_info":"<a href=\"https:\/\/infoecos.com.ar\/index.php\/category\/c1nota7\/\" rel=\"category tag\">C1 nota 7<\/a>","tag_info":"C1 nota 7","comment_count":"0","_links":{"self":[{"href":"https:\/\/infoecos.com.ar\/index.php\/wp-json\/wp\/v2\/posts\/78820","targetHints":{"allow":["GET"]}}],"collection":[{"href":"https:\/\/infoecos.com.ar\/index.php\/wp-json\/wp\/v2\/posts"}],"about":[{"href":"https:\/\/infoecos.com.ar\/index.php\/wp-json\/wp\/v2\/types\/post"}],"author":[{"embeddable":true,"href":"https:\/\/infoecos.com.ar\/index.php\/wp-json\/wp\/v2\/users\/2"}],"replies":[{"embeddable":true,"href":"https:\/\/infoecos.com.ar\/index.php\/wp-json\/wp\/v2\/comments?post=78820"}],"version-history":[{"count":1,"href":"https:\/\/infoecos.com.ar\/index.php\/wp-json\/wp\/v2\/posts\/78820\/revisions"}],"predecessor-version":[{"id":78821,"href":"https:\/\/infoecos.com.ar\/index.php\/wp-json\/wp\/v2\/posts\/78820\/revisions\/78821"}],"wp:featuredmedia":[{"embeddable":true,"href":"https:\/\/infoecos.com.ar\/index.php\/wp-json\/wp\/v2\/media\/78445"}],"wp:attachment":[{"href":"https:\/\/infoecos.com.ar\/index.php\/wp-json\/wp\/v2\/media?parent=78820"}],"wp:term":[{"taxonomy":"category","embeddable":true,"href":"https:\/\/infoecos.com.ar\/index.php\/wp-json\/wp\/v2\/categories?post=78820"},{"taxonomy":"post_tag","embeddable":true,"href":"https:\/\/infoecos.com.ar\/index.php\/wp-json\/wp\/v2\/tags?post=78820"}],"curies":[{"name":"wp","href":"https:\/\/api.w.org\/{rel}","templated":true}]}}