{"id":78822,"date":"2021-05-28T01:27:58","date_gmt":"2021-05-28T04:27:58","guid":{"rendered":"http:\/\/infoecos.com.ar\/?p=78822"},"modified":"2021-05-28T01:28:02","modified_gmt":"2021-05-28T04:28:02","slug":"la-anses-les-permitira-jubilarse-a-185-000-mujeres-que-no-tienen-aportes-suficientes","status":"publish","type":"post","link":"https:\/\/infoecos.com.ar\/index.php\/la-anses-les-permitira-jubilarse-a-185-000-mujeres-que-no-tienen-aportes-suficientes\/","title":{"rendered":"La Anses les permitir\u00e1 jubilarse a 185.000 mujeres que no tienen aportes suficientes"},"content":{"rendered":"\n<p class=\"wp-block-paragraph\">La Administraci\u00f3n Nacional de la Seguridad Social (Anses) permitir\u00e1 jubilarse a 155.000 mujeres este a\u00f1o, y otras 30.000 el a\u00f1o que viene, que estando en edad de hacerlo no tienen los 30 a\u00f1os de aportes requeridos para acceder a la jubilaci\u00f3n.<\/p>\n\n\n\n<p class=\"wp-block-paragraph\">Seg\u00fan informaron a T\u00e9lam desde el organismo que conduce Fernanda Raverta, se trata del&nbsp;<strong>\u00abPrograma Integral de Reconocimiento de Per\u00edodos de Servicio por Tareas de Cuidado\u00bb<\/strong>, que reconoce a los fines jubilatorios un a\u00f1o por hijo e hija para mujeres y personas gestantes con hijos nacidos vivos o adoptados siendo menores de edad.<\/p>\n\n\n\n<div class=\"wp-block-image\"><figure class=\"aligncenter size-large\"><img decoding=\"async\" src=\"http:\/\/infoecos.com.ar\/wp-content\/uploads\/20140129-desde-maana-jubilados-y-pensionados-cobran-haberes-de-enero.jpg\" alt=\"\" class=\"wp-image-9456\"\/><\/figure><\/div>\n\n\n\n<p class=\"wp-block-paragraph\">Adem\u00e1s, a las mujeres que hayan sido titulares de la Asignaci\u00f3n Universal por Hijo (AUH), y el ni\u00f1o o ni\u00f1a haya percibido este derecho por lo menos durante 12 meses, se les computar\u00e1n dos a\u00f1os adicionales.<\/p>\n\n\n\n<p class=\"wp-block-paragraph\">Por \u00faltimo, a las trabajadoras registradas que hayan hecho uso del per\u00edodo de licencia por maternidad y por excedencia, tambi\u00e9n se les reconocer\u00e1 dicho plazo a los fines de acceder al derecho a una jubilaci\u00f3n.<\/p>\n\n\n\n<p class=\"wp-block-paragraph\">De acuerdo con los n\u00fameros que maneja la Anses,&nbsp;<strong>m\u00e1s de 300.000 mujeres de entre 59 y 64 a\u00f1os est\u00e1n en edad de jubilarse, pero no pueden hacerlo porque no cumplen con los 30 a\u00f1os de servicios requeridos<\/strong>&nbsp;entre sus aportes registrados y los per\u00edodos que pueden reconocerse por la actual moratoria.<\/p>\n\n\n\n<p class=\"wp-block-paragraph\">Dentro de este universo,&nbsp;<strong>155.000 estar\u00e1n en condiciones de jubilarse de manera inmediata con esta medida<\/strong>, y otras 30 mil podr\u00e1n hacerlo en el pr\u00f3ximo a\u00f1o.<\/p>\n\n\n\n<div class=\"wp-block-image\"><figure class=\"aligncenter size-medium\"><img loading=\"lazy\" decoding=\"async\" width=\"460\" height=\"305\" src=\"http:\/\/infoecos.com.ar\/wp-content\/uploads\/lvp.anses_-460x305.jpg\" alt=\"\" class=\"wp-image-64649\" srcset=\"https:\/\/infoecos.com.ar\/wp-content\/uploads\/lvp.anses_-460x305.jpg 460w, https:\/\/infoecos.com.ar\/wp-content\/uploads\/lvp.anses_-920x610.jpg 920w, https:\/\/infoecos.com.ar\/wp-content\/uploads\/lvp.anses_-768x509.jpg 768w, https:\/\/infoecos.com.ar\/wp-content\/uploads\/lvp.anses_.jpg 1024w\" sizes=\"auto, (max-width: 460px) 100vw, 460px\" \/><\/figure><\/div>\n\n\n\n<p class=\"wp-block-paragraph\">Por su parte,&nbsp;<strong>el 44% de las mujeres en edad jubilatoria no puede acceder a un beneficio previsional<\/strong>, seg\u00fan los registros de la Anses.<\/p>\n\n\n\n<p class=\"wp-block-paragraph\">\u00abUno de los factores principales que explican esta situaci\u00f3n es que, a lo largo de la vida, el mercado de trabajo formal genera m\u00e1s dificultades para insertarse a las mujeres que a los varones\u00bb, indicaron desde el organismo.<\/p>\n\n\n\n<p class=\"wp-block-paragraph\">Subrayaron que \u00abcon esta decisi\u00f3n, el Gobierno ampliar\u00eda la cobertura de la seguridad social, reconociendo derechos y acompa\u00f1ando a cada una y cada uno de los argentinos, sobre todo a quienes m\u00e1s lo necesitan\u00bb.<\/p>\n\n\n\n<p class=\"wp-block-paragraph\">\u00abEs tambi\u00e9n una reivindicaci\u00f3n de una de las luchas hist\u00f3ricas del movimiento de mujeres\u00bb, remarcaron.<\/p>\n","protected":false},"excerpt":{"rendered":"<p>De acuerdo con los n\u00fameros que maneja la Anses, m\u00e1s de 300.000 mujeres de entre 59 y 64 a\u00f1os est\u00e1n en edad de jubilarse, pero no pueden hacerlo porque no cumplen con los 30 a\u00f1os de servicios requeridos<\/p>\n","protected":false},"author":2,"featured_media":64649,"comment_status":"closed","ping_status":"open","sticky":false,"template":"","format":"standard","meta":{"footnotes":""},"categories":[1614],"tags":[97],"class_list":["post-78822","post","type-post","status-publish","format-standard","has-post-thumbnail","hentry","category-c2nota7","tag-economia"],"featured_image_urls":{"full":["https:\/\/infoecos.com.ar\/wp-content\/uploads\/lvp.anses_.jpg",1024,679,false],"thumbnail":["https:\/\/infoecos.com.ar\/wp-content\/uploads\/lvp.anses_-150x150.jpg",150,150,true],"medium":["https:\/\/infoecos.com.ar\/wp-content\/uploads\/lvp.anses_-460x305.jpg",460,305,true],"medium_large":["https:\/\/infoecos.com.ar\/wp-content\/uploads\/lvp.anses_-768x509.jpg",640,424,true],"large":["https:\/\/infoecos.com.ar\/wp-content\/uploads\/lvp.anses_-920x610.jpg",640,424,true],"1536x1536":["https:\/\/infoecos.com.ar\/wp-content\/uploads\/lvp.anses_.jpg",1024,679,false],"2048x2048":["https:\/\/infoecos.com.ar\/wp-content\/uploads\/lvp.anses_.jpg",1024,679,false],"covernews-slider-full":["https:\/\/infoecos.com.ar\/wp-content\/uploads\/lvp.anses_.jpg",1024,679,false],"covernews-slider-center":["https:\/\/infoecos.com.ar\/wp-content\/uploads\/lvp.anses_-936x679.jpg",689,500,true],"covernews-featured":["https:\/\/infoecos.com.ar\/wp-content\/uploads\/lvp.anses_.jpg",1024,679,false],"covernews-medium":["https:\/\/infoecos.com.ar\/wp-content\/uploads\/lvp.anses_-720x380.jpg",540,285,true],"covernews-medium-square":["https:\/\/infoecos.com.ar\/wp-content\/uploads\/lvp.anses_-675x450.jpg",375,250,true]},"author_info":{"info":["Jorge Matheus"]},"category_info":"<a href=\"https:\/\/infoecos.com.ar\/index.php\/category\/c2nota7\/\" rel=\"category tag\">C2 N7<\/a>","tag_info":"C2 N7","comment_count":"0","_links":{"self":[{"href":"https:\/\/infoecos.com.ar\/index.php\/wp-json\/wp\/v2\/posts\/78822","targetHints":{"allow":["GET"]}}],"collection":[{"href":"https:\/\/infoecos.com.ar\/index.php\/wp-json\/wp\/v2\/posts"}],"about":[{"href":"https:\/\/infoecos.com.ar\/index.php\/wp-json\/wp\/v2\/types\/post"}],"author":[{"embeddable":true,"href":"https:\/\/infoecos.com.ar\/index.php\/wp-json\/wp\/v2\/users\/2"}],"replies":[{"embeddable":true,"href":"https:\/\/infoecos.com.ar\/index.php\/wp-json\/wp\/v2\/comments?post=78822"}],"version-history":[{"count":1,"href":"https:\/\/infoecos.com.ar\/index.php\/wp-json\/wp\/v2\/posts\/78822\/revisions"}],"predecessor-version":[{"id":78823,"href":"https:\/\/infoecos.com.ar\/index.php\/wp-json\/wp\/v2\/posts\/78822\/revisions\/78823"}],"wp:featuredmedia":[{"embeddable":true,"href":"https:\/\/infoecos.com.ar\/index.php\/wp-json\/wp\/v2\/media\/64649"}],"wp:attachment":[{"href":"https:\/\/infoecos.com.ar\/index.php\/wp-json\/wp\/v2\/media?parent=78822"}],"wp:term":[{"taxonomy":"category","embeddable":true,"href":"https:\/\/infoecos.com.ar\/index.php\/wp-json\/wp\/v2\/categories?post=78822"},{"taxonomy":"post_tag","embeddable":true,"href":"https:\/\/infoecos.com.ar\/index.php\/wp-json\/wp\/v2\/tags?post=78822"}],"curies":[{"name":"wp","href":"https:\/\/api.w.org\/{rel}","templated":true}]}}