{"id":78846,"date":"2021-05-28T23:47:29","date_gmt":"2021-05-29T02:47:29","guid":{"rendered":"http:\/\/infoecos.com.ar\/?p=78846"},"modified":"2021-05-28T23:47:36","modified_gmt":"2021-05-29T02:47:36","slug":"continuara-hasta-el-miercoles-2-de-junio-el-cese-de-comercializacion-de-hacienda","status":"publish","type":"post","link":"https:\/\/infoecos.com.ar\/index.php\/continuara-hasta-el-miercoles-2-de-junio-el-cese-de-comercializacion-de-hacienda\/","title":{"rendered":"Continuar\u00e1 hasta el mi\u00e9rcoles 2 de Junio el cese de comercializaci\u00f3n de hacienda"},"content":{"rendered":"\n<p>Las entidades agropecuarias que integran la\u00a0Mesa de Enlace decidieron extender este viernes el cese de comercializaci\u00f3n de hacienda hasta el mi\u00e9rcoles 2 de junio, en rechazo al cierre de exportaciones de carne vacuna por 30 d\u00edas dispuesto por el Gobierno nacional ante el fuerte aumento de los precios internos.<\/p>\n\n\n\n<div class=\"wp-block-image\"><figure class=\"aligncenter size-medium\"><img decoding=\"async\" src=\"http:\/\/infoecos.com.ar\/wp-content\/uploads\/06-05-inaug-obras-en-Carnes-Pampeanas3-345x460.jpeg\" alt=\"\" class=\"wp-image-56224\"\/><\/figure><\/div>\n\n\n\n<p><strong>De esta manera, los titulares de la\u00a0Sociedad Rural (SRA), Daniel Pelegrina; de\u00a0Confederaciones Rurales\u00a0(CRA), Jorge Chemes; de\u00a0Coninagro, Carlos Iannizzotto; y de\u00a0Federaci\u00f3n Agraria<\/strong>\u00a0<strong>(FAA), Carlos Achetoni<\/strong>, prolongaron la medida de fuerza que deber\u00eda haber culminado este viernes a la medianoche.<\/p>\n\n\n\n<p>Una vez concluido ese plazo, las entidades levantar\u00e1n la medida de fuerza \u00aben funci\u00f3n de los ciclos naturales, las necesidades por los compromisos asumidos por los productores, los necesarios movimientos que implican la actividad de cr\u00eda y por sobre todo porque no queremos producir perjuicio alguno sobre el ya castigado ciudadano argentino\u00bb, esgrimieron en un comunicado.<\/p>\n","protected":false},"excerpt":{"rendered":"<p>En rechazo al cierre de exportaciones de carne vacuna por 30 d\u00edas dispuesto por el Gobierno nacional ante el fuerte aumento de los precios internos<\/p>\n","protected":false},"author":2,"featured_media":56224,"comment_status":"closed","ping_status":"open","sticky":false,"template":"","format":"standard","meta":{"footnotes":""},"categories":[29],"tags":[3784],"class_list":["post-78846","post","type-post","status-publish","format-standard","has-post-thumbnail","hentry","category-c2nota1","tag-lo-decidio-la-mesa-de-enlace"],"yoast_head":"<!-- This site is optimized with the Yoast SEO plugin v23.4 - https:\/\/yoast.com\/wordpress\/plugins\/seo\/ -->\n<title>Continuar\u00e1 hasta el mi\u00e9rcoles 2 de Junio el cese de comercializaci\u00f3n de hacienda - Infoecos<\/title>\n<meta name=\"robots\" content=\"index, follow, max-snippet:-1, max-image-preview:large, max-video-preview:-1\" \/>\n<link rel=\"canonical\" href=\"https:\/\/infoecos.com.ar\/index.php\/continuara-hasta-el-miercoles-2-de-junio-el-cese-de-comercializacion-de-hacienda\/\" \/>\n<meta property=\"og:locale\" content=\"es_ES\" \/>\n<meta property=\"og:type\" content=\"article\" \/>\n<meta property=\"og:title\" content=\"Continuar\u00e1 hasta el mi\u00e9rcoles 2 de Junio el cese de comercializaci\u00f3n de hacienda - Infoecos\" \/>\n<meta property=\"og:description\" content=\"En rechazo al cierre de exportaciones de carne vacuna por 30 d\u00edas dispuesto por el Gobierno nacional ante el fuerte aumento de los precios internos\" \/>\n<meta property=\"og:url\" content=\"https:\/\/infoecos.com.ar\/index.php\/continuara-hasta-el-miercoles-2-de-junio-el-cese-de-comercializacion-de-hacienda\/\" \/>\n<meta property=\"og:site_name\" content=\"Infoecos\" \/>\n<meta property=\"article:publisher\" content=\"https:\/\/www.facebook.com\/profile.php?id=100063200290284\" \/>\n<meta property=\"article:published_time\" content=\"2021-05-29T02:47:29+00:00\" \/>\n<meta property=\"article:modified_time\" content=\"2021-05-29T02:47:36+00:00\" \/>\n<meta property=\"og:image\" content=\"https:\/\/infoecos.com.ar\/wp-content\/uploads\/06-05-inaug-obras-en-Carnes-Pampeanas3.jpeg\" \/>\n\t<meta property=\"og:image:width\" content=\"768\" \/>\n\t<meta property=\"og:image:height\" content=\"1024\" \/>\n\t<meta property=\"og:image:type\" content=\"image\/jpeg\" \/>\n<meta name=\"author\" content=\"Jorge Matheus\" \/>\n<meta name=\"twitter:card\" content=\"summary_large_image\" \/>\n<meta name=\"twitter:creator\" content=\"@infoecos\" \/>\n<meta name=\"twitter:site\" content=\"@infoecos\" \/>\n<meta name=\"twitter:label1\" content=\"Escrito por\" \/>\n\t<meta name=\"twitter:data1\" content=\"Jorge Matheus\" \/>\n\t<meta name=\"twitter:label2\" content=\"Tiempo de lectura\" \/>\n\t<meta name=\"twitter:data2\" content=\"1 minuto\" \/>\n<script type=\"application\/ld+json\" class=\"yoast-schema-graph\">{\"@context\":\"https:\/\/schema.org\",\"@graph\":[{\"@type\":\"Article\",\"@id\":\"https:\/\/infoecos.com.ar\/index.php\/continuara-hasta-el-miercoles-2-de-junio-el-cese-de-comercializacion-de-hacienda\/#article\",\"isPartOf\":{\"@id\":\"https:\/\/infoecos.com.ar\/index.php\/continuara-hasta-el-miercoles-2-de-junio-el-cese-de-comercializacion-de-hacienda\/\"},\"author\":{\"name\":\"Jorge Matheus\",\"@id\":\"https:\/\/infoecos.com.ar\/#\/schema\/person\/8f5ace5ce73b4b4aac4b7245aee6f191\"},\"headline\":\"Continuar\u00e1 hasta el mi\u00e9rcoles 2 de Junio el cese de comercializaci\u00f3n de hacienda\",\"datePublished\":\"2021-05-29T02:47:29+00:00\",\"dateModified\":\"2021-05-29T02:47:36+00:00\",\"mainEntityOfPage\":{\"@id\":\"https:\/\/infoecos.com.ar\/index.php\/continuara-hasta-el-miercoles-2-de-junio-el-cese-de-comercializacion-de-hacienda\/\"},\"wordCount\":169,\"publisher\":{\"@id\":\"https:\/\/infoecos.com.ar\/#organization\"},\"image\":{\"@id\":\"https:\/\/infoecos.com.ar\/index.php\/continuara-hasta-el-miercoles-2-de-junio-el-cese-de-comercializacion-de-hacienda\/#primaryimage\"},\"thumbnailUrl\":\"\",\"keywords\":[\"LO DECIDI\u00d3 LA MESA DE ENLACE\"],\"articleSection\":[\"C2 nota 1\"],\"inLanguage\":\"es\"},{\"@type\":\"WebPage\",\"@id\":\"https:\/\/infoecos.com.ar\/index.php\/continuara-hasta-el-miercoles-2-de-junio-el-cese-de-comercializacion-de-hacienda\/\",\"url\":\"https:\/\/infoecos.com.ar\/index.php\/continuara-hasta-el-miercoles-2-de-junio-el-cese-de-comercializacion-de-hacienda\/\",\"name\":\"Continuar\u00e1 hasta el mi\u00e9rcoles 2 de Junio el cese de comercializaci\u00f3n de hacienda - Infoecos\",\"isPartOf\":{\"@id\":\"https:\/\/infoecos.com.ar\/#website\"},\"primaryImageOfPage\":{\"@id\":\"https:\/\/infoecos.com.ar\/index.php\/continuara-hasta-el-miercoles-2-de-junio-el-cese-de-comercializacion-de-hacienda\/#primaryimage\"},\"image\":{\"@id\":\"https:\/\/infoecos.com.ar\/index.php\/continuara-hasta-el-miercoles-2-de-junio-el-cese-de-comercializacion-de-hacienda\/#primaryimage\"},\"thumbnailUrl\":\"\",\"datePublished\":\"2021-05-29T02:47:29+00:00\",\"dateModified\":\"2021-05-29T02:47:36+00:00\",\"breadcrumb\":{\"@id\":\"https:\/\/infoecos.com.ar\/index.php\/continuara-hasta-el-miercoles-2-de-junio-el-cese-de-comercializacion-de-hacienda\/#breadcrumb\"},\"inLanguage\":\"es\",\"potentialAction\":[{\"@type\":\"ReadAction\",\"target\":[\"https:\/\/infoecos.com.ar\/index.php\/continuara-hasta-el-miercoles-2-de-junio-el-cese-de-comercializacion-de-hacienda\/\"]}]},{\"@type\":\"ImageObject\",\"inLanguage\":\"es\",\"@id\":\"https:\/\/infoecos.com.ar\/index.php\/continuara-hasta-el-miercoles-2-de-junio-el-cese-de-comercializacion-de-hacienda\/#primaryimage\",\"url\":\"\",\"contentUrl\":\"\"},{\"@type\":\"BreadcrumbList\",\"@id\":\"https:\/\/infoecos.com.ar\/index.php\/continuara-hasta-el-miercoles-2-de-junio-el-cese-de-comercializacion-de-hacienda\/#breadcrumb\",\"itemListElement\":[{\"@type\":\"ListItem\",\"position\":1,\"name\":\"Portada\",\"item\":\"https:\/\/infoecos.com.ar\/\"},{\"@type\":\"ListItem\",\"position\":2,\"name\":\"Continuar\u00e1 hasta el mi\u00e9rcoles 2 de Junio el cese de comercializaci\u00f3n de hacienda\"}]},{\"@type\":\"WebSite\",\"@id\":\"https:\/\/infoecos.com.ar\/#website\",\"url\":\"https:\/\/infoecos.com.ar\/\",\"name\":\"Infoecos\",\"description\":\"Noticias de trenque lauquen y la zona\",\"publisher\":{\"@id\":\"https:\/\/infoecos.com.ar\/#organization\"},\"alternateName\":\"Noticias\",\"potentialAction\":[{\"@type\":\"SearchAction\",\"target\":{\"@type\":\"EntryPoint\",\"urlTemplate\":\"https:\/\/infoecos.com.ar\/?s={search_term_string}\"},\"query-input\":{\"@type\":\"PropertyValueSpecification\",\"valueRequired\":true,\"valueName\":\"search_term_string\"}}],\"inLanguage\":\"es\"},{\"@type\":\"Organization\",\"@id\":\"https:\/\/infoecos.com.ar\/#organization\",\"name\":\"Infoecos\",\"alternateName\":\"Noticias\",\"url\":\"https:\/\/infoecos.com.ar\/\",\"logo\":{\"@type\":\"ImageObject\",\"inLanguage\":\"es\",\"@id\":\"https:\/\/infoecos.com.ar\/#\/schema\/logo\/image\/\",\"url\":\"https:\/\/infoecos.com.ar\/wp-content\/uploads\/2024\/03\/cropped-logo.png\",\"contentUrl\":\"https:\/\/infoecos.com.ar\/wp-content\/uploads\/2024\/03\/cropped-logo.png\",\"width\":374,\"height\":90,\"caption\":\"Infoecos\"},\"image\":{\"@id\":\"https:\/\/infoecos.com.ar\/#\/schema\/logo\/image\/\"},\"sameAs\":[\"https:\/\/www.facebook.com\/profile.php?id=100063200290284\",\"https:\/\/x.com\/infoecos\"]},{\"@type\":\"Person\",\"@id\":\"https:\/\/infoecos.com.ar\/#\/schema\/person\/8f5ace5ce73b4b4aac4b7245aee6f191\",\"name\":\"Jorge Matheus\",\"url\":\"https:\/\/infoecos.com.ar\/index.php\/author\/jomatheus\/\"}]}<\/script>\n<!-- \/ Yoast SEO plugin. -->","yoast_head_json":{"title":"Continuar\u00e1 hasta el mi\u00e9rcoles 2 de Junio el cese de comercializaci\u00f3n de hacienda - Infoecos","robots":{"index":"index","follow":"follow","max-snippet":"max-snippet:-1","max-image-preview":"max-image-preview:large","max-video-preview":"max-video-preview:-1"},"canonical":"https:\/\/infoecos.com.ar\/index.php\/continuara-hasta-el-miercoles-2-de-junio-el-cese-de-comercializacion-de-hacienda\/","og_locale":"es_ES","og_type":"article","og_title":"Continuar\u00e1 hasta el mi\u00e9rcoles 2 de Junio el cese de comercializaci\u00f3n de hacienda - Infoecos","og_description":"En rechazo al cierre de exportaciones de carne vacuna por 30 d\u00edas dispuesto por el Gobierno nacional ante el fuerte aumento de los precios internos","og_url":"https:\/\/infoecos.com.ar\/index.php\/continuara-hasta-el-miercoles-2-de-junio-el-cese-de-comercializacion-de-hacienda\/","og_site_name":"Infoecos","article_publisher":"https:\/\/www.facebook.com\/profile.php?id=100063200290284","article_published_time":"2021-05-29T02:47:29+00:00","article_modified_time":"2021-05-29T02:47:36+00:00","og_image":[{"width":768,"height":1024,"url":"https:\/\/infoecos.com.ar\/wp-content\/uploads\/06-05-inaug-obras-en-Carnes-Pampeanas3.jpeg","type":"image\/jpeg"}],"author":"Jorge Matheus","twitter_card":"summary_large_image","twitter_creator":"@infoecos","twitter_site":"@infoecos","twitter_misc":{"Escrito por":"Jorge Matheus","Tiempo de lectura":"1 minuto"},"schema":{"@context":"https:\/\/schema.org","@graph":[{"@type":"Article","@id":"https:\/\/infoecos.com.ar\/index.php\/continuara-hasta-el-miercoles-2-de-junio-el-cese-de-comercializacion-de-hacienda\/#article","isPartOf":{"@id":"https:\/\/infoecos.com.ar\/index.php\/continuara-hasta-el-miercoles-2-de-junio-el-cese-de-comercializacion-de-hacienda\/"},"author":{"name":"Jorge Matheus","@id":"https:\/\/infoecos.com.ar\/#\/schema\/person\/8f5ace5ce73b4b4aac4b7245aee6f191"},"headline":"Continuar\u00e1 hasta el mi\u00e9rcoles 2 de Junio el cese de comercializaci\u00f3n de hacienda","datePublished":"2021-05-29T02:47:29+00:00","dateModified":"2021-05-29T02:47:36+00:00","mainEntityOfPage":{"@id":"https:\/\/infoecos.com.ar\/index.php\/continuara-hasta-el-miercoles-2-de-junio-el-cese-de-comercializacion-de-hacienda\/"},"wordCount":169,"publisher":{"@id":"https:\/\/infoecos.com.ar\/#organization"},"image":{"@id":"https:\/\/infoecos.com.ar\/index.php\/continuara-hasta-el-miercoles-2-de-junio-el-cese-de-comercializacion-de-hacienda\/#primaryimage"},"thumbnailUrl":"","keywords":["LO DECIDI\u00d3 LA MESA DE ENLACE"],"articleSection":["C2 nota 1"],"inLanguage":"es"},{"@type":"WebPage","@id":"https:\/\/infoecos.com.ar\/index.php\/continuara-hasta-el-miercoles-2-de-junio-el-cese-de-comercializacion-de-hacienda\/","url":"https:\/\/infoecos.com.ar\/index.php\/continuara-hasta-el-miercoles-2-de-junio-el-cese-de-comercializacion-de-hacienda\/","name":"Continuar\u00e1 hasta el mi\u00e9rcoles 2 de Junio el cese de comercializaci\u00f3n de hacienda - Infoecos","isPartOf":{"@id":"https:\/\/infoecos.com.ar\/#website"},"primaryImageOfPage":{"@id":"https:\/\/infoecos.com.ar\/index.php\/continuara-hasta-el-miercoles-2-de-junio-el-cese-de-comercializacion-de-hacienda\/#primaryimage"},"image":{"@id":"https:\/\/infoecos.com.ar\/index.php\/continuara-hasta-el-miercoles-2-de-junio-el-cese-de-comercializacion-de-hacienda\/#primaryimage"},"thumbnailUrl":"","datePublished":"2021-05-29T02:47:29+00:00","dateModified":"2021-05-29T02:47:36+00:00","breadcrumb":{"@id":"https:\/\/infoecos.com.ar\/index.php\/continuara-hasta-el-miercoles-2-de-junio-el-cese-de-comercializacion-de-hacienda\/#breadcrumb"},"inLanguage":"es","potentialAction":[{"@type":"ReadAction","target":["https:\/\/infoecos.com.ar\/index.php\/continuara-hasta-el-miercoles-2-de-junio-el-cese-de-comercializacion-de-hacienda\/"]}]},{"@type":"ImageObject","inLanguage":"es","@id":"https:\/\/infoecos.com.ar\/index.php\/continuara-hasta-el-miercoles-2-de-junio-el-cese-de-comercializacion-de-hacienda\/#primaryimage","url":"","contentUrl":""},{"@type":"BreadcrumbList","@id":"https:\/\/infoecos.com.ar\/index.php\/continuara-hasta-el-miercoles-2-de-junio-el-cese-de-comercializacion-de-hacienda\/#breadcrumb","itemListElement":[{"@type":"ListItem","position":1,"name":"Portada","item":"https:\/\/infoecos.com.ar\/"},{"@type":"ListItem","position":2,"name":"Continuar\u00e1 hasta el mi\u00e9rcoles 2 de Junio el cese de comercializaci\u00f3n de hacienda"}]},{"@type":"WebSite","@id":"https:\/\/infoecos.com.ar\/#website","url":"https:\/\/infoecos.com.ar\/","name":"Infoecos","description":"Noticias de trenque lauquen y la zona","publisher":{"@id":"https:\/\/infoecos.com.ar\/#organization"},"alternateName":"Noticias","potentialAction":[{"@type":"SearchAction","target":{"@type":"EntryPoint","urlTemplate":"https:\/\/infoecos.com.ar\/?s={search_term_string}"},"query-input":{"@type":"PropertyValueSpecification","valueRequired":true,"valueName":"search_term_string"}}],"inLanguage":"es"},{"@type":"Organization","@id":"https:\/\/infoecos.com.ar\/#organization","name":"Infoecos","alternateName":"Noticias","url":"https:\/\/infoecos.com.ar\/","logo":{"@type":"ImageObject","inLanguage":"es","@id":"https:\/\/infoecos.com.ar\/#\/schema\/logo\/image\/","url":"https:\/\/infoecos.com.ar\/wp-content\/uploads\/2024\/03\/cropped-logo.png","contentUrl":"https:\/\/infoecos.com.ar\/wp-content\/uploads\/2024\/03\/cropped-logo.png","width":374,"height":90,"caption":"Infoecos"},"image":{"@id":"https:\/\/infoecos.com.ar\/#\/schema\/logo\/image\/"},"sameAs":["https:\/\/www.facebook.com\/profile.php?id=100063200290284","https:\/\/x.com\/infoecos"]},{"@type":"Person","@id":"https:\/\/infoecos.com.ar\/#\/schema\/person\/8f5ace5ce73b4b4aac4b7245aee6f191","name":"Jorge Matheus","url":"https:\/\/infoecos.com.ar\/index.php\/author\/jomatheus\/"}]}},"featured_image_urls":{"full":"","thumbnail":"","medium":"","medium_large":"","large":"","1536x1536":"","2048x2048":"","covernews-slider-full":"","covernews-slider-center":"","covernews-featured":"","covernews-medium":"","covernews-medium-square":""},"author_info":{"info":["Jorge Matheus"]},"category_info":"<a href=\"https:\/\/infoecos.com.ar\/index.php\/category\/c2nota1\/\" rel=\"category tag\">C2 nota 1<\/a>","tag_info":"C2 nota 1","comment_count":"0","_links":{"self":[{"href":"https:\/\/infoecos.com.ar\/index.php\/wp-json\/wp\/v2\/posts\/78846"}],"collection":[{"href":"https:\/\/infoecos.com.ar\/index.php\/wp-json\/wp\/v2\/posts"}],"about":[{"href":"https:\/\/infoecos.com.ar\/index.php\/wp-json\/wp\/v2\/types\/post"}],"author":[{"embeddable":true,"href":"https:\/\/infoecos.com.ar\/index.php\/wp-json\/wp\/v2\/users\/2"}],"replies":[{"embeddable":true,"href":"https:\/\/infoecos.com.ar\/index.php\/wp-json\/wp\/v2\/comments?post=78846"}],"version-history":[{"count":1,"href":"https:\/\/infoecos.com.ar\/index.php\/wp-json\/wp\/v2\/posts\/78846\/revisions"}],"predecessor-version":[{"id":78847,"href":"https:\/\/infoecos.com.ar\/index.php\/wp-json\/wp\/v2\/posts\/78846\/revisions\/78847"}],"wp:featuredmedia":[{"embeddable":true,"href":"https:\/\/infoecos.com.ar\/index.php\/wp-json\/"}],"wp:attachment":[{"href":"https:\/\/infoecos.com.ar\/index.php\/wp-json\/wp\/v2\/media?parent=78846"}],"wp:term":[{"taxonomy":"category","embeddable":true,"href":"https:\/\/infoecos.com.ar\/index.php\/wp-json\/wp\/v2\/categories?post=78846"},{"taxonomy":"post_tag","embeddable":true,"href":"https:\/\/infoecos.com.ar\/index.php\/wp-json\/wp\/v2\/tags?post=78846"}],"curies":[{"name":"wp","href":"https:\/\/api.w.org\/{rel}","templated":true}]}}