{"id":78848,"date":"2021-05-28T23:55:12","date_gmt":"2021-05-29T02:55:12","guid":{"rendered":"http:\/\/infoecos.com.ar\/?p=78848"},"modified":"2021-05-29T01:25:49","modified_gmt":"2021-05-29T04:25:49","slug":"fallecio-este-viernes-luego-de-padecer-una-larga-enfermedad-el-titular-de-udocba-miguel-diaz","status":"publish","type":"post","link":"https:\/\/infoecos.com.ar\/index.php\/fallecio-este-viernes-luego-de-padecer-una-larga-enfermedad-el-titular-de-udocba-miguel-diaz\/","title":{"rendered":"Falleci\u00f3 este viernes, luego de padecer una larga enfermedad, el titular de UDOCBA, Miguel D\u00edaz"},"content":{"rendered":"\n<p>El secretario General de la&nbsp;Uni\u00f3n Docentes de la provincia de Buenos Aires&nbsp;(Udocba),&nbsp;Miguel D\u00edaz, falleci\u00f3 ayer tras padecer una larga enfermedad.<\/p>\n\n\n\n<p>El gremio expres\u00f3 que: \u201cEs el d\u00eda m\u00e1s aciago y m\u00e1s triste de toda la historia de nuestra organizaci\u00f3n gremial. La desaparici\u00f3n f\u00edsica de nuestro querido compa\u00f1ero es un dolor que nos atraviesa, pero que al mismo tiempo nos alienta a seguir el camino que \u00e9l nos marc\u00f3:&nbsp;el de la inclaudicable defensa de los derechos de los docentes\u201d.<\/p>\n\n\n\n<div class=\"wp-block-image\"><figure class=\"aligncenter size-medium\"><img loading=\"lazy\" decoding=\"async\" width=\"460\" height=\"258\" src=\"http:\/\/infoecos.com.ar\/wp-content\/uploads\/2021\/05\/diazmiguel-460x258.jpg\" alt=\"\" class=\"wp-image-78849\" srcset=\"https:\/\/infoecos.com.ar\/wp-content\/uploads\/2021\/05\/diazmiguel-460x258.jpg 460w, https:\/\/infoecos.com.ar\/wp-content\/uploads\/2021\/05\/diazmiguel-768x430.jpg 768w, https:\/\/infoecos.com.ar\/wp-content\/uploads\/2021\/05\/diazmiguel.jpg 880w\" sizes=\"(max-width: 460px) 100vw, 460px\" \/><\/figure><\/div>\n\n\n\n<p>Por \u00faltimo manifestaron que Miguel \u00abforj\u00f3 con todos\/as nosotros\/as el sue\u00f1o de una organizaci\u00f3n gremial combativa, comprometida, siempre al servicio de los trabajadores y trabajadores, sin traicionar los ideales bajo los que fue fundada\u00bb.<\/p>\n\n\n\n<p>\u00abGracias por tanto, compa\u00f1ero. Levanteremos bien alto las bandeeras que nos legaste y seguiremos tu lucha. El camino lleva tu nombre\u00bb, finalizaron.&nbsp;<\/p>\n\n\n\n<p>D\u00edaz estuvo en varias oportunidades en el distrito de Trenque Lauquen donde, adem\u00e1s, hizo una fuerte apuesta al fortalecimiento del gremio con un inmueble ubicado en una zona estrat\u00e9gica de la ciudad y sum\u00f3, con la colaboraci\u00f3n de muchos docentes locales, un importante n\u00famero de afiliados.<\/p>\n","protected":false},"excerpt":{"rendered":"<p>D\u00edaz estuvo en varias oportunidades en el distrito de Trenque Lauquen donde, adem\u00e1s, hizo una fuerte apuesta al fortalecimiento del gremio<\/p>\n","protected":false},"author":2,"featured_media":78849,"comment_status":"closed","ping_status":"open","sticky":false,"template":"","format":"standard","meta":{"footnotes":""},"categories":[48],"tags":[3785],"class_list":["post-78848","post","type-post","status-publish","format-standard","has-post-thumbnail","hentry","category-c2nota3","tag-conducia-un-gremio-en-constante-crecimiento"],"yoast_head":"<!-- This site is optimized with the Yoast SEO plugin v23.4 - https:\/\/yoast.com\/wordpress\/plugins\/seo\/ -->\n<title>Falleci\u00f3 este viernes, luego de padecer una larga enfermedad, el titular de UDOCBA, Miguel D\u00edaz - Infoecos<\/title>\n<meta name=\"robots\" content=\"index, follow, max-snippet:-1, max-image-preview:large, max-video-preview:-1\" \/>\n<link rel=\"canonical\" href=\"https:\/\/infoecos.com.ar\/index.php\/fallecio-este-viernes-luego-de-padecer-una-larga-enfermedad-el-titular-de-udocba-miguel-diaz\/\" \/>\n<meta property=\"og:locale\" content=\"es_ES\" \/>\n<meta property=\"og:type\" content=\"article\" \/>\n<meta property=\"og:title\" content=\"Falleci\u00f3 este viernes, luego de padecer una larga enfermedad, el titular de UDOCBA, Miguel D\u00edaz - Infoecos\" \/>\n<meta property=\"og:description\" content=\"D\u00edaz estuvo en varias oportunidades en el distrito de Trenque Lauquen donde, adem\u00e1s, hizo una fuerte apuesta al fortalecimiento del gremio\" \/>\n<meta property=\"og:url\" content=\"https:\/\/infoecos.com.ar\/index.php\/fallecio-este-viernes-luego-de-padecer-una-larga-enfermedad-el-titular-de-udocba-miguel-diaz\/\" \/>\n<meta property=\"og:site_name\" content=\"Infoecos\" \/>\n<meta property=\"article:publisher\" content=\"https:\/\/www.facebook.com\/profile.php?id=100063200290284\" \/>\n<meta property=\"article:published_time\" content=\"2021-05-29T02:55:12+00:00\" \/>\n<meta property=\"article:modified_time\" content=\"2021-05-29T04:25:49+00:00\" \/>\n<meta property=\"og:image\" content=\"https:\/\/infoecos.com.ar\/wp-content\/uploads\/2021\/05\/diazmiguel.jpg\" \/>\n\t<meta property=\"og:image:width\" content=\"880\" \/>\n\t<meta property=\"og:image:height\" content=\"493\" \/>\n\t<meta property=\"og:image:type\" content=\"image\/jpeg\" \/>\n<meta name=\"author\" content=\"Jorge Matheus\" \/>\n<meta name=\"twitter:card\" content=\"summary_large_image\" \/>\n<meta name=\"twitter:creator\" content=\"@infoecos\" \/>\n<meta name=\"twitter:site\" content=\"@infoecos\" \/>\n<meta name=\"twitter:label1\" content=\"Escrito por\" \/>\n\t<meta name=\"twitter:data1\" content=\"Jorge Matheus\" \/>\n\t<meta name=\"twitter:label2\" content=\"Tiempo de lectura\" \/>\n\t<meta name=\"twitter:data2\" content=\"1 minuto\" \/>\n<script type=\"application\/ld+json\" class=\"yoast-schema-graph\">{\"@context\":\"https:\/\/schema.org\",\"@graph\":[{\"@type\":\"Article\",\"@id\":\"https:\/\/infoecos.com.ar\/index.php\/fallecio-este-viernes-luego-de-padecer-una-larga-enfermedad-el-titular-de-udocba-miguel-diaz\/#article\",\"isPartOf\":{\"@id\":\"https:\/\/infoecos.com.ar\/index.php\/fallecio-este-viernes-luego-de-padecer-una-larga-enfermedad-el-titular-de-udocba-miguel-diaz\/\"},\"author\":{\"name\":\"Jorge Matheus\",\"@id\":\"https:\/\/infoecos.com.ar\/#\/schema\/person\/8f5ace5ce73b4b4aac4b7245aee6f191\"},\"headline\":\"Falleci\u00f3 este viernes, luego de padecer una larga enfermedad, el titular de UDOCBA, Miguel D\u00edaz\",\"datePublished\":\"2021-05-29T02:55:12+00:00\",\"dateModified\":\"2021-05-29T04:25:49+00:00\",\"mainEntityOfPage\":{\"@id\":\"https:\/\/infoecos.com.ar\/index.php\/fallecio-este-viernes-luego-de-padecer-una-larga-enfermedad-el-titular-de-udocba-miguel-diaz\/\"},\"wordCount\":224,\"publisher\":{\"@id\":\"https:\/\/infoecos.com.ar\/#organization\"},\"image\":{\"@id\":\"https:\/\/infoecos.com.ar\/index.php\/fallecio-este-viernes-luego-de-padecer-una-larga-enfermedad-el-titular-de-udocba-miguel-diaz\/#primaryimage\"},\"thumbnailUrl\":\"https:\/\/infoecos.com.ar\/wp-content\/uploads\/2021\/05\/diazmiguel.jpg\",\"keywords\":[\"CONDUC\u00cdA UN GREMIO EN CONSTANTE CRECIMIENTO\"],\"articleSection\":[\"C2 N3\"],\"inLanguage\":\"es\"},{\"@type\":\"WebPage\",\"@id\":\"https:\/\/infoecos.com.ar\/index.php\/fallecio-este-viernes-luego-de-padecer-una-larga-enfermedad-el-titular-de-udocba-miguel-diaz\/\",\"url\":\"https:\/\/infoecos.com.ar\/index.php\/fallecio-este-viernes-luego-de-padecer-una-larga-enfermedad-el-titular-de-udocba-miguel-diaz\/\",\"name\":\"Falleci\u00f3 este viernes, luego de padecer una larga enfermedad, el titular de UDOCBA, Miguel D\u00edaz - Infoecos\",\"isPartOf\":{\"@id\":\"https:\/\/infoecos.com.ar\/#website\"},\"primaryImageOfPage\":{\"@id\":\"https:\/\/infoecos.com.ar\/index.php\/fallecio-este-viernes-luego-de-padecer-una-larga-enfermedad-el-titular-de-udocba-miguel-diaz\/#primaryimage\"},\"image\":{\"@id\":\"https:\/\/infoecos.com.ar\/index.php\/fallecio-este-viernes-luego-de-padecer-una-larga-enfermedad-el-titular-de-udocba-miguel-diaz\/#primaryimage\"},\"thumbnailUrl\":\"https:\/\/infoecos.com.ar\/wp-content\/uploads\/2021\/05\/diazmiguel.jpg\",\"datePublished\":\"2021-05-29T02:55:12+00:00\",\"dateModified\":\"2021-05-29T04:25:49+00:00\",\"breadcrumb\":{\"@id\":\"https:\/\/infoecos.com.ar\/index.php\/fallecio-este-viernes-luego-de-padecer-una-larga-enfermedad-el-titular-de-udocba-miguel-diaz\/#breadcrumb\"},\"inLanguage\":\"es\",\"potentialAction\":[{\"@type\":\"ReadAction\",\"target\":[\"https:\/\/infoecos.com.ar\/index.php\/fallecio-este-viernes-luego-de-padecer-una-larga-enfermedad-el-titular-de-udocba-miguel-diaz\/\"]}]},{\"@type\":\"ImageObject\",\"inLanguage\":\"es\",\"@id\":\"https:\/\/infoecos.com.ar\/index.php\/fallecio-este-viernes-luego-de-padecer-una-larga-enfermedad-el-titular-de-udocba-miguel-diaz\/#primaryimage\",\"url\":\"https:\/\/infoecos.com.ar\/wp-content\/uploads\/2021\/05\/diazmiguel.jpg\",\"contentUrl\":\"https:\/\/infoecos.com.ar\/wp-content\/uploads\/2021\/05\/diazmiguel.jpg\",\"width\":880,\"height\":493},{\"@type\":\"BreadcrumbList\",\"@id\":\"https:\/\/infoecos.com.ar\/index.php\/fallecio-este-viernes-luego-de-padecer-una-larga-enfermedad-el-titular-de-udocba-miguel-diaz\/#breadcrumb\",\"itemListElement\":[{\"@type\":\"ListItem\",\"position\":1,\"name\":\"Portada\",\"item\":\"https:\/\/infoecos.com.ar\/\"},{\"@type\":\"ListItem\",\"position\":2,\"name\":\"Falleci\u00f3 este viernes, luego de padecer una larga enfermedad, el titular de UDOCBA, Miguel D\u00edaz\"}]},{\"@type\":\"WebSite\",\"@id\":\"https:\/\/infoecos.com.ar\/#website\",\"url\":\"https:\/\/infoecos.com.ar\/\",\"name\":\"Infoecos\",\"description\":\"Noticias de trenque lauquen y la zona\",\"publisher\":{\"@id\":\"https:\/\/infoecos.com.ar\/#organization\"},\"alternateName\":\"Noticias\",\"potentialAction\":[{\"@type\":\"SearchAction\",\"target\":{\"@type\":\"EntryPoint\",\"urlTemplate\":\"https:\/\/infoecos.com.ar\/?s={search_term_string}\"},\"query-input\":{\"@type\":\"PropertyValueSpecification\",\"valueRequired\":true,\"valueName\":\"search_term_string\"}}],\"inLanguage\":\"es\"},{\"@type\":\"Organization\",\"@id\":\"https:\/\/infoecos.com.ar\/#organization\",\"name\":\"Infoecos\",\"alternateName\":\"Noticias\",\"url\":\"https:\/\/infoecos.com.ar\/\",\"logo\":{\"@type\":\"ImageObject\",\"inLanguage\":\"es\",\"@id\":\"https:\/\/infoecos.com.ar\/#\/schema\/logo\/image\/\",\"url\":\"https:\/\/infoecos.com.ar\/wp-content\/uploads\/2024\/03\/cropped-logo.png\",\"contentUrl\":\"https:\/\/infoecos.com.ar\/wp-content\/uploads\/2024\/03\/cropped-logo.png\",\"width\":374,\"height\":90,\"caption\":\"Infoecos\"},\"image\":{\"@id\":\"https:\/\/infoecos.com.ar\/#\/schema\/logo\/image\/\"},\"sameAs\":[\"https:\/\/www.facebook.com\/profile.php?id=100063200290284\",\"https:\/\/x.com\/infoecos\"]},{\"@type\":\"Person\",\"@id\":\"https:\/\/infoecos.com.ar\/#\/schema\/person\/8f5ace5ce73b4b4aac4b7245aee6f191\",\"name\":\"Jorge Matheus\",\"url\":\"https:\/\/infoecos.com.ar\/index.php\/author\/jomatheus\/\"}]}<\/script>\n<!-- \/ Yoast SEO plugin. -->","yoast_head_json":{"title":"Falleci\u00f3 este viernes, luego de padecer una larga enfermedad, el titular de UDOCBA, Miguel D\u00edaz - Infoecos","robots":{"index":"index","follow":"follow","max-snippet":"max-snippet:-1","max-image-preview":"max-image-preview:large","max-video-preview":"max-video-preview:-1"},"canonical":"https:\/\/infoecos.com.ar\/index.php\/fallecio-este-viernes-luego-de-padecer-una-larga-enfermedad-el-titular-de-udocba-miguel-diaz\/","og_locale":"es_ES","og_type":"article","og_title":"Falleci\u00f3 este viernes, luego de padecer una larga enfermedad, el titular de UDOCBA, Miguel D\u00edaz - Infoecos","og_description":"D\u00edaz estuvo en varias oportunidades en el distrito de Trenque Lauquen donde, adem\u00e1s, hizo una fuerte apuesta al fortalecimiento del gremio","og_url":"https:\/\/infoecos.com.ar\/index.php\/fallecio-este-viernes-luego-de-padecer-una-larga-enfermedad-el-titular-de-udocba-miguel-diaz\/","og_site_name":"Infoecos","article_publisher":"https:\/\/www.facebook.com\/profile.php?id=100063200290284","article_published_time":"2021-05-29T02:55:12+00:00","article_modified_time":"2021-05-29T04:25:49+00:00","og_image":[{"width":880,"height":493,"url":"https:\/\/infoecos.com.ar\/wp-content\/uploads\/2021\/05\/diazmiguel.jpg","type":"image\/jpeg"}],"author":"Jorge Matheus","twitter_card":"summary_large_image","twitter_creator":"@infoecos","twitter_site":"@infoecos","twitter_misc":{"Escrito por":"Jorge Matheus","Tiempo de lectura":"1 minuto"},"schema":{"@context":"https:\/\/schema.org","@graph":[{"@type":"Article","@id":"https:\/\/infoecos.com.ar\/index.php\/fallecio-este-viernes-luego-de-padecer-una-larga-enfermedad-el-titular-de-udocba-miguel-diaz\/#article","isPartOf":{"@id":"https:\/\/infoecos.com.ar\/index.php\/fallecio-este-viernes-luego-de-padecer-una-larga-enfermedad-el-titular-de-udocba-miguel-diaz\/"},"author":{"name":"Jorge Matheus","@id":"https:\/\/infoecos.com.ar\/#\/schema\/person\/8f5ace5ce73b4b4aac4b7245aee6f191"},"headline":"Falleci\u00f3 este viernes, luego de padecer una larga enfermedad, el titular de UDOCBA, Miguel D\u00edaz","datePublished":"2021-05-29T02:55:12+00:00","dateModified":"2021-05-29T04:25:49+00:00","mainEntityOfPage":{"@id":"https:\/\/infoecos.com.ar\/index.php\/fallecio-este-viernes-luego-de-padecer-una-larga-enfermedad-el-titular-de-udocba-miguel-diaz\/"},"wordCount":224,"publisher":{"@id":"https:\/\/infoecos.com.ar\/#organization"},"image":{"@id":"https:\/\/infoecos.com.ar\/index.php\/fallecio-este-viernes-luego-de-padecer-una-larga-enfermedad-el-titular-de-udocba-miguel-diaz\/#primaryimage"},"thumbnailUrl":"https:\/\/infoecos.com.ar\/wp-content\/uploads\/2021\/05\/diazmiguel.jpg","keywords":["CONDUC\u00cdA UN GREMIO EN CONSTANTE CRECIMIENTO"],"articleSection":["C2 N3"],"inLanguage":"es"},{"@type":"WebPage","@id":"https:\/\/infoecos.com.ar\/index.php\/fallecio-este-viernes-luego-de-padecer-una-larga-enfermedad-el-titular-de-udocba-miguel-diaz\/","url":"https:\/\/infoecos.com.ar\/index.php\/fallecio-este-viernes-luego-de-padecer-una-larga-enfermedad-el-titular-de-udocba-miguel-diaz\/","name":"Falleci\u00f3 este viernes, luego de padecer una larga enfermedad, el titular de UDOCBA, Miguel D\u00edaz - Infoecos","isPartOf":{"@id":"https:\/\/infoecos.com.ar\/#website"},"primaryImageOfPage":{"@id":"https:\/\/infoecos.com.ar\/index.php\/fallecio-este-viernes-luego-de-padecer-una-larga-enfermedad-el-titular-de-udocba-miguel-diaz\/#primaryimage"},"image":{"@id":"https:\/\/infoecos.com.ar\/index.php\/fallecio-este-viernes-luego-de-padecer-una-larga-enfermedad-el-titular-de-udocba-miguel-diaz\/#primaryimage"},"thumbnailUrl":"https:\/\/infoecos.com.ar\/wp-content\/uploads\/2021\/05\/diazmiguel.jpg","datePublished":"2021-05-29T02:55:12+00:00","dateModified":"2021-05-29T04:25:49+00:00","breadcrumb":{"@id":"https:\/\/infoecos.com.ar\/index.php\/fallecio-este-viernes-luego-de-padecer-una-larga-enfermedad-el-titular-de-udocba-miguel-diaz\/#breadcrumb"},"inLanguage":"es","potentialAction":[{"@type":"ReadAction","target":["https:\/\/infoecos.com.ar\/index.php\/fallecio-este-viernes-luego-de-padecer-una-larga-enfermedad-el-titular-de-udocba-miguel-diaz\/"]}]},{"@type":"ImageObject","inLanguage":"es","@id":"https:\/\/infoecos.com.ar\/index.php\/fallecio-este-viernes-luego-de-padecer-una-larga-enfermedad-el-titular-de-udocba-miguel-diaz\/#primaryimage","url":"https:\/\/infoecos.com.ar\/wp-content\/uploads\/2021\/05\/diazmiguel.jpg","contentUrl":"https:\/\/infoecos.com.ar\/wp-content\/uploads\/2021\/05\/diazmiguel.jpg","width":880,"height":493},{"@type":"BreadcrumbList","@id":"https:\/\/infoecos.com.ar\/index.php\/fallecio-este-viernes-luego-de-padecer-una-larga-enfermedad-el-titular-de-udocba-miguel-diaz\/#breadcrumb","itemListElement":[{"@type":"ListItem","position":1,"name":"Portada","item":"https:\/\/infoecos.com.ar\/"},{"@type":"ListItem","position":2,"name":"Falleci\u00f3 este viernes, luego de padecer una larga enfermedad, el titular de UDOCBA, Miguel D\u00edaz"}]},{"@type":"WebSite","@id":"https:\/\/infoecos.com.ar\/#website","url":"https:\/\/infoecos.com.ar\/","name":"Infoecos","description":"Noticias de trenque lauquen y la zona","publisher":{"@id":"https:\/\/infoecos.com.ar\/#organization"},"alternateName":"Noticias","potentialAction":[{"@type":"SearchAction","target":{"@type":"EntryPoint","urlTemplate":"https:\/\/infoecos.com.ar\/?s={search_term_string}"},"query-input":{"@type":"PropertyValueSpecification","valueRequired":true,"valueName":"search_term_string"}}],"inLanguage":"es"},{"@type":"Organization","@id":"https:\/\/infoecos.com.ar\/#organization","name":"Infoecos","alternateName":"Noticias","url":"https:\/\/infoecos.com.ar\/","logo":{"@type":"ImageObject","inLanguage":"es","@id":"https:\/\/infoecos.com.ar\/#\/schema\/logo\/image\/","url":"https:\/\/infoecos.com.ar\/wp-content\/uploads\/2024\/03\/cropped-logo.png","contentUrl":"https:\/\/infoecos.com.ar\/wp-content\/uploads\/2024\/03\/cropped-logo.png","width":374,"height":90,"caption":"Infoecos"},"image":{"@id":"https:\/\/infoecos.com.ar\/#\/schema\/logo\/image\/"},"sameAs":["https:\/\/www.facebook.com\/profile.php?id=100063200290284","https:\/\/x.com\/infoecos"]},{"@type":"Person","@id":"https:\/\/infoecos.com.ar\/#\/schema\/person\/8f5ace5ce73b4b4aac4b7245aee6f191","name":"Jorge Matheus","url":"https:\/\/infoecos.com.ar\/index.php\/author\/jomatheus\/"}]}},"featured_image_urls":{"full":["https:\/\/infoecos.com.ar\/wp-content\/uploads\/2021\/05\/diazmiguel.jpg",880,493,false],"thumbnail":["https:\/\/infoecos.com.ar\/wp-content\/uploads\/2021\/05\/diazmiguel-150x150.jpg",150,150,true],"medium":["https:\/\/infoecos.com.ar\/wp-content\/uploads\/2021\/05\/diazmiguel-460x258.jpg",460,258,true],"medium_large":["https:\/\/infoecos.com.ar\/wp-content\/uploads\/2021\/05\/diazmiguel-768x430.jpg",640,358,true],"large":["https:\/\/infoecos.com.ar\/wp-content\/uploads\/2021\/05\/diazmiguel.jpg",640,359,false],"1536x1536":["https:\/\/infoecos.com.ar\/wp-content\/uploads\/2021\/05\/diazmiguel.jpg",880,493,false],"2048x2048":["https:\/\/infoecos.com.ar\/wp-content\/uploads\/2021\/05\/diazmiguel.jpg",880,493,false],"covernews-slider-full":["https:\/\/infoecos.com.ar\/wp-content\/uploads\/2021\/05\/diazmiguel.jpg",880,493,false],"covernews-slider-center":["https:\/\/infoecos.com.ar\/wp-content\/uploads\/2021\/05\/diazmiguel.jpg",800,448,false],"covernews-featured":["https:\/\/infoecos.com.ar\/wp-content\/uploads\/2021\/05\/diazmiguel.jpg",880,493,false],"covernews-medium":["https:\/\/infoecos.com.ar\/wp-content\/uploads\/2021\/05\/diazmiguel-720x380.jpg",540,285,true],"covernews-medium-square":["https:\/\/infoecos.com.ar\/wp-content\/uploads\/2021\/05\/diazmiguel-675x450.jpg",375,250,true]},"author_info":{"info":["Jorge Matheus"]},"category_info":"<a href=\"https:\/\/infoecos.com.ar\/index.php\/category\/c2nota3\/\" rel=\"category tag\">C2 N3<\/a>","tag_info":"C2 N3","comment_count":"0","_links":{"self":[{"href":"https:\/\/infoecos.com.ar\/index.php\/wp-json\/wp\/v2\/posts\/78848"}],"collection":[{"href":"https:\/\/infoecos.com.ar\/index.php\/wp-json\/wp\/v2\/posts"}],"about":[{"href":"https:\/\/infoecos.com.ar\/index.php\/wp-json\/wp\/v2\/types\/post"}],"author":[{"embeddable":true,"href":"https:\/\/infoecos.com.ar\/index.php\/wp-json\/wp\/v2\/users\/2"}],"replies":[{"embeddable":true,"href":"https:\/\/infoecos.com.ar\/index.php\/wp-json\/wp\/v2\/comments?post=78848"}],"version-history":[{"count":2,"href":"https:\/\/infoecos.com.ar\/index.php\/wp-json\/wp\/v2\/posts\/78848\/revisions"}],"predecessor-version":[{"id":78890,"href":"https:\/\/infoecos.com.ar\/index.php\/wp-json\/wp\/v2\/posts\/78848\/revisions\/78890"}],"wp:featuredmedia":[{"embeddable":true,"href":"https:\/\/infoecos.com.ar\/index.php\/wp-json\/wp\/v2\/media\/78849"}],"wp:attachment":[{"href":"https:\/\/infoecos.com.ar\/index.php\/wp-json\/wp\/v2\/media?parent=78848"}],"wp:term":[{"taxonomy":"category","embeddable":true,"href":"https:\/\/infoecos.com.ar\/index.php\/wp-json\/wp\/v2\/categories?post=78848"},{"taxonomy":"post_tag","embeddable":true,"href":"https:\/\/infoecos.com.ar\/index.php\/wp-json\/wp\/v2\/tags?post=78848"}],"curies":[{"name":"wp","href":"https:\/\/api.w.org\/{rel}","templated":true}]}}