{"id":78859,"date":"2021-05-29T00:25:46","date_gmt":"2021-05-29T03:25:46","guid":{"rendered":"http:\/\/infoecos.com.ar\/?p=78859"},"modified":"2021-05-29T00:33:01","modified_gmt":"2021-05-29T03:33:01","slug":"el-intendente-de-fernandez-se-comprometio-a-realizar-gestiones-ante-la-provincia-futuras-flexibilizaciones","status":"publish","type":"post","link":"https:\/\/infoecos.com.ar\/index.php\/el-intendente-de-fernandez-se-comprometio-a-realizar-gestiones-ante-la-provincia-futuras-flexibilizaciones\/","title":{"rendered":"El intendente Fern\u00e1ndez se comprometi\u00f3 a realizar gestiones ante la provincia: futuras flexibilizaciones"},"content":{"rendered":"\n<p class=\"wp-block-paragraph\">El intendente municipal de Trenque Lauquetn, Miguel Fern\u00e1ndez, el secretario de Gobierno, Gustavo Marchabalo y la subsecretaria de Desarrollo Econ\u00f3mico y Productivo, Clarisa Fabris, se reunieron este viernes con el presidente de la C\u00e1mara de Comercio e Industria de Trenque Lauquen, Ignacio Concepci\u00f3n, e integrantes de la subcomisi\u00f3n de Deportes de esa instituci\u00f3n, en el marco de las restricciones nacionales y provinciales existentes por la situaci\u00f3n epidemiol\u00f3gica para el desarrollo de las actividades deportivas en el distrito.<\/p>\n\n\n\n<div class=\"wp-block-image\"><figure class=\"aligncenter size-medium\"><img loading=\"lazy\" decoding=\"async\" width=\"460\" height=\"345\" src=\"http:\/\/infoecos.com.ar\/wp-content\/uploads\/2021\/05\/ferbabdezcara-460x345.jpg\" alt=\"\" class=\"wp-image-78860\" srcset=\"https:\/\/infoecos.com.ar\/wp-content\/uploads\/2021\/05\/ferbabdezcara-460x345.jpg 460w, https:\/\/infoecos.com.ar\/wp-content\/uploads\/2021\/05\/ferbabdezcara-920x690.jpg 920w, https:\/\/infoecos.com.ar\/wp-content\/uploads\/2021\/05\/ferbabdezcara-768x576.jpg 768w, https:\/\/infoecos.com.ar\/wp-content\/uploads\/2021\/05\/ferbabdezcara-1024x768.jpg 1024w, https:\/\/infoecos.com.ar\/wp-content\/uploads\/2021\/05\/ferbabdezcara.jpg 1280w\" sizes=\"auto, (max-width: 460px) 100vw, 460px\" \/><\/figure><\/div>\n\n\n\n<p class=\"wp-block-paragraph\">Durante el encuentro, que se desarroll\u00f3 en el despacho del jefe comunal, desde la Subcomisi\u00f3n se hizo hincapi\u00e9 en el pedido de declarar \u201cesencial\u201d a la actividad deportiva en general en el distrito de Trenque Lauquen.<\/p>\n\n\n\n<p class=\"wp-block-paragraph\">El Intendente Fern\u00e1ndez, por su parte, se comprometi\u00f3 a retomar las gestiones con la Provincia para avanzar con este pedido presentado oportunamente a las autoridades, sobre futuras flexibilizaciones de actividades que puedan impulsarse en distritos del interior bonaerense, como Trenque Lauquen, a diferencia del \u00c1rea Metropolitana Buenos Aires (AMBA).<\/p>\n\n\n\n<div class=\"wp-block-image\"><figure class=\"aligncenter size-medium\"><img loading=\"lazy\" decoding=\"async\" width=\"460\" height=\"345\" src=\"http:\/\/infoecos.com.ar\/wp-content\/uploads\/2021\/05\/fernandezcra-460x345.jpg\" alt=\"\" class=\"wp-image-78861\" srcset=\"https:\/\/infoecos.com.ar\/wp-content\/uploads\/2021\/05\/fernandezcra-460x345.jpg 460w, https:\/\/infoecos.com.ar\/wp-content\/uploads\/2021\/05\/fernandezcra-920x690.jpg 920w, https:\/\/infoecos.com.ar\/wp-content\/uploads\/2021\/05\/fernandezcra-768x576.jpg 768w, https:\/\/infoecos.com.ar\/wp-content\/uploads\/2021\/05\/fernandezcra-1024x768.jpg 1024w, https:\/\/infoecos.com.ar\/wp-content\/uploads\/2021\/05\/fernandezcra.jpg 1280w\" sizes=\"auto, (max-width: 460px) 100vw, 460px\" \/><\/figure><\/div>\n\n\n\n<p class=\"wp-block-paragraph\">Los funcionarios y dirigentes dialogaron tambi\u00e9n sobre las alternativas y pasos a seguir una vez que el distrito de Trenque Lauquen vuelva a Fase 2, una vez concluida esta etapa de confinamiento y mayores restricciones dispuesta por el Gobierno nacional y a la que adhiri\u00f3 la Provincia de Buenos Aires con el fin de contener el brote de coronavirus en todo el pa\u00eds.<\/p>\n\n\n\n<p class=\"wp-block-paragraph\">El Decreto de Necesidad y Urgencia (DNU) del Gobierno nacional establece que las restricciones regir\u00e1n hasta pasado ma\u00f1ana (domingo 30 de mayo) inclusive y se repetir\u00e1 el fin de semana del 5 y 6 de junio, y afecta a todas las actividades sociales, econ\u00f3micas, educativas, religiosas y deportivas en forma presencial en aquellas zonas del pa\u00eds que, por sus \u00edndices, se encuadren en \u201calto riesgo\u201d o en \u201calarma epidemiol\u00f3gica\u201d.<\/p>\n\n\n\n<div class=\"wp-block-image\"><figure class=\"aligncenter size-medium\"><img loading=\"lazy\" decoding=\"async\" width=\"460\" height=\"345\" src=\"http:\/\/infoecos.com.ar\/wp-content\/uploads\/2021\/05\/fernandezcra1-460x345.jpg\" alt=\"\" class=\"wp-image-78862\" srcset=\"https:\/\/infoecos.com.ar\/wp-content\/uploads\/2021\/05\/fernandezcra1-460x345.jpg 460w, https:\/\/infoecos.com.ar\/wp-content\/uploads\/2021\/05\/fernandezcra1-920x690.jpg 920w, https:\/\/infoecos.com.ar\/wp-content\/uploads\/2021\/05\/fernandezcra1-768x576.jpg 768w, https:\/\/infoecos.com.ar\/wp-content\/uploads\/2021\/05\/fernandezcra1-1024x768.jpg 1024w, https:\/\/infoecos.com.ar\/wp-content\/uploads\/2021\/05\/fernandezcra1.jpg 1280w\" sizes=\"auto, (max-width: 460px) 100vw, 460px\" \/><\/figure><\/div>\n\n\n\n<p class=\"wp-block-paragraph\">Fern\u00e1ndez y los funcionarios del gabinete que participaron del encuentro volver\u00e1n a reunirse con las autoridades de la C\u00e1mara de Comercio el lunes o martes de la pr\u00f3xima semana, para terminar de ajustar distintos aspectos tendientes a facilitar el desarrollo de las actividades.<\/p>\n","protected":false},"excerpt":{"rendered":"<p>Durante el encuentro, que se desarroll\u00f3 en el despacho del jefe comunal, desde la Subcomisi\u00f3n se hizo hincapi\u00e9 en el pedido de declarar \u201cesencial\u201d a la actividad deportiva en general en el distrito de Trenque Lauquen<\/p>\n","protected":false},"author":2,"featured_media":78861,"comment_status":"closed","ping_status":"open","sticky":false,"template":"","format":"standard","meta":{"footnotes":""},"categories":[28],"tags":[3788],"class_list":["post-78859","post","type-post","status-publish","format-standard","has-post-thumbnail","hentry","category-c1nota1","tag-el-intendente-de-trenque-laquen-con-la-camara"],"featured_image_urls":{"full":["https:\/\/infoecos.com.ar\/wp-content\/uploads\/2021\/05\/fernandezcra.jpg",1280,960,false],"thumbnail":["https:\/\/infoecos.com.ar\/wp-content\/uploads\/2021\/05\/fernandezcra-150x150.jpg",150,150,true],"medium":["https:\/\/infoecos.com.ar\/wp-content\/uploads\/2021\/05\/fernandezcra-460x345.jpg",460,345,true],"medium_large":["https:\/\/infoecos.com.ar\/wp-content\/uploads\/2021\/05\/fernandezcra-768x576.jpg",640,480,true],"large":["https:\/\/infoecos.com.ar\/wp-content\/uploads\/2021\/05\/fernandezcra-920x690.jpg",640,480,true],"1536x1536":["https:\/\/infoecos.com.ar\/wp-content\/uploads\/2021\/05\/fernandezcra.jpg",1280,960,false],"2048x2048":["https:\/\/infoecos.com.ar\/wp-content\/uploads\/2021\/05\/fernandezcra.jpg",1280,960,false],"covernews-slider-full":["https:\/\/infoecos.com.ar\/wp-content\/uploads\/2021\/05\/fernandezcra.jpg",953,715,false],"covernews-slider-center":["https:\/\/infoecos.com.ar\/wp-content\/uploads\/2021\/05\/fernandezcra-936x897.jpg",522,500,true],"covernews-featured":["https:\/\/infoecos.com.ar\/wp-content\/uploads\/2021\/05\/fernandezcra-1024x768.jpg",1024,768,true],"covernews-medium":["https:\/\/infoecos.com.ar\/wp-content\/uploads\/2021\/05\/fernandezcra-720x380.jpg",540,285,true],"covernews-medium-square":["https:\/\/infoecos.com.ar\/wp-content\/uploads\/2021\/05\/fernandezcra-675x450.jpg",375,250,true]},"author_info":{"info":["Jorge Matheus"]},"category_info":"<a href=\"https:\/\/infoecos.com.ar\/index.php\/category\/c1nota1\/\" rel=\"category tag\">C1 N1<\/a>","tag_info":"C1 N1","comment_count":"0","_links":{"self":[{"href":"https:\/\/infoecos.com.ar\/index.php\/wp-json\/wp\/v2\/posts\/78859","targetHints":{"allow":["GET"]}}],"collection":[{"href":"https:\/\/infoecos.com.ar\/index.php\/wp-json\/wp\/v2\/posts"}],"about":[{"href":"https:\/\/infoecos.com.ar\/index.php\/wp-json\/wp\/v2\/types\/post"}],"author":[{"embeddable":true,"href":"https:\/\/infoecos.com.ar\/index.php\/wp-json\/wp\/v2\/users\/2"}],"replies":[{"embeddable":true,"href":"https:\/\/infoecos.com.ar\/index.php\/wp-json\/wp\/v2\/comments?post=78859"}],"version-history":[{"count":2,"href":"https:\/\/infoecos.com.ar\/index.php\/wp-json\/wp\/v2\/posts\/78859\/revisions"}],"predecessor-version":[{"id":78866,"href":"https:\/\/infoecos.com.ar\/index.php\/wp-json\/wp\/v2\/posts\/78859\/revisions\/78866"}],"wp:featuredmedia":[{"embeddable":true,"href":"https:\/\/infoecos.com.ar\/index.php\/wp-json\/wp\/v2\/media\/78861"}],"wp:attachment":[{"href":"https:\/\/infoecos.com.ar\/index.php\/wp-json\/wp\/v2\/media?parent=78859"}],"wp:term":[{"taxonomy":"category","embeddable":true,"href":"https:\/\/infoecos.com.ar\/index.php\/wp-json\/wp\/v2\/categories?post=78859"},{"taxonomy":"post_tag","embeddable":true,"href":"https:\/\/infoecos.com.ar\/index.php\/wp-json\/wp\/v2\/tags?post=78859"}],"curies":[{"name":"wp","href":"https:\/\/api.w.org\/{rel}","templated":true}]}}