{"id":78864,"date":"2021-05-29T00:31:29","date_gmt":"2021-05-29T03:31:29","guid":{"rendered":"http:\/\/infoecos.com.ar\/?p=78864"},"modified":"2021-06-02T01:40:47","modified_gmt":"2021-06-02T04:40:47","slug":"la-provincia-garantiza-el-derecho-al-aborto-legal","status":"publish","type":"post","link":"https:\/\/infoecos.com.ar\/index.php\/la-provincia-garantiza-el-derecho-al-aborto-legal\/","title":{"rendered":"\u201cLa Provincia garantiza el derecho al aborto legal\u201d"},"content":{"rendered":"\n<p>La ministra de las Mujeres, Pol\u00edticas de G\u00e9nero y Diversidad Sexual bonaerense, Estela D\u00edaz, asegur\u00f3 que la provincia de Buenos Aires \u00abha sido pionera\u00bb en establecer la prevenci\u00f3n y atenci\u00f3n del aborto legal y destac\u00f3 que ahora se trabaja organizados a partir de las Regiones Sanitarias para coordinar la implementaci\u00f3n de la nueva Ley.<\/p>\n\n\n\n<div class=\"wp-block-image\"><figure class=\"aligncenter size-medium\"><img loading=\"lazy\" decoding=\"async\" width=\"460\" height=\"307\" src=\"http:\/\/infoecos.com.ar\/wp-content\/uploads\/2020\/08\/WhatsApp-Image-2020-08-19-at-18.40.36-1-460x307.jpeg\" alt=\"\" class=\"wp-image-66248\" srcset=\"https:\/\/infoecos.com.ar\/wp-content\/uploads\/2020\/08\/WhatsApp-Image-2020-08-19-at-18.40.36-1-460x307.jpeg 460w, https:\/\/infoecos.com.ar\/wp-content\/uploads\/2020\/08\/WhatsApp-Image-2020-08-19-at-18.40.36-1-920x613.jpeg 920w, https:\/\/infoecos.com.ar\/wp-content\/uploads\/2020\/08\/WhatsApp-Image-2020-08-19-at-18.40.36-1-768x512.jpeg 768w, https:\/\/infoecos.com.ar\/wp-content\/uploads\/2020\/08\/WhatsApp-Image-2020-08-19-at-18.40.36-1-1024x682.jpeg 1024w, https:\/\/infoecos.com.ar\/wp-content\/uploads\/2020\/08\/WhatsApp-Image-2020-08-19-at-18.40.36-1-675x450.jpeg 675w, https:\/\/infoecos.com.ar\/wp-content\/uploads\/2020\/08\/WhatsApp-Image-2020-08-19-at-18.40.36-1.jpeg 1280w\" sizes=\"(max-width: 460px) 100vw, 460px\" \/><\/figure><\/div>\n\n\n\n<p>En declaraciones en La Plata explic\u00f3 que tras la sanci\u00f3n de la ley de interrupci\u00f3n voluntaria del embarazo \u201chubo reglamentaci\u00f3n y ahora el protocolo de actuaci\u00f3n\u201d.<\/p>\n\n\n\n<p>En el marco del <strong>D\u00eda Internacional de Acci\u00f3n por la Salud de la Mujer<\/strong>, el Ministerio de Salud de la Naci\u00f3n presenta el nuevo protocolo de atenci\u00f3n de los abortos legales y la IVE.<\/p>\n\n\n\n<p>Adem\u00e1s, D\u00edaz destac\u00f3 que \u201cla Provincia est\u00e1 trabajando desde el d\u00eda uno de que la Ley se puso en vigencia para garantizar la implementaci\u00f3n de la interrupci\u00f3n voluntaria del embarazo\u201d.<\/p>\n\n\n\n<p>La ministra destac\u00f3 que \u201ccon el inmenso trabajo que hizo Salud y el ministerio de las Mujeres se est\u00e1 trabajando para que no haya obst\u00e1culos, tanto para garantizar los abortos que ya eran legales como ahora los amparados por la nueva ley\u00bb.<\/p>\n\n\n\n<p>Estela D\u00edaz dijo que \u201chay 400 efectores de salud en diferentes equipos que atienden los pedidos de interrupci\u00f3n de embarazo en la provincia de Buenos Aires. Est\u00e1n organizados por Regi\u00f3n Sanitaria y coordinan acciones con los municipios, porque la atenci\u00f3n primaria de la salud es de su competencia\u201d.<\/p>\n","protected":false},"excerpt":{"rendered":"<p>La ministra de las Mujeres, Pol\u00edticas de G\u00e9nero y Diversidad Sexual bonaerense, Estela D\u00edaz, asegur\u00f3 que la provincia de Buenos Aires \u00abha sido pionera\u00bb en establecer la prevenci\u00f3n y atenci\u00f3n del aborto legal<\/p>\n","protected":false},"author":2,"featured_media":66248,"comment_status":"closed","ping_status":"open","sticky":false,"template":"","format":"standard","meta":{"footnotes":""},"categories":[1643],"tags":[3789],"class_list":["post-78864","post","type-post","status-publish","format-standard","has-post-thumbnail","hentry","category-inferior16","tag-declaraciones-de-estela-diaz"],"yoast_head":"<!-- This site is optimized with the Yoast SEO plugin v23.4 - https:\/\/yoast.com\/wordpress\/plugins\/seo\/ -->\n<title>\u201cLa Provincia garantiza el derecho al aborto legal\u201d - Infoecos<\/title>\n<meta name=\"robots\" content=\"index, follow, max-snippet:-1, max-image-preview:large, max-video-preview:-1\" \/>\n<link rel=\"canonical\" href=\"https:\/\/infoecos.com.ar\/index.php\/la-provincia-garantiza-el-derecho-al-aborto-legal\/\" \/>\n<meta property=\"og:locale\" content=\"es_ES\" \/>\n<meta property=\"og:type\" content=\"article\" \/>\n<meta property=\"og:title\" content=\"\u201cLa Provincia garantiza el derecho al aborto legal\u201d - Infoecos\" \/>\n<meta property=\"og:description\" content=\"La ministra de las Mujeres, Pol\u00edticas de G\u00e9nero y Diversidad Sexual bonaerense, Estela D\u00edaz, asegur\u00f3 que la provincia de Buenos Aires &quot;ha sido pionera&quot; en establecer la prevenci\u00f3n y atenci\u00f3n del aborto legal\" \/>\n<meta property=\"og:url\" content=\"https:\/\/infoecos.com.ar\/index.php\/la-provincia-garantiza-el-derecho-al-aborto-legal\/\" \/>\n<meta property=\"og:site_name\" content=\"Infoecos\" \/>\n<meta property=\"article:publisher\" content=\"https:\/\/www.facebook.com\/profile.php?id=100063200290284\" \/>\n<meta property=\"article:published_time\" content=\"2021-05-29T03:31:29+00:00\" \/>\n<meta property=\"article:modified_time\" content=\"2021-06-02T04:40:47+00:00\" \/>\n<meta property=\"og:image\" content=\"https:\/\/infoecos.com.ar\/wp-content\/uploads\/2020\/08\/WhatsApp-Image-2020-08-19-at-18.40.36-1.jpeg\" \/>\n\t<meta property=\"og:image:width\" content=\"1280\" \/>\n\t<meta property=\"og:image:height\" content=\"853\" \/>\n\t<meta property=\"og:image:type\" content=\"image\/jpeg\" \/>\n<meta name=\"author\" content=\"Jorge Matheus\" \/>\n<meta name=\"twitter:card\" content=\"summary_large_image\" \/>\n<meta name=\"twitter:creator\" content=\"@infoecos\" \/>\n<meta name=\"twitter:site\" content=\"@infoecos\" \/>\n<meta name=\"twitter:label1\" content=\"Escrito por\" \/>\n\t<meta name=\"twitter:data1\" content=\"Jorge Matheus\" \/>\n\t<meta name=\"twitter:label2\" content=\"Tiempo de lectura\" \/>\n\t<meta name=\"twitter:data2\" content=\"1 minuto\" \/>\n<script type=\"application\/ld+json\" class=\"yoast-schema-graph\">{\"@context\":\"https:\/\/schema.org\",\"@graph\":[{\"@type\":\"Article\",\"@id\":\"https:\/\/infoecos.com.ar\/index.php\/la-provincia-garantiza-el-derecho-al-aborto-legal\/#article\",\"isPartOf\":{\"@id\":\"https:\/\/infoecos.com.ar\/index.php\/la-provincia-garantiza-el-derecho-al-aborto-legal\/\"},\"author\":{\"name\":\"Jorge Matheus\",\"@id\":\"https:\/\/infoecos.com.ar\/#\/schema\/person\/8f5ace5ce73b4b4aac4b7245aee6f191\"},\"headline\":\"\u201cLa Provincia garantiza el derecho al aborto legal\u201d\",\"datePublished\":\"2021-05-29T03:31:29+00:00\",\"dateModified\":\"2021-06-02T04:40:47+00:00\",\"mainEntityOfPage\":{\"@id\":\"https:\/\/infoecos.com.ar\/index.php\/la-provincia-garantiza-el-derecho-al-aborto-legal\/\"},\"wordCount\":266,\"publisher\":{\"@id\":\"https:\/\/infoecos.com.ar\/#organization\"},\"image\":{\"@id\":\"https:\/\/infoecos.com.ar\/index.php\/la-provincia-garantiza-el-derecho-al-aborto-legal\/#primaryimage\"},\"thumbnailUrl\":\"https:\/\/infoecos.com.ar\/wp-content\/uploads\/2020\/08\/WhatsApp-Image-2020-08-19-at-18.40.36-1.jpeg\",\"keywords\":[\"DECLARACIONES DE ESTELA D\u00cdAZ\"],\"articleSection\":[\"Bloque inferior - 16\"],\"inLanguage\":\"es\"},{\"@type\":\"WebPage\",\"@id\":\"https:\/\/infoecos.com.ar\/index.php\/la-provincia-garantiza-el-derecho-al-aborto-legal\/\",\"url\":\"https:\/\/infoecos.com.ar\/index.php\/la-provincia-garantiza-el-derecho-al-aborto-legal\/\",\"name\":\"\u201cLa Provincia garantiza el derecho al aborto legal\u201d - Infoecos\",\"isPartOf\":{\"@id\":\"https:\/\/infoecos.com.ar\/#website\"},\"primaryImageOfPage\":{\"@id\":\"https:\/\/infoecos.com.ar\/index.php\/la-provincia-garantiza-el-derecho-al-aborto-legal\/#primaryimage\"},\"image\":{\"@id\":\"https:\/\/infoecos.com.ar\/index.php\/la-provincia-garantiza-el-derecho-al-aborto-legal\/#primaryimage\"},\"thumbnailUrl\":\"https:\/\/infoecos.com.ar\/wp-content\/uploads\/2020\/08\/WhatsApp-Image-2020-08-19-at-18.40.36-1.jpeg\",\"datePublished\":\"2021-05-29T03:31:29+00:00\",\"dateModified\":\"2021-06-02T04:40:47+00:00\",\"breadcrumb\":{\"@id\":\"https:\/\/infoecos.com.ar\/index.php\/la-provincia-garantiza-el-derecho-al-aborto-legal\/#breadcrumb\"},\"inLanguage\":\"es\",\"potentialAction\":[{\"@type\":\"ReadAction\",\"target\":[\"https:\/\/infoecos.com.ar\/index.php\/la-provincia-garantiza-el-derecho-al-aborto-legal\/\"]}]},{\"@type\":\"ImageObject\",\"inLanguage\":\"es\",\"@id\":\"https:\/\/infoecos.com.ar\/index.php\/la-provincia-garantiza-el-derecho-al-aborto-legal\/#primaryimage\",\"url\":\"https:\/\/infoecos.com.ar\/wp-content\/uploads\/2020\/08\/WhatsApp-Image-2020-08-19-at-18.40.36-1.jpeg\",\"contentUrl\":\"https:\/\/infoecos.com.ar\/wp-content\/uploads\/2020\/08\/WhatsApp-Image-2020-08-19-at-18.40.36-1.jpeg\",\"width\":1280,\"height\":853},{\"@type\":\"BreadcrumbList\",\"@id\":\"https:\/\/infoecos.com.ar\/index.php\/la-provincia-garantiza-el-derecho-al-aborto-legal\/#breadcrumb\",\"itemListElement\":[{\"@type\":\"ListItem\",\"position\":1,\"name\":\"Portada\",\"item\":\"https:\/\/infoecos.com.ar\/\"},{\"@type\":\"ListItem\",\"position\":2,\"name\":\"\u201cLa Provincia garantiza el derecho al aborto legal\u201d\"}]},{\"@type\":\"WebSite\",\"@id\":\"https:\/\/infoecos.com.ar\/#website\",\"url\":\"https:\/\/infoecos.com.ar\/\",\"name\":\"Infoecos\",\"description\":\"Noticias de trenque lauquen y la zona\",\"publisher\":{\"@id\":\"https:\/\/infoecos.com.ar\/#organization\"},\"alternateName\":\"Noticias\",\"potentialAction\":[{\"@type\":\"SearchAction\",\"target\":{\"@type\":\"EntryPoint\",\"urlTemplate\":\"https:\/\/infoecos.com.ar\/?s={search_term_string}\"},\"query-input\":{\"@type\":\"PropertyValueSpecification\",\"valueRequired\":true,\"valueName\":\"search_term_string\"}}],\"inLanguage\":\"es\"},{\"@type\":\"Organization\",\"@id\":\"https:\/\/infoecos.com.ar\/#organization\",\"name\":\"Infoecos\",\"alternateName\":\"Noticias\",\"url\":\"https:\/\/infoecos.com.ar\/\",\"logo\":{\"@type\":\"ImageObject\",\"inLanguage\":\"es\",\"@id\":\"https:\/\/infoecos.com.ar\/#\/schema\/logo\/image\/\",\"url\":\"https:\/\/infoecos.com.ar\/wp-content\/uploads\/2024\/03\/cropped-logo.png\",\"contentUrl\":\"https:\/\/infoecos.com.ar\/wp-content\/uploads\/2024\/03\/cropped-logo.png\",\"width\":374,\"height\":90,\"caption\":\"Infoecos\"},\"image\":{\"@id\":\"https:\/\/infoecos.com.ar\/#\/schema\/logo\/image\/\"},\"sameAs\":[\"https:\/\/www.facebook.com\/profile.php?id=100063200290284\",\"https:\/\/x.com\/infoecos\"]},{\"@type\":\"Person\",\"@id\":\"https:\/\/infoecos.com.ar\/#\/schema\/person\/8f5ace5ce73b4b4aac4b7245aee6f191\",\"name\":\"Jorge Matheus\",\"url\":\"https:\/\/infoecos.com.ar\/index.php\/author\/jomatheus\/\"}]}<\/script>\n<!-- \/ Yoast SEO plugin. -->","yoast_head_json":{"title":"\u201cLa Provincia garantiza el derecho al aborto legal\u201d - Infoecos","robots":{"index":"index","follow":"follow","max-snippet":"max-snippet:-1","max-image-preview":"max-image-preview:large","max-video-preview":"max-video-preview:-1"},"canonical":"https:\/\/infoecos.com.ar\/index.php\/la-provincia-garantiza-el-derecho-al-aborto-legal\/","og_locale":"es_ES","og_type":"article","og_title":"\u201cLa Provincia garantiza el derecho al aborto legal\u201d - Infoecos","og_description":"La ministra de las Mujeres, Pol\u00edticas de G\u00e9nero y Diversidad Sexual bonaerense, Estela D\u00edaz, asegur\u00f3 que la provincia de Buenos Aires \"ha sido pionera\" en establecer la prevenci\u00f3n y atenci\u00f3n del aborto legal","og_url":"https:\/\/infoecos.com.ar\/index.php\/la-provincia-garantiza-el-derecho-al-aborto-legal\/","og_site_name":"Infoecos","article_publisher":"https:\/\/www.facebook.com\/profile.php?id=100063200290284","article_published_time":"2021-05-29T03:31:29+00:00","article_modified_time":"2021-06-02T04:40:47+00:00","og_image":[{"width":1280,"height":853,"url":"https:\/\/infoecos.com.ar\/wp-content\/uploads\/2020\/08\/WhatsApp-Image-2020-08-19-at-18.40.36-1.jpeg","type":"image\/jpeg"}],"author":"Jorge Matheus","twitter_card":"summary_large_image","twitter_creator":"@infoecos","twitter_site":"@infoecos","twitter_misc":{"Escrito por":"Jorge Matheus","Tiempo de lectura":"1 minuto"},"schema":{"@context":"https:\/\/schema.org","@graph":[{"@type":"Article","@id":"https:\/\/infoecos.com.ar\/index.php\/la-provincia-garantiza-el-derecho-al-aborto-legal\/#article","isPartOf":{"@id":"https:\/\/infoecos.com.ar\/index.php\/la-provincia-garantiza-el-derecho-al-aborto-legal\/"},"author":{"name":"Jorge Matheus","@id":"https:\/\/infoecos.com.ar\/#\/schema\/person\/8f5ace5ce73b4b4aac4b7245aee6f191"},"headline":"\u201cLa Provincia garantiza el derecho al aborto legal\u201d","datePublished":"2021-05-29T03:31:29+00:00","dateModified":"2021-06-02T04:40:47+00:00","mainEntityOfPage":{"@id":"https:\/\/infoecos.com.ar\/index.php\/la-provincia-garantiza-el-derecho-al-aborto-legal\/"},"wordCount":266,"publisher":{"@id":"https:\/\/infoecos.com.ar\/#organization"},"image":{"@id":"https:\/\/infoecos.com.ar\/index.php\/la-provincia-garantiza-el-derecho-al-aborto-legal\/#primaryimage"},"thumbnailUrl":"https:\/\/infoecos.com.ar\/wp-content\/uploads\/2020\/08\/WhatsApp-Image-2020-08-19-at-18.40.36-1.jpeg","keywords":["DECLARACIONES DE ESTELA D\u00cdAZ"],"articleSection":["Bloque inferior - 16"],"inLanguage":"es"},{"@type":"WebPage","@id":"https:\/\/infoecos.com.ar\/index.php\/la-provincia-garantiza-el-derecho-al-aborto-legal\/","url":"https:\/\/infoecos.com.ar\/index.php\/la-provincia-garantiza-el-derecho-al-aborto-legal\/","name":"\u201cLa Provincia garantiza el derecho al aborto legal\u201d - Infoecos","isPartOf":{"@id":"https:\/\/infoecos.com.ar\/#website"},"primaryImageOfPage":{"@id":"https:\/\/infoecos.com.ar\/index.php\/la-provincia-garantiza-el-derecho-al-aborto-legal\/#primaryimage"},"image":{"@id":"https:\/\/infoecos.com.ar\/index.php\/la-provincia-garantiza-el-derecho-al-aborto-legal\/#primaryimage"},"thumbnailUrl":"https:\/\/infoecos.com.ar\/wp-content\/uploads\/2020\/08\/WhatsApp-Image-2020-08-19-at-18.40.36-1.jpeg","datePublished":"2021-05-29T03:31:29+00:00","dateModified":"2021-06-02T04:40:47+00:00","breadcrumb":{"@id":"https:\/\/infoecos.com.ar\/index.php\/la-provincia-garantiza-el-derecho-al-aborto-legal\/#breadcrumb"},"inLanguage":"es","potentialAction":[{"@type":"ReadAction","target":["https:\/\/infoecos.com.ar\/index.php\/la-provincia-garantiza-el-derecho-al-aborto-legal\/"]}]},{"@type":"ImageObject","inLanguage":"es","@id":"https:\/\/infoecos.com.ar\/index.php\/la-provincia-garantiza-el-derecho-al-aborto-legal\/#primaryimage","url":"https:\/\/infoecos.com.ar\/wp-content\/uploads\/2020\/08\/WhatsApp-Image-2020-08-19-at-18.40.36-1.jpeg","contentUrl":"https:\/\/infoecos.com.ar\/wp-content\/uploads\/2020\/08\/WhatsApp-Image-2020-08-19-at-18.40.36-1.jpeg","width":1280,"height":853},{"@type":"BreadcrumbList","@id":"https:\/\/infoecos.com.ar\/index.php\/la-provincia-garantiza-el-derecho-al-aborto-legal\/#breadcrumb","itemListElement":[{"@type":"ListItem","position":1,"name":"Portada","item":"https:\/\/infoecos.com.ar\/"},{"@type":"ListItem","position":2,"name":"\u201cLa Provincia garantiza el derecho al aborto legal\u201d"}]},{"@type":"WebSite","@id":"https:\/\/infoecos.com.ar\/#website","url":"https:\/\/infoecos.com.ar\/","name":"Infoecos","description":"Noticias de trenque lauquen y la zona","publisher":{"@id":"https:\/\/infoecos.com.ar\/#organization"},"alternateName":"Noticias","potentialAction":[{"@type":"SearchAction","target":{"@type":"EntryPoint","urlTemplate":"https:\/\/infoecos.com.ar\/?s={search_term_string}"},"query-input":{"@type":"PropertyValueSpecification","valueRequired":true,"valueName":"search_term_string"}}],"inLanguage":"es"},{"@type":"Organization","@id":"https:\/\/infoecos.com.ar\/#organization","name":"Infoecos","alternateName":"Noticias","url":"https:\/\/infoecos.com.ar\/","logo":{"@type":"ImageObject","inLanguage":"es","@id":"https:\/\/infoecos.com.ar\/#\/schema\/logo\/image\/","url":"https:\/\/infoecos.com.ar\/wp-content\/uploads\/2024\/03\/cropped-logo.png","contentUrl":"https:\/\/infoecos.com.ar\/wp-content\/uploads\/2024\/03\/cropped-logo.png","width":374,"height":90,"caption":"Infoecos"},"image":{"@id":"https:\/\/infoecos.com.ar\/#\/schema\/logo\/image\/"},"sameAs":["https:\/\/www.facebook.com\/profile.php?id=100063200290284","https:\/\/x.com\/infoecos"]},{"@type":"Person","@id":"https:\/\/infoecos.com.ar\/#\/schema\/person\/8f5ace5ce73b4b4aac4b7245aee6f191","name":"Jorge Matheus","url":"https:\/\/infoecos.com.ar\/index.php\/author\/jomatheus\/"}]}},"featured_image_urls":{"full":["https:\/\/infoecos.com.ar\/wp-content\/uploads\/2020\/08\/WhatsApp-Image-2020-08-19-at-18.40.36-1.jpeg",1280,853,false],"thumbnail":["https:\/\/infoecos.com.ar\/wp-content\/uploads\/2020\/08\/WhatsApp-Image-2020-08-19-at-18.40.36-1-150x150.jpeg",150,150,true],"medium":["https:\/\/infoecos.com.ar\/wp-content\/uploads\/2020\/08\/WhatsApp-Image-2020-08-19-at-18.40.36-1-460x307.jpeg",460,307,true],"medium_large":["https:\/\/infoecos.com.ar\/wp-content\/uploads\/2020\/08\/WhatsApp-Image-2020-08-19-at-18.40.36-1-768x512.jpeg",640,427,true],"large":["https:\/\/infoecos.com.ar\/wp-content\/uploads\/2020\/08\/WhatsApp-Image-2020-08-19-at-18.40.36-1-920x613.jpeg",640,426,true],"1536x1536":["https:\/\/infoecos.com.ar\/wp-content\/uploads\/2020\/08\/WhatsApp-Image-2020-08-19-at-18.40.36-1.jpeg",1280,853,false],"2048x2048":["https:\/\/infoecos.com.ar\/wp-content\/uploads\/2020\/08\/WhatsApp-Image-2020-08-19-at-18.40.36-1.jpeg",1280,853,false],"covernews-slider-full":["https:\/\/infoecos.com.ar\/wp-content\/uploads\/2020\/08\/WhatsApp-Image-2020-08-19-at-18.40.36-1.jpeg",1073,715,false],"covernews-slider-center":["https:\/\/infoecos.com.ar\/wp-content\/uploads\/2020\/08\/WhatsApp-Image-2020-08-19-at-18.40.36-1-936x853.jpeg",549,500,true],"covernews-featured":["https:\/\/infoecos.com.ar\/wp-content\/uploads\/2020\/08\/WhatsApp-Image-2020-08-19-at-18.40.36-1-1024x682.jpeg",1024,682,true],"covernews-medium":["https:\/\/infoecos.com.ar\/wp-content\/uploads\/2020\/08\/WhatsApp-Image-2020-08-19-at-18.40.36-1-720x380.jpeg",540,285,true],"covernews-medium-square":["https:\/\/infoecos.com.ar\/wp-content\/uploads\/2020\/08\/WhatsApp-Image-2020-08-19-at-18.40.36-1-675x450.jpeg",375,250,true]},"author_info":{"info":["Jorge Matheus"]},"category_info":"<a href=\"https:\/\/infoecos.com.ar\/index.php\/category\/inferior16\/\" rel=\"category tag\">Bloque inferior - 16<\/a>","tag_info":"Bloque inferior - 16","comment_count":"0","_links":{"self":[{"href":"https:\/\/infoecos.com.ar\/index.php\/wp-json\/wp\/v2\/posts\/78864"}],"collection":[{"href":"https:\/\/infoecos.com.ar\/index.php\/wp-json\/wp\/v2\/posts"}],"about":[{"href":"https:\/\/infoecos.com.ar\/index.php\/wp-json\/wp\/v2\/types\/post"}],"author":[{"embeddable":true,"href":"https:\/\/infoecos.com.ar\/index.php\/wp-json\/wp\/v2\/users\/2"}],"replies":[{"embeddable":true,"href":"https:\/\/infoecos.com.ar\/index.php\/wp-json\/wp\/v2\/comments?post=78864"}],"version-history":[{"count":1,"href":"https:\/\/infoecos.com.ar\/index.php\/wp-json\/wp\/v2\/posts\/78864\/revisions"}],"predecessor-version":[{"id":78865,"href":"https:\/\/infoecos.com.ar\/index.php\/wp-json\/wp\/v2\/posts\/78864\/revisions\/78865"}],"wp:featuredmedia":[{"embeddable":true,"href":"https:\/\/infoecos.com.ar\/index.php\/wp-json\/wp\/v2\/media\/66248"}],"wp:attachment":[{"href":"https:\/\/infoecos.com.ar\/index.php\/wp-json\/wp\/v2\/media?parent=78864"}],"wp:term":[{"taxonomy":"category","embeddable":true,"href":"https:\/\/infoecos.com.ar\/index.php\/wp-json\/wp\/v2\/categories?post=78864"},{"taxonomy":"post_tag","embeddable":true,"href":"https:\/\/infoecos.com.ar\/index.php\/wp-json\/wp\/v2\/tags?post=78864"}],"curies":[{"name":"wp","href":"https:\/\/api.w.org\/{rel}","templated":true}]}}