{"id":78877,"date":"2021-05-29T01:05:48","date_gmt":"2021-05-29T04:05:48","guid":{"rendered":"http:\/\/infoecos.com.ar\/?p=78877"},"modified":"2021-06-02T01:39:11","modified_gmt":"2021-06-02T04:39:11","slug":"girodias-en-forma-virtual-celebro-los-110-anos-de-su-creacion","status":"publish","type":"post","link":"https:\/\/infoecos.com.ar\/index.php\/girodias-en-forma-virtual-celebro-los-110-anos-de-su-creacion\/","title":{"rendered":"Girod\u00edas, en forma virtual, celebr\u00f3 los 110 a\u00f1os de su creaci\u00f3n"},"content":{"rendered":"\n<p class=\"wp-block-paragraph\">La comunidad de Girod\u00edas celebr\u00f3 ayer su 110\u00b0 aniversario.<\/p>\n\n\n\n<p class=\"wp-block-paragraph\">Por segundo a\u00f1o consecutivo el festejo se realiz\u00f3 en un contexto diferente marcado por la situaci\u00f3n sanitaria provocada por la pandemia de Covid-19 y las nuevas restricciones establecidas, que impidieron la realizaci\u00f3n de actos con presencia de p\u00fablico.<\/p>\n\n\n\n<div class=\"wp-block-image\"><figure class=\"aligncenter size-medium\"><img loading=\"lazy\" decoding=\"async\" width=\"460\" height=\"345\" src=\"http:\/\/infoecos.com.ar\/wp-content\/uploads\/2021\/05\/Girodias-3-460x345.jpg\" alt=\"\" class=\"wp-image-78878\" srcset=\"https:\/\/infoecos.com.ar\/wp-content\/uploads\/2021\/05\/Girodias-3-460x345.jpg 460w, https:\/\/infoecos.com.ar\/wp-content\/uploads\/2021\/05\/Girodias-3-920x690.jpg 920w, https:\/\/infoecos.com.ar\/wp-content\/uploads\/2021\/05\/Girodias-3-768x576.jpg 768w, https:\/\/infoecos.com.ar\/wp-content\/uploads\/2021\/05\/Girodias-3-1024x768.jpg 1024w, https:\/\/infoecos.com.ar\/wp-content\/uploads\/2021\/05\/Girodias-3.jpg 1032w\" sizes=\"auto, (max-width: 460px) 100vw, 460px\" \/><\/figure><\/div>\n\n\n\n<p class=\"wp-block-paragraph\">La Bandera nacional fue izada por la sub delegada de Girod\u00edas, Mirta Folco, y por los trabajadores municipales Ang\u00e9lica Anguino (abanderada), Juan Zarantonello y Edgardo Stemphelet (escoltas).<\/p>\n\n\n\n<p class=\"wp-block-paragraph\">\u201cUno estaba acostumbrado a que en otros a\u00f1os este momento (del aniversario) era un revuelo y hoy est\u00e1 todo muy quieto, por eso esperamos que esta situaci\u00f3n termine pronto\u201d, coment\u00f3 Mirta Folco, en relaci\u00f3n a las limitaciones que impone la pandemia de Covid-19.<\/p>\n\n\n\n<p class=\"wp-block-paragraph\">En su mensaje a la comunidad, Folco pidi\u00f3 a los vecinos que \u201cse sigan cuidando como hasta ahora porque realmente Girod\u00edas es un ejemplo, no tenemos problemas y cuando se produjeron los casos (de Covid-19) fueron muy aislados\u201d.<\/p>\n\n\n\n<p class=\"wp-block-paragraph\">Tambi\u00e9n destac\u00f3 el trabajo que realiza toda la comunidad: \u201cHay mucho movimiento en el campo y eso es importante, ac\u00e1 hay trabajo y no tenemos las necesidades de las grandes ciudades donde se est\u00e1 viviendo un momento muy feo con la pandemia\u201d.<\/p>\n\n\n\n<p class=\"wp-block-paragraph\">Entre los agradecimientos, Folco mencion\u00f3 a la enfermera Clara Escurra, a cargo de la Sala de Enfermer\u00eda; Marisa Quiroz, coordinadora de la Escuela Municipal; a los docentes Luis Benito (Computaci\u00f3n) y Luc\u00eda Rodr\u00edguez (Apoyo Escolar) y a quienes tienen a cargo los talleres de Cultura: Luj\u00e1n Rotella y Eugenia Sueldo.<\/p>\n\n\n\n<div class=\"wp-block-image\"><figure class=\"aligncenter size-medium\"><img loading=\"lazy\" decoding=\"async\" width=\"460\" height=\"345\" src=\"http:\/\/infoecos.com.ar\/wp-content\/uploads\/2021\/05\/Girodias-2-460x345.jpg\" alt=\"\" class=\"wp-image-78879\" srcset=\"https:\/\/infoecos.com.ar\/wp-content\/uploads\/2021\/05\/Girodias-2-460x345.jpg 460w, https:\/\/infoecos.com.ar\/wp-content\/uploads\/2021\/05\/Girodias-2-920x690.jpg 920w, https:\/\/infoecos.com.ar\/wp-content\/uploads\/2021\/05\/Girodias-2-768x576.jpg 768w, https:\/\/infoecos.com.ar\/wp-content\/uploads\/2021\/05\/Girodias-2-1024x768.jpg 1024w, https:\/\/infoecos.com.ar\/wp-content\/uploads\/2021\/05\/Girodias-2.jpg 1032w\" sizes=\"auto, (max-width: 460px) 100vw, 460px\" \/><\/figure><\/div>\n\n\n\n<p class=\"wp-block-paragraph\">Folco tambi\u00e9n agradeci\u00f3 \u201ca la Municipalidad y a todo el equipo de trabajo porque est\u00e1n siempre pendientes de nosotros y tambi\u00e9n a Miguel (Fern\u00e1ndez, el Intendente) que nos dio un gran susto (en referencia al problema de salud que padeci\u00f3), y se tiene que cuidar mucho\u201d.<\/p>\n\n\n\n<p class=\"wp-block-paragraph\">\u201cEstamos siempre esper\u00e1ndolos, porque para nosotros es un honor y nos gusta que vengan, ya vendr\u00e1n los tiempos en los que podamos hacer un gran festejo\u201d, concluy\u00f3 la subdelegada.<\/p>\n\n\n\n<p class=\"wp-block-paragraph\">Es importante destacar que a pesar de las restricciones y de la situaci\u00f3n sanitaria, Girod\u00edas sigue trabajando y apostando a nuevos proyectos como el de \u201cTurismo Rural\u201d en el que trabajan junto al grupo Crecer, que contempla la realizaci\u00f3n de obras y el mejoramiento de distintos \u00e1mbitos de la localidad para recibir a los interesados en recorrer los pueblos rurales.<\/p>\n\n\n\n<div class=\"wp-block-image\"><figure class=\"aligncenter size-medium\"><img loading=\"lazy\" decoding=\"async\" width=\"460\" height=\"409\" src=\"http:\/\/infoecos.com.ar\/wp-content\/uploads\/2021\/05\/Girodias-1-460x409.jpg\" alt=\"\" class=\"wp-image-78788\" srcset=\"https:\/\/infoecos.com.ar\/wp-content\/uploads\/2021\/05\/Girodias-1-460x409.jpg 460w, https:\/\/infoecos.com.ar\/wp-content\/uploads\/2021\/05\/Girodias-1-768x683.jpg 768w, https:\/\/infoecos.com.ar\/wp-content\/uploads\/2021\/05\/Girodias-1.jpg 778w\" sizes=\"auto, (max-width: 460px) 100vw, 460px\" \/><\/figure><\/div>\n\n\n\n<p class=\"wp-block-paragraph\">Adem\u00e1s, \u201cla Escuela Municipal, que cumple 46 a\u00f1os el 1\u00b0 de junio, prepar\u00f3 un libro \u201cUn Momento, un Recuerdo\u201d que tendr\u00e1 an\u00e9cdotas, relatos e historias de la localidad y los vecinos podr\u00e1n acercarse durante el transcurso del a\u00f1o para volcar en el mismo sus testimonios para evitar que se pierdan.<\/p>\n","protected":false},"excerpt":{"rendered":"<p>destac\u00f3 el trabajo que realiza toda la comunidad: \u201cHay mucho movimiento en el campo y eso es importante, ac\u00e1 hay trabajo y no tenemos las necesidades de las grandes ciudades donde se est\u00e1 viviendo un momento muy feo con la pandemia\u201d<\/p>\n","protected":false},"author":2,"featured_media":78878,"comment_status":"closed","ping_status":"open","sticky":false,"template":"","format":"standard","meta":{"footnotes":""},"categories":[1333],"tags":[3792],"class_list":["post-78877","post","type-post","status-publish","format-standard","has-post-thumbnail","hentry","category-inferior13","tag-hablo-la-delegada-marta-folco"],"featured_image_urls":{"full":["https:\/\/infoecos.com.ar\/wp-content\/uploads\/2021\/05\/Girodias-3.jpg",1032,774,false],"thumbnail":["https:\/\/infoecos.com.ar\/wp-content\/uploads\/2021\/05\/Girodias-3-150x150.jpg",150,150,true],"medium":["https:\/\/infoecos.com.ar\/wp-content\/uploads\/2021\/05\/Girodias-3-460x345.jpg",460,345,true],"medium_large":["https:\/\/infoecos.com.ar\/wp-content\/uploads\/2021\/05\/Girodias-3-768x576.jpg",640,480,true],"large":["https:\/\/infoecos.com.ar\/wp-content\/uploads\/2021\/05\/Girodias-3-920x690.jpg",640,480,true],"1536x1536":["https:\/\/infoecos.com.ar\/wp-content\/uploads\/2021\/05\/Girodias-3.jpg",1032,774,false],"2048x2048":["https:\/\/infoecos.com.ar\/wp-content\/uploads\/2021\/05\/Girodias-3.jpg",1032,774,false],"covernews-slider-full":["https:\/\/infoecos.com.ar\/wp-content\/uploads\/2021\/05\/Girodias-3.jpg",953,715,false],"covernews-slider-center":["https:\/\/infoecos.com.ar\/wp-content\/uploads\/2021\/05\/Girodias-3-936x774.jpg",605,500,true],"covernews-featured":["https:\/\/infoecos.com.ar\/wp-content\/uploads\/2021\/05\/Girodias-3-1024x768.jpg",1024,768,true],"covernews-medium":["https:\/\/infoecos.com.ar\/wp-content\/uploads\/2021\/05\/Girodias-3-720x380.jpg",540,285,true],"covernews-medium-square":["https:\/\/infoecos.com.ar\/wp-content\/uploads\/2021\/05\/Girodias-3-675x450.jpg",375,250,true]},"author_info":{"info":["Jorge Matheus"]},"category_info":"<a href=\"https:\/\/infoecos.com.ar\/index.php\/category\/inferior13\/\" rel=\"category tag\">Bloque inferior - 13<\/a>","tag_info":"Bloque inferior - 13","comment_count":"0","_links":{"self":[{"href":"https:\/\/infoecos.com.ar\/index.php\/wp-json\/wp\/v2\/posts\/78877","targetHints":{"allow":["GET"]}}],"collection":[{"href":"https:\/\/infoecos.com.ar\/index.php\/wp-json\/wp\/v2\/posts"}],"about":[{"href":"https:\/\/infoecos.com.ar\/index.php\/wp-json\/wp\/v2\/types\/post"}],"author":[{"embeddable":true,"href":"https:\/\/infoecos.com.ar\/index.php\/wp-json\/wp\/v2\/users\/2"}],"replies":[{"embeddable":true,"href":"https:\/\/infoecos.com.ar\/index.php\/wp-json\/wp\/v2\/comments?post=78877"}],"version-history":[{"count":1,"href":"https:\/\/infoecos.com.ar\/index.php\/wp-json\/wp\/v2\/posts\/78877\/revisions"}],"predecessor-version":[{"id":78880,"href":"https:\/\/infoecos.com.ar\/index.php\/wp-json\/wp\/v2\/posts\/78877\/revisions\/78880"}],"wp:featuredmedia":[{"embeddable":true,"href":"https:\/\/infoecos.com.ar\/index.php\/wp-json\/wp\/v2\/media\/78878"}],"wp:attachment":[{"href":"https:\/\/infoecos.com.ar\/index.php\/wp-json\/wp\/v2\/media?parent=78877"}],"wp:term":[{"taxonomy":"category","embeddable":true,"href":"https:\/\/infoecos.com.ar\/index.php\/wp-json\/wp\/v2\/categories?post=78877"},{"taxonomy":"post_tag","embeddable":true,"href":"https:\/\/infoecos.com.ar\/index.php\/wp-json\/wp\/v2\/tags?post=78877"}],"curies":[{"name":"wp","href":"https:\/\/api.w.org\/{rel}","templated":true}]}}