{"id":78887,"date":"2021-05-29T01:23:47","date_gmt":"2021-05-29T04:23:47","guid":{"rendered":"http:\/\/infoecos.com.ar\/?p=78887"},"modified":"2021-05-29T01:23:49","modified_gmt":"2021-05-29T04:23:49","slug":"el-viernes-se-registraron-84-nuevos-contagios-y-un-fallecido-en-el-distrito-de-bragado","status":"publish","type":"post","link":"https:\/\/infoecos.com.ar\/index.php\/el-viernes-se-registraron-84-nuevos-contagios-y-un-fallecido-en-el-distrito-de-bragado\/","title":{"rendered":"El viernes se registraron 84 nuevos contagios y un fallecido en el distrito de Bragado"},"content":{"rendered":"\n<p class=\"wp-block-paragraph\">Se registraron 84 nuevos contagios de Covid-19 y un fallecido por el virus, este viernes en Bragado.<\/p>\n\n\n\n<div class=\"wp-block-image\"><figure class=\"aligncenter size-large\"><img loading=\"lazy\" decoding=\"async\" width=\"526\" height=\"575\" src=\"http:\/\/infoecos.com.ar\/wp-content\/uploads\/2021\/05\/reportebragado-3.jpg\" alt=\"\" class=\"wp-image-78888\" srcset=\"https:\/\/infoecos.com.ar\/wp-content\/uploads\/2021\/05\/reportebragado-3.jpg 526w, https:\/\/infoecos.com.ar\/wp-content\/uploads\/2021\/05\/reportebragado-3-421x460.jpg 421w\" sizes=\"auto, (max-width: 526px) 100vw, 526px\" \/><\/figure><\/div>\n\n\n\n<p class=\"wp-block-paragraph\">El hombre que muri\u00f3 a causa del Coronavirus ten\u00eda 80 a\u00f1os y se hallaba en la Unidad de Terapia Intensiva.\u00a0En tanto,\u00a0en el Hospital Municipal San Luis hay internadas 70 personas, pero siete de ellas se ubican en la UTI<strong>.<\/strong><\/p>\n\n\n\n<p class=\"wp-block-paragraph\">La cantidad de pacientes activos en Bragado ascendi\u00f3 a 992 personas, tras las 51 altas m\u00e9dicas que se otorgaron. En Comodoro Py\u00a0hay 26 casos activos, en O\u2019Brien hay 24, Warnes tiene 10, mientras que Mechita e Irala tienen seis contagiados cada localidad.<\/p>\n","protected":false},"excerpt":{"rendered":"<p>El hombre que muri\u00f3 a causa del Coronavirus ten\u00eda 80 a\u00f1os y se hallaba en la Unidad de Terapia Intensiva. En tanto, en el Hospital Municipal San Luis hay internadas 70 personas, pero siete de ellas se ubican en la UTI<\/p>\n","protected":false},"author":2,"featured_media":78888,"comment_status":"closed","ping_status":"open","sticky":false,"template":"","format":"standard","meta":{"footnotes":""},"categories":[1323],"tags":[1785],"class_list":["post-78887","post","type-post","status-publish","format-standard","has-post-thumbnail","hentry","category-c2nota5","tag-coronavirus"],"featured_image_urls":{"full":["https:\/\/infoecos.com.ar\/wp-content\/uploads\/2021\/05\/reportebragado-3.jpg",526,575,false],"thumbnail":["https:\/\/infoecos.com.ar\/wp-content\/uploads\/2021\/05\/reportebragado-3-150x150.jpg",150,150,true],"medium":["https:\/\/infoecos.com.ar\/wp-content\/uploads\/2021\/05\/reportebragado-3-421x460.jpg",421,460,true],"medium_large":["https:\/\/infoecos.com.ar\/wp-content\/uploads\/2021\/05\/reportebragado-3.jpg",526,575,false],"large":["https:\/\/infoecos.com.ar\/wp-content\/uploads\/2021\/05\/reportebragado-3.jpg",526,575,false],"1536x1536":["https:\/\/infoecos.com.ar\/wp-content\/uploads\/2021\/05\/reportebragado-3.jpg",526,575,false],"2048x2048":["https:\/\/infoecos.com.ar\/wp-content\/uploads\/2021\/05\/reportebragado-3.jpg",526,575,false],"covernews-slider-full":["https:\/\/infoecos.com.ar\/wp-content\/uploads\/2021\/05\/reportebragado-3.jpg",526,575,false],"covernews-slider-center":["https:\/\/infoecos.com.ar\/wp-content\/uploads\/2021\/05\/reportebragado-3.jpg",457,500,false],"covernews-featured":["https:\/\/infoecos.com.ar\/wp-content\/uploads\/2021\/05\/reportebragado-3.jpg",526,575,false],"covernews-medium":["https:\/\/infoecos.com.ar\/wp-content\/uploads\/2021\/05\/reportebragado-3-526x380.jpg",471,340,true],"covernews-medium-square":["https:\/\/infoecos.com.ar\/wp-content\/uploads\/2021\/05\/reportebragado-3-526x450.jpg",292,250,true]},"author_info":{"info":["Jorge Matheus"]},"category_info":"<a href=\"https:\/\/infoecos.com.ar\/index.php\/category\/c2nota5\/\" rel=\"category tag\">C2 N5<\/a>","tag_info":"C2 N5","comment_count":"0","_links":{"self":[{"href":"https:\/\/infoecos.com.ar\/index.php\/wp-json\/wp\/v2\/posts\/78887","targetHints":{"allow":["GET"]}}],"collection":[{"href":"https:\/\/infoecos.com.ar\/index.php\/wp-json\/wp\/v2\/posts"}],"about":[{"href":"https:\/\/infoecos.com.ar\/index.php\/wp-json\/wp\/v2\/types\/post"}],"author":[{"embeddable":true,"href":"https:\/\/infoecos.com.ar\/index.php\/wp-json\/wp\/v2\/users\/2"}],"replies":[{"embeddable":true,"href":"https:\/\/infoecos.com.ar\/index.php\/wp-json\/wp\/v2\/comments?post=78887"}],"version-history":[{"count":1,"href":"https:\/\/infoecos.com.ar\/index.php\/wp-json\/wp\/v2\/posts\/78887\/revisions"}],"predecessor-version":[{"id":78889,"href":"https:\/\/infoecos.com.ar\/index.php\/wp-json\/wp\/v2\/posts\/78887\/revisions\/78889"}],"wp:featuredmedia":[{"embeddable":true,"href":"https:\/\/infoecos.com.ar\/index.php\/wp-json\/wp\/v2\/media\/78888"}],"wp:attachment":[{"href":"https:\/\/infoecos.com.ar\/index.php\/wp-json\/wp\/v2\/media?parent=78887"}],"wp:term":[{"taxonomy":"category","embeddable":true,"href":"https:\/\/infoecos.com.ar\/index.php\/wp-json\/wp\/v2\/categories?post=78887"},{"taxonomy":"post_tag","embeddable":true,"href":"https:\/\/infoecos.com.ar\/index.php\/wp-json\/wp\/v2\/tags?post=78887"}],"curies":[{"name":"wp","href":"https:\/\/api.w.org\/{rel}","templated":true}]}}