{"id":78896,"date":"2021-05-29T01:41:00","date_gmt":"2021-05-29T04:41:00","guid":{"rendered":"http:\/\/infoecos.com.ar\/?p=78896"},"modified":"2021-05-29T01:41:03","modified_gmt":"2021-05-29T04:41:03","slug":"en-la-pampa-este-viernes-546-casos-positivos-y-cinco-fallecimientos","status":"publish","type":"post","link":"https:\/\/infoecos.com.ar\/index.php\/en-la-pampa-este-viernes-546-casos-positivos-y-cinco-fallecimientos\/","title":{"rendered":"En La Pampa, este viernes, 546 casos positivos y cinco fallecimientos"},"content":{"rendered":"\n<p class=\"wp-block-paragraph\">El Ministerio de Salud de La Pampa dio a conocer que este viernes se produjeron otros cinco fallecimientos y 546 casos positivos como consecuencia de la segunda ola de coronavirus.<\/p>\n\n\n\n<p class=\"wp-block-paragraph\">En cuanto a las muertes,&nbsp;<strong>son todos hombres<\/strong>. Y eran oriundos de&nbsp;<strong>Guatrach\u00e9, Toay, Santa Rosa, 25 de mayo y General Pico<\/strong>. Ten\u00edan<strong>&nbsp;47, 55 , 64 , 80 y 88 a\u00f1os<\/strong>, respectivamente.<\/p>\n\n\n\n<div class=\"wp-block-image\"><figure class=\"aligncenter size-medium\"><img loading=\"lazy\" decoding=\"async\" width=\"460\" height=\"259\" src=\"http:\/\/infoecos.com.ar\/wp-content\/uploads\/5e92ef0d35853_1004x565-460x259.jpg\" alt=\"\" class=\"wp-image-65618\" srcset=\"https:\/\/infoecos.com.ar\/wp-content\/uploads\/5e92ef0d35853_1004x565-460x259.jpg 460w, https:\/\/infoecos.com.ar\/wp-content\/uploads\/5e92ef0d35853_1004x565-920x518.jpg 920w, https:\/\/infoecos.com.ar\/wp-content\/uploads\/5e92ef0d35853_1004x565-768x432.jpg 768w, https:\/\/infoecos.com.ar\/wp-content\/uploads\/5e92ef0d35853_1004x565.jpg 1004w\" sizes=\"auto, (max-width: 460px) 100vw, 460px\" \/><\/figure><\/div>\n\n\n\n<p class=\"wp-block-paragraph\">&nbsp;Respecto a los nuevos infectados<strong>&nbsp;202 residen en Santa Rosa, 101 en General Pico, 24 en Eduardo Castex, 23 en 25 de Mayo, 15 en Realico,13 en Victorica, 13 en Catril\u00f3,12 en Tel\u00e9n, 11 en Toay, 10 en Macach\u00edn, 10 en Caleuf\u00fa, 9 en Intendente Alvear,9 en Anguil, 8 en Santa Isabel, 7 en Miguel Riglos, 7 en Parera,6 en Guatrach\u00e9, 6 en Bernardo Larroud\u00e9, 6 en Bernasconi, 5 en Quem\u00fa Quem\u00fa, 5 en La Adela, 4 en Jacinto Arauz,3 en General Acha, 3 en Ingeniero Luiggi, 3 en Colonia Bar\u00f3n, 3 en Embajador Martini, 3 en La Maruja, 2 en Doblas, 2 en Conhello, 2 en Vertiz, 2 en Villa Mirasol, 2 en Anchorena, 2 en Sarah, 2 en Loventuel, 2 en Metileo, 2 en Puelches,1 en Alpachiri, 1 en Alta Italia,1 en Uriburu,1 en Arata,1 en Speluzzi,1 en Miguel Can\u00e9 y 1 en Chacharramendi.<\/strong><\/p>\n\n\n\n<p class=\"wp-block-paragraph\">De las 1.709 muestras analizadas en toda la provincia 1.223 fueron por test r\u00e1pidos y 486 por PCR.\u00a0<strong>El \u00edndice de positividad, que mide la evoluci\u00f3n de los contagios fue del 31,94%, apenas unas d\u00e9cimas respecto al d\u00eda anterior y lejos de los picos del inicio de la semana<\/strong>.<\/p>\n\n\n\n<p class=\"wp-block-paragraph\"><strong>Fuente: eldiariodelapampa.com.ar<\/strong><\/p>\n","protected":false},"excerpt":{"rendered":"<p>De las 1.709 muestras analizadas en toda la provincia 1.223 fueron por test r\u00e1pidos y 486 por PCR<\/p>\n","protected":false},"author":2,"featured_media":65618,"comment_status":"closed","ping_status":"open","sticky":false,"template":"","format":"standard","meta":{"footnotes":""},"categories":[40],"tags":[1785],"class_list":["post-78896","post","type-post","status-publish","format-standard","has-post-thumbnail","hentry","category-inferior1","tag-coronavirus"],"featured_image_urls":{"full":["https:\/\/infoecos.com.ar\/wp-content\/uploads\/5e92ef0d35853_1004x565.jpg",1004,565,false],"thumbnail":["https:\/\/infoecos.com.ar\/wp-content\/uploads\/5e92ef0d35853_1004x565-150x150.jpg",150,150,true],"medium":["https:\/\/infoecos.com.ar\/wp-content\/uploads\/5e92ef0d35853_1004x565-460x259.jpg",460,259,true],"medium_large":["https:\/\/infoecos.com.ar\/wp-content\/uploads\/5e92ef0d35853_1004x565-768x432.jpg",640,360,true],"large":["https:\/\/infoecos.com.ar\/wp-content\/uploads\/5e92ef0d35853_1004x565-920x518.jpg",640,360,true],"1536x1536":["https:\/\/infoecos.com.ar\/wp-content\/uploads\/5e92ef0d35853_1004x565.jpg",1004,565,false],"2048x2048":["https:\/\/infoecos.com.ar\/wp-content\/uploads\/5e92ef0d35853_1004x565.jpg",1004,565,false],"covernews-slider-full":["https:\/\/infoecos.com.ar\/wp-content\/uploads\/5e92ef0d35853_1004x565.jpg",1004,565,false],"covernews-slider-center":["https:\/\/infoecos.com.ar\/wp-content\/uploads\/5e92ef0d35853_1004x565-936x565.jpg",800,483,true],"covernews-featured":["https:\/\/infoecos.com.ar\/wp-content\/uploads\/5e92ef0d35853_1004x565.jpg",1004,565,false],"covernews-medium":["https:\/\/infoecos.com.ar\/wp-content\/uploads\/5e92ef0d35853_1004x565-720x380.jpg",540,285,true],"covernews-medium-square":["https:\/\/infoecos.com.ar\/wp-content\/uploads\/5e92ef0d35853_1004x565-675x450.jpg",375,250,true]},"author_info":{"info":["Jorge Matheus"]},"category_info":"<a href=\"https:\/\/infoecos.com.ar\/index.php\/category\/inferior1\/\" rel=\"category tag\">Bloque inferior - 1<\/a>","tag_info":"Bloque inferior - 1","comment_count":"0","_links":{"self":[{"href":"https:\/\/infoecos.com.ar\/index.php\/wp-json\/wp\/v2\/posts\/78896","targetHints":{"allow":["GET"]}}],"collection":[{"href":"https:\/\/infoecos.com.ar\/index.php\/wp-json\/wp\/v2\/posts"}],"about":[{"href":"https:\/\/infoecos.com.ar\/index.php\/wp-json\/wp\/v2\/types\/post"}],"author":[{"embeddable":true,"href":"https:\/\/infoecos.com.ar\/index.php\/wp-json\/wp\/v2\/users\/2"}],"replies":[{"embeddable":true,"href":"https:\/\/infoecos.com.ar\/index.php\/wp-json\/wp\/v2\/comments?post=78896"}],"version-history":[{"count":1,"href":"https:\/\/infoecos.com.ar\/index.php\/wp-json\/wp\/v2\/posts\/78896\/revisions"}],"predecessor-version":[{"id":78897,"href":"https:\/\/infoecos.com.ar\/index.php\/wp-json\/wp\/v2\/posts\/78896\/revisions\/78897"}],"wp:featuredmedia":[{"embeddable":true,"href":"https:\/\/infoecos.com.ar\/index.php\/wp-json\/wp\/v2\/media\/65618"}],"wp:attachment":[{"href":"https:\/\/infoecos.com.ar\/index.php\/wp-json\/wp\/v2\/media?parent=78896"}],"wp:term":[{"taxonomy":"category","embeddable":true,"href":"https:\/\/infoecos.com.ar\/index.php\/wp-json\/wp\/v2\/categories?post=78896"},{"taxonomy":"post_tag","embeddable":true,"href":"https:\/\/infoecos.com.ar\/index.php\/wp-json\/wp\/v2\/tags?post=78896"}],"curies":[{"name":"wp","href":"https:\/\/api.w.org\/{rel}","templated":true}]}}